{"id":172047,"date":"2025-05-20T19:54:32","date_gmt":"2025-05-20T22:54:32","guid":{"rendered":"https:\/\/cdnoticias.com\/?p=172047"},"modified":"2025-05-20T19:54:33","modified_gmt":"2025-05-20T22:54:33","slug":"kicillof-se-reunio-con-empresarios-mineros-y-reafirmo-su-respaldo-a-la-industria-bonaerense","status":"publish","type":"post","link":"https:\/\/cdnoticias.com\/index.php\/2025\/05\/20\/kicillof-se-reunio-con-empresarios-mineros-y-reafirmo-su-respaldo-a-la-industria-bonaerense\/","title":{"rendered":"Kicillof se reuni\u00f3 con empresarios mineros y reafirm\u00f3 su respaldo a la industria bonaerense"},"content":{"rendered":"\n<p>El gobernador particip\u00f3 de la exposici\u00f3n internacional ArMinera y destac\u00f3 la importancia de sostener la producci\u00f3n frente al ajuste nacional. La Provincia present\u00f3 un stand con 40 empresas de 18 municipios.<\/p>\n\n\n\n<hr class=\"wp-block-separator aligncenter has-alpha-channel-opacity\"\/>\n\n\n\n<p>El gobernador de la provincia de Buenos Aires<strong>, Axel Kicillof, encabez\u00f3 este martes un encuentro con empresarios y representantes del sector minero, en el marco de la exposici\u00f3n internacional ArMinera.<\/strong> La actividad tuvo lugar en el predio de La Rural, en la Ciudad de Buenos Aires, y cont\u00f3 con la presencia del ministro de Producci\u00f3n, Ciencia e Innovaci\u00f3n Tecnol\u00f3gica, Augusto Costa, adem\u00e1s de funcionarios del gabinete bonaerense.<\/p>\n\n\n\n<p><em>\u201cDesde el Gobierno bonaerense impulsamos siempre las pol\u00edticas industriales, con planes de desarrollo, cadenas de valor agregado e integraci\u00f3n productiva y regional\u201d<\/em>, remarc\u00f3 Kicillof, y agreg\u00f3: <em><strong>\u201cEn una Provincia que sufre las consecuencias de un Gobierno nacional que apuesta a desindustrializar el pa\u00eds, redoblamos nuestro compromiso para seguir trabajando y poniendo a disposici\u00f3n todas las herramientas que est\u00e9n a nuestro alcance para proteger y apuntalar tanto al sector minero como a toda la actividad\u201d.<\/strong><\/em><\/p>\n\n\n\n<p>Por su parte, Augusto Costa subray\u00f3 la utilidad de este tipo de encuentros para<em> \u201crealizar un diagn\u00f3stico del sector y dise\u00f1ar respuestas concretas\u201d. \u201cEn la Provincia siempre habr\u00e1 un Gobierno que apuesta a la cooperaci\u00f3n, al trabajo federal y a la complementaci\u00f3n productiva para impulsar el desarrollo\u201d, <\/em>sostuvo.<\/p>\n\n\n\n<p>Durante la jornada participaron representantes de c\u00e1maras empresarias como la C\u00e1mara Argentina de Proveedores Mineros (CAPMIN), la C\u00e1mara Argentina de Proveedores de la Industria Petro-Energ\u00e9tica (CAPIPE), el Grupo Argentino de Proveedores Petroleros (GAPP) y la Asociaci\u00f3n de Industriales Metal\u00fargicos (ADIMRA), adem\u00e1s de empresarios de distintos municipios.<\/p>\n\n\n\n<p>La provincia de Buenos Aires participa en ArMinera con un stand propio en el que se presentan 40 empresas provenientes de 18 distritos bonaerenses. La feria estar\u00e1 abierta hasta el jueves 22 de mayo con entrada libre y gratuita.<\/p>\n\n\n\n<p>Tambi\u00e9n estuvieron presentes la jefa de Asesores del Gobernador, Cristina \u00c1lvarez Rodr\u00edguez; el ministro de Gobierno, Carlos Bianco; la subsecretaria de Miner\u00eda, Laura Delgado; la subsecretaria de Industria, Pymes y Cooperativas, Mariela Bembi; y el subsecretario de Desarrollo Comercial y Promoci\u00f3n de Inversiones, Ariel Aguilar.<\/p>\n","protected":false},"excerpt":{"rendered":"<p>El gobernador particip\u00f3 de la exposici\u00f3n internacional ArMinera y destac\u00f3 la importancia de sostener la producci\u00f3n frente al ajuste nacional.<\/p>\n","protected":false},"author":2,"featured_media":172051,"comment_status":"closed","ping_status":"closed","sticky":false,"template":"","format":"standard","meta":{"_jetpack_memberships_contains_paid_content":false,"footnotes":""},"categories":[6,1],"tags":[],"class_list":["post-172047","post","type-post","status-publish","format-standard","has-post-thumbnail","hentry","category-nacionales","category-portada"],"jetpack_featured_media_url":"https:\/\/i0.wp.com\/cdnoticias.com\/wp-content\/uploads\/2025\/05\/DON6939-scaled.jpg?fit=2560%2C1707&ssl=1","jetpack_sharing_enabled":true,"_links":{"self":[{"href":"https:\/\/cdnoticias.com\/index.php\/wp-json\/wp\/v2\/posts\/172047","targetHints":{"allow":["GET"]}}],"collection":[{"href":"https:\/\/cdnoticias.com\/index.php\/wp-json\/wp\/v2\/posts"}],"about":[{"href":"https:\/\/cdnoticias.com\/index.php\/wp-json\/wp\/v2\/types\/post"}],"author":[{"embeddable":true,"href":"https:\/\/cdnoticias.com\/index.php\/wp-json\/wp\/v2\/users\/2"}],"replies":[{"embeddable":true,"href":"https:\/\/cdnoticias.com\/index.php\/wp-json\/wp\/v2\/comments?post=172047"}],"version-history":[{"count":0,"href":"https:\/\/cdnoticias.com\/index.php\/wp-json\/wp\/v2\/posts\/172047\/revisions"}],"wp:featuredmedia":[{"embeddable":true,"href":"https:\/\/cdnoticias.com\/index.php\/wp-json\/wp\/v2\/media\/172051"}],"wp:attachment":[{"href":"https:\/\/cdnoticias.com\/index.php\/wp-json\/wp\/v2\/media?parent=172047"}],"wp:term":[{"taxonomy":"category","embeddable":true,"href":"https:\/\/cdnoticias.com\/index.php\/wp-json\/wp\/v2\/categories?post=172047"},{"taxonomy":"post_tag","embeddable":true,"href":"https:\/\/cdnoticias.com\/index.php\/wp-json\/wp\/v2\/tags?post=172047"}],"curies":[{"name":"wp","href":"https:\/\/api.w.org\/{rel}","templated":true}]}}