{"id":172032,"date":"2025-05-20T19:25:18","date_gmt":"2025-05-20T22:25:18","guid":{"rendered":"https:\/\/cdnoticias.com\/?p=172032"},"modified":"2025-05-20T19:28:17","modified_gmt":"2025-05-20T22:28:17","slug":"endere-realizo-un-pedido-de-informes-sobre-los-fondos-invertidos-en-infraestructura-vial","status":"publish","type":"post","link":"https:\/\/cdnoticias.com\/index.php\/2025\/05\/20\/endere-realizo-un-pedido-de-informes-sobre-los-fondos-invertidos-en-infraestructura-vial\/","title":{"rendered":"Endere realiz\u00f3 un pedido de informes sobre los fondos invertidos en infraestructura vial"},"content":{"rendered":"\n<p>\u201cEl p\u00e9simo estado de las rutas es consecuencia de la falta de inversi\u00f3n y, adem\u00e1s, no hay educaci\u00f3n vial en una Provincia que est\u00e1 atrasada en materia de infraestructura\u201d indic\u00f3 el legislador.<\/p>\n\n\n\n<hr class=\"wp-block-separator aligncenter has-alpha-channel-opacity\"\/>\n\n\n\n<p>El <strong>diputado provincial Mart\u00edn Endere<\/strong> solicit\u00f3 un pedido de informes al gobierno provincial sobre los<strong> montos invertidos correspondientes a los programas de Mejora de Infraestructura y de Seguridad Vial.<\/strong><\/p>\n\n\n\n<p><\/p>\n\n\n\n<blockquote class=\"wp-block-quote is-layout-flow wp-block-quote-is-layout-flow\">\n<p>El mencionado proyecto establece que se informe en qu\u00e9 rutas se han realizado obras de reparaci\u00f3n durante los per\u00edodos 2024 y 2025; cu\u00e1ntos kil\u00f3metros de rutas nuevos se han realizado en el mismo per\u00edodo; montos devengados y los montos pagados de los distintos planes y proyectos.<\/p>\n<\/blockquote>\n\n\n\n<p><\/p>\n\n\n\n<p>Adem\u00e1s, Mart\u00edn Endere indic\u00f3: <strong><em>\u201clos vecinos tienen que saber en cu\u00e1ntos kil\u00f3metros de rutas se han realizado obras de mantenimiento porque es dinero que proviene de, por ejemplo, lo recaudado con las multas de tr\u00e1nsito o de los impuestos provinciales que se abonan en la tarifa de luz o en la Verificaci\u00f3n T\u00e9cnica Vehicular (VTV)\u201d.<\/em><\/strong><\/p>\n\n\n\n<p><\/p>\n\n\n\n<blockquote class=\"wp-block-quote is-layout-flow wp-block-quote-is-layout-flow\">\n<p>\u201cEl p\u00e9simo estado de las rutas es consecuencia de la falta de inversi\u00f3n y, adem\u00e1s, no hay educaci\u00f3n vial en una Provincia que est\u00e1 atrasada en materia de infraestructura\u201d, agreg\u00f3 el legislador olavarriense.<\/p>\n<\/blockquote>\n\n\n\n<p><\/p>\n\n\n\n<p>Finalmente, Mart\u00edn Endere expres\u00f3: \u201cas\u00ed como solicitamos la actualizaci\u00f3n de datos del Observatorio Vial, ahora le pedimos al Ejecutivo que informe la ejecuci\u00f3n de los planes, proyectos y acciones destinados a mejorar la seguridad y reducir la siniestralidad en el territorio provincial\u201d.<\/p>\n","protected":false},"excerpt":{"rendered":"<p>\u201cEl p\u00e9simo estado de las rutas es consecuencia de la falta de inversi\u00f3n y, adem\u00e1s, no hay educaci\u00f3n vial en<\/p>\n","protected":false},"author":6,"featured_media":172033,"comment_status":"closed","ping_status":"closed","sticky":false,"template":"","format":"standard","meta":{"_jetpack_memberships_contains_paid_content":false,"footnotes":""},"categories":[4,1],"tags":[],"class_list":["post-172032","post","type-post","status-publish","format-standard","has-post-thumbnail","hentry","category-politica","category-portada"],"jetpack_featured_media_url":"https:\/\/i0.wp.com\/cdnoticias.com\/wp-content\/uploads\/2025\/05\/endere-martin.jpg?fit=900%2C605&ssl=1","jetpack_sharing_enabled":true,"_links":{"self":[{"href":"https:\/\/cdnoticias.com\/index.php\/wp-json\/wp\/v2\/posts\/172032","targetHints":{"allow":["GET"]}}],"collection":[{"href":"https:\/\/cdnoticias.com\/index.php\/wp-json\/wp\/v2\/posts"}],"about":[{"href":"https:\/\/cdnoticias.com\/index.php\/wp-json\/wp\/v2\/types\/post"}],"author":[{"embeddable":true,"href":"https:\/\/cdnoticias.com\/index.php\/wp-json\/wp\/v2\/users\/6"}],"replies":[{"embeddable":true,"href":"https:\/\/cdnoticias.com\/index.php\/wp-json\/wp\/v2\/comments?post=172032"}],"version-history":[{"count":0,"href":"https:\/\/cdnoticias.com\/index.php\/wp-json\/wp\/v2\/posts\/172032\/revisions"}],"wp:featuredmedia":[{"embeddable":true,"href":"https:\/\/cdnoticias.com\/index.php\/wp-json\/wp\/v2\/media\/172033"}],"wp:attachment":[{"href":"https:\/\/cdnoticias.com\/index.php\/wp-json\/wp\/v2\/media?parent=172032"}],"wp:term":[{"taxonomy":"category","embeddable":true,"href":"https:\/\/cdnoticias.com\/index.php\/wp-json\/wp\/v2\/categories?post=172032"},{"taxonomy":"post_tag","embeddable":true,"href":"https:\/\/cdnoticias.com\/index.php\/wp-json\/wp\/v2\/tags?post=172032"}],"curies":[{"name":"wp","href":"https:\/\/api.w.org\/{rel}","templated":true}]}}