{"id":172027,"date":"2025-05-20T20:08:56","date_gmt":"2025-05-20T23:08:56","guid":{"rendered":"https:\/\/cdnoticias.com\/?p=172027"},"modified":"2025-05-20T20:08:58","modified_gmt":"2025-05-20T23:08:58","slug":"la-kermesse-redonda-festeja-10-anos-en-olavarria","status":"publish","type":"post","link":"https:\/\/cdnoticias.com\/index.php\/2025\/05\/20\/la-kermesse-redonda-festeja-10-anos-en-olavarria\/","title":{"rendered":"La Kermesse redonda festeja 10 a\u00f1os en Olavarr\u00eda"},"content":{"rendered":"\n<p>El show ser\u00e1 el s\u00e1bado 21 de junio en el espacio Complejo Norte. Entradas a la venta.&nbsp;<\/p>\n\n\n\n<hr class=\"wp-block-separator aligncenter has-alpha-channel-opacity\"\/>\n\n\n\n<p>Desde 2015 La Kermesse contin\u00faa encendiendo la m\u00edstica de la mano de Los Decoradores, banda conformada por los <strong>hist\u00f3ricos integrantes de Patricio Rey y sus Redonditos de Ricota<\/strong>:<strong> \u201cSemilla\u201d Bucciarelli, Sergio Dawi, Tito Fargo y Hern\u00e1n Aramberri.<\/strong><\/p>\n\n\n\n<p><\/p>\n\n\n\n<p>Capturando la esencia del esp\u00edritu redondo, dan un merecido homenaje a su p\u00fablico. Tras 10 a\u00f1os llenos de shows memorables en diferentes ciudades de Argentina y Uruguay, Los Decoradores <strong>est\u00e1n listos para ofrecer una experiencia musical <\/strong>que no solo marca el festejo y agradecimiento por el camino recorrido, sino que tambi\u00e9n <strong>actualiza la m\u00edstica y el esp\u00edritu de una de las bandas m\u00e1s importantes de la historia de rock nacional.<\/strong><\/p>\n\n\n\n<p><\/p>\n\n\n\n<blockquote class=\"wp-block-quote is-layout-flow wp-block-quote-is-layout-flow\">\n<p>Ahora, la banda anunci\u00f3 su regreso a Olavarr\u00eda el pr\u00f3ximo s\u00e1bado 21 de junio en el espacio Complejo Norte. Las entradas a la venta est\u00e1n por sistema Articket.\u00a0<\/p>\n<\/blockquote>\n\n\n\n<p><\/p>\n\n\n\n<figure class=\"wp-block-image aligncenter size-full\"><img data-recalc-dims=\"1\" loading=\"lazy\" decoding=\"async\" width=\"800\" height=\"533\" src=\"https:\/\/i0.wp.com\/cdnoticias.com\/wp-content\/uploads\/2025\/05\/lakermesse-redonda.jpg?resize=800%2C533&#038;ssl=1\" alt=\"\" class=\"wp-image-172029\" srcset=\"https:\/\/i0.wp.com\/cdnoticias.com\/wp-content\/uploads\/2025\/05\/lakermesse-redonda.jpg?w=900&amp;ssl=1 900w, https:\/\/i0.wp.com\/cdnoticias.com\/wp-content\/uploads\/2025\/05\/lakermesse-redonda.jpg?resize=300%2C200&amp;ssl=1 300w, https:\/\/i0.wp.com\/cdnoticias.com\/wp-content\/uploads\/2025\/05\/lakermesse-redonda.jpg?resize=768%2C512&amp;ssl=1 768w, https:\/\/i0.wp.com\/cdnoticias.com\/wp-content\/uploads\/2025\/05\/lakermesse-redonda.jpg?resize=272%2C182&amp;ssl=1 272w\" sizes=\"auto, (max-width: 800px) 100vw, 800px\" \/><\/figure>\n\n\n\n<p><\/p>\n\n\n\n<p>Tras participar en un <strong>festival a beneficio por Enrique Symns en 2015, <\/strong>surge la fusi\u00f3n de dos proyectos distintos con una historia en com\u00fan: SemiDawi -conformado por el bajista \u201cSemilla\u201d Buciarelli y el saxofonista Sergio Dawi- y The Comando Pickless -la banda liderada por el baterista Walter Sidoti.\u00a0A ellos se sum\u00f3 tambi\u00e9n el guitarrista Tito Fargo, tejiendo as\u00ed un v\u00ednculo indisoluble con el legado de Patricio Rey y sus Redonditos de Ricota.<\/p>\n\n\n\n<p><\/p>\n\n\n\n<blockquote class=\"wp-block-quote is-layout-flow wp-block-quote-is-layout-flow\">\n<p>En 2017, bautizados inicialmente como \u201cKermesse Redonda\u201d, comenzaron a recorrer los escenarios nacionales, reviviendo los himnos de la legendaria banda platense y evocando el esp\u00edritu de Patricio Rey.<\/p>\n<\/blockquote>\n\n\n\n<p><\/p>\n\n\n\n<p>Ese a\u00f1o tambi\u00e9n marc\u00f3 el ingreso del baterista y productor<strong> Hern\u00e1n Aramberri,<\/strong> quien fue parte de Patricio Rey en sus \u00faltimos discos y luego de Indio Solari y los Fundamentalistas del Aire Acondicionado, y que reemplaz\u00f3 a Sidoti tras su partida por proyectos personales.<\/p>\n\n\n\n<p><\/p>\n\n\n\n<p>Con el correr de las presentaciones,<strong> la banda pas\u00f3 a llamarse definitivamente La Kermesse de Los Decoradores.<\/strong> Hasta hoy realizaron m\u00e1s de un centenar de shows en diferentes ciudades de Argentina y de Uruguay, incluyendo el Estadio Obras al aire libre con una convocatoria multitudinaria, y festivales como el Cosqu\u00edn Rock.<\/p>\n\n\n\n<p><\/p>\n\n\n\n<blockquote class=\"wp-block-quote is-layout-flow wp-block-quote-is-layout-flow\">\n<p>La formaci\u00f3n se enriqueci\u00f3 no solo con sus miembros fundacionales sino tambi\u00e9n con la colaboraci\u00f3n de otros m\u00fasicos con pasado redondo como Lito Vitale, El Soldado, los saxofonistas Willy Crook y Gonzo Palacios, el baterista Juan \u201cPiojo\u201d \u00c1balos y el guitarrista Gabriel \u201cConejo\u201d Jolivet.\u00a0<\/p>\n<\/blockquote>\n\n\n\n<p><\/p>\n\n\n\n<p>Adem\u00e1s, se sumaron otros artistas de diversos g\u00e9neros como Mavi D\u00edaz (Viuda e Hijas de Roque Enroll), Lula Bertoldi (Eruca Sativa), Walter Meza (Horcas), Alejandro Kurz (El Bordo), Julieta Laso y Chino Laborde (Orquesta T\u00edpica Fern\u00e1ndez Fierro), entre otros, creando un puente musical entre generaciones.<\/p>\n\n\n\n<p><\/p>\n\n\n\n<p>Actualmente la formaci\u00f3n incluye como miembros estables a Sergio Dawi (saxo), Tito Fargo (guitarra), \u201cSemilla\u201d Bucciarelli (bajo), Hern\u00e1n Aramberri (bater\u00eda), Jorge Cabrera (voz), Oscar Kamienomosky (2da. guitarra) y Mariano Pirato (teclado y voz).<\/p>\n","protected":false},"excerpt":{"rendered":"<p>El show ser\u00e1 el s\u00e1bado 21 de junio en el espacio Complejo Norte. Entradas a la venta.&nbsp; Desde 2015 La<\/p>\n","protected":false},"author":6,"featured_media":172028,"comment_status":"closed","ping_status":"closed","sticky":false,"template":"","format":"standard","meta":{"_jetpack_memberships_contains_paid_content":false,"footnotes":""},"categories":[9,1],"tags":[],"class_list":["post-172027","post","type-post","status-publish","format-standard","has-post-thumbnail","hentry","category-cultura","category-portada"],"jetpack_featured_media_url":"https:\/\/i0.wp.com\/cdnoticias.com\/wp-content\/uploads\/2025\/05\/lakermesse-redonda1.jpg?fit=900%2C642&ssl=1","jetpack_sharing_enabled":true,"_links":{"self":[{"href":"https:\/\/cdnoticias.com\/index.php\/wp-json\/wp\/v2\/posts\/172027","targetHints":{"allow":["GET"]}}],"collection":[{"href":"https:\/\/cdnoticias.com\/index.php\/wp-json\/wp\/v2\/posts"}],"about":[{"href":"https:\/\/cdnoticias.com\/index.php\/wp-json\/wp\/v2\/types\/post"}],"author":[{"embeddable":true,"href":"https:\/\/cdnoticias.com\/index.php\/wp-json\/wp\/v2\/users\/6"}],"replies":[{"embeddable":true,"href":"https:\/\/cdnoticias.com\/index.php\/wp-json\/wp\/v2\/comments?post=172027"}],"version-history":[{"count":0,"href":"https:\/\/cdnoticias.com\/index.php\/wp-json\/wp\/v2\/posts\/172027\/revisions"}],"wp:featuredmedia":[{"embeddable":true,"href":"https:\/\/cdnoticias.com\/index.php\/wp-json\/wp\/v2\/media\/172028"}],"wp:attachment":[{"href":"https:\/\/cdnoticias.com\/index.php\/wp-json\/wp\/v2\/media?parent=172027"}],"wp:term":[{"taxonomy":"category","embeddable":true,"href":"https:\/\/cdnoticias.com\/index.php\/wp-json\/wp\/v2\/categories?post=172027"},{"taxonomy":"post_tag","embeddable":true,"href":"https:\/\/cdnoticias.com\/index.php\/wp-json\/wp\/v2\/tags?post=172027"}],"curies":[{"name":"wp","href":"https:\/\/api.w.org\/{rel}","templated":true}]}}