{"id":172024,"date":"2025-05-20T18:00:26","date_gmt":"2025-05-20T21:00:26","guid":{"rendered":"https:\/\/cdnoticias.com\/?p=172024"},"modified":"2025-05-20T18:00:28","modified_gmt":"2025-05-20T21:00:28","slug":"farmacias-habilitan-cursos-para-que-personas-desocupadas-se-incorporen-al-sector","status":"publish","type":"post","link":"https:\/\/cdnoticias.com\/index.php\/2025\/05\/20\/farmacias-habilitan-cursos-para-que-personas-desocupadas-se-incorporen-al-sector\/","title":{"rendered":"Farmacias: habilitan cursos para que personas desocupadas se incorporen al sector"},"content":{"rendered":"\n<p>Se trata de cuatro opciones intensivas que se pueden realizar de forma virtual con m\u00faltiples opciones en d\u00edas y horarios de cursado.<\/p>\n\n\n\n<hr class=\"wp-block-separator aligncenter has-alpha-channel-opacity\"\/>\n\n\n\n<p>La <strong>Federaci\u00f3n Argentina de C\u00e1maras de Farmacias<\/strong> (Facaf) abri\u00f3 una<strong> serie de capacitaciones para que personas desocupadas se incorporen al sector.\u00a0<\/strong><\/p>\n\n\n\n<p><\/p>\n\n\n\n<p>Se trata de <strong>cuatro cursos intensivos<\/strong>, que estar\u00e1n <strong>habilitados a partir de junio,<\/strong> que estar\u00e1n a cargo del Centro Integral de Estudios Farmac\u00e9uticos (CIEF) y que abarcar\u00e1n diferentes tem\u00e1ticas sobre la actividad para ofrecer a <strong>personas que se encuentran sin trabajo el acceso a la actividad farmac\u00e9utica.\u00a0\u00a0<\/strong>\u00a0<\/p>\n\n\n\n<p><\/p>\n\n\n\n<blockquote class=\"wp-block-quote is-layout-flow wp-block-quote-is-layout-flow\">\n<p>\u201cEl principal objetivo es dotar a los interesados de las habilidades y los conocimientos necesarios para una integraci\u00f3n laboral exitosa en el sector farmac\u00e9utico\u201d, explic\u00f3 C\u00e9sar Bardal, Director Ejecutivo de la Facaf.<\/p>\n<\/blockquote>\n\n\n\n<p><\/p>\n\n\n\n<p>Las tem\u00e1ticas de las capacitaciones son: \u201c<strong>Inducci\u00f3n al Trabajo en Farmacia\u201d, \u201cAtenci\u00f3n al Paciente-Cliente\u201d, \u201cFarmacia Cl\u00ednica y Asistencial\u201d y \u201cExcel Avanzado y Visualizaci\u00f3n de Datos\u201d.<\/strong><\/p>\n\n\n\n<p><\/p>\n\n\n\n<p>En su mayor\u00eda se dictar\u00e1n bajo la <strong>modalidad online<\/strong>, a trav\u00e9s del Campus Virtual del Centro Integral de Estudios Farmac\u00e9uticos (CIEF), con m\u00faltiples opciones en d\u00edas y horarios de cursado que <strong>se adaptar\u00e1n a las disponibilidades de cada cursante.<\/strong><\/p>\n\n\n\n<p><\/p>\n\n\n\n<blockquote class=\"wp-block-quote is-layout-flow wp-block-quote-is-layout-flow\">\n<p>Desde el CIEF agregaron que en la Federaci\u00f3n siempre hubo una prioridad en \u201cformar recursos humanos y certificar sus habilidades y conocimientos y en este caso queremos que sea tambi\u00e9n una herramienta para quienes se encuentran desocupados\u201d.\u00a0<\/p>\n<\/blockquote>\n\n\n\n<p><\/p>\n\n\n\n<p>Recientemente fue habilitada una \u201cBase de Datos de Personas Capacitadas\u201d que pueda ser consultada por los 5.000 asociados a la FACAF de todo el pa\u00eds, en casos de b\u00fasqueda de personal con conocimientos espec\u00edficos sobre las diferentes acciones que se manejan dentro de las farmacias.<\/p>\n\n\n\n<p><\/p>\n\n\n\n<p>El programa contempla, adem\u00e1s, un <strong>acompa\u00f1amiento personalizado en la b\u00fasqueda laboral <\/strong>hasta su incorporaci\u00f3n efectiva en el sector farmac\u00e9utico. Para ello, se realizaron Talleres de Empleabilidad para fortalecer la incorporaci\u00f3n laboral efectiva.<\/p>\n\n\n\n<p><\/p>\n\n\n\n<p>Como complemento de todas las actividades que realizan en conjunto la FACAF y el CIEF, se firm\u00f3 convenio con la Secretar\u00eda de Trabajo de la Naci\u00f3n para gestionar y facilitarle a las farmacias el acceso a programas como Cr\u00e9dito Fiscal, ETP y PIL con recupero de inversi\u00f3n y beneficios fiscales para formaci\u00f3n e inserci\u00f3n laboral.<\/p>\n\n\n\n<p><\/p>\n\n\n\n<h2 class=\"wp-block-heading\"><strong>Los cursos<\/strong><\/h2>\n\n\n\n<ul class=\"wp-block-list\">\n<li><strong>TRABAJO EN FARMACIA. Inicia: 3\/6\/2025<\/strong><\/li>\n<\/ul>\n\n\n\n<p><strong>Destinatarios: Personas desocupadas. Requisitos: Mayor de 18 a\u00f1os. Estar interesado en el rubro.<\/strong><\/p>\n\n\n\n<p>Programa:<\/p>\n\n\n\n<ul class=\"wp-block-list\">\n<li>Inducci\u00f3n al Trabajo en Farmacias<\/li>\n\n\n\n<li>La Farmacia y el Sistema de Salud<\/li>\n\n\n\n<li>Receta M\u00e9dica y Roles Profesionales<\/li>\n\n\n\n<li>Medicamentos: Conceptos Generales y Clasificaci\u00f3n<\/li>\n\n\n\n<li>Formas Farmac\u00e9uticas y V\u00edas de Administraci\u00f3n I<\/li>\n\n\n\n<li>V\u00edas de Administraci\u00f3n II y Envases Farmac\u00e9uticos<\/li>\n\n\n\n<li>Legislaci\u00f3n Farmac\u00e9utica<\/li>\n\n\n\n<li>Antimicrobianos, Vacunas y Sueros<\/li>\n\n\n\n<li>Farmacocin\u00e9tica y Farmacodinamia<\/li>\n\n\n\n<li>Reacciones Adversas e Interacciones Medicamentosas<\/li>\n<\/ul>\n\n\n\n<ul class=\"wp-block-list\">\n<li><strong>ATENCI\u00d3N AL PACIENTE-CLIENTE. Inicia: 4\/6\/2025<\/strong><\/li>\n<\/ul>\n\n\n\n<p><strong>Destinatarios: Personas Desocupadas. Requisitos: Mayor de 18. Interesado\/as en el rubro farmacia.<\/strong><\/p>\n\n\n\n<p>Programa:<\/p>\n\n\n\n<ul class=\"wp-block-list\">\n<li>La Farmacia como Centro de Salud y la Atenci\u00f3n al Paciente<\/li>\n\n\n\n<li>Habilidades de Comunicaci\u00f3n Efectiva<\/li>\n\n\n\n<li>Atenci\u00f3n Farmac\u00e9utica Centrada en el Paciente<\/li>\n\n\n\n<li>Dispensaci\u00f3n de Medicamentos<\/li>\n\n\n\n<li>Gesti\u00f3n de la Calidad en la Atenci\u00f3n al Paciente<\/li>\n<\/ul>\n\n\n\n<ul class=\"wp-block-list\">\n<li><strong>FARMACIA CL\u00cdNICA Y ASISTENCIAL. Inicia: 3\/6\/2025. Destinatarios: Personas Desocupadas<\/strong><\/li>\n<\/ul>\n\n\n\n<p><strong>Requisitos: Mayor de 18 a\u00f1os. Haber cursado y aprobado \u00abInducci\u00f3n al Trabajo en Farmacia\u00bb.<\/strong><\/p>\n\n\n\n<p>Programa:<\/p>\n\n\n\n<ul class=\"wp-block-list\">\n<li>Farmacia cl\u00ednica y atenci\u00f3n farmac\u00e9utica: definiciones y funciones.<\/li>\n\n\n\n<li>Reacciones adversas a medicamentos.<\/li>\n\n\n\n<li>El asistente en farmacia frente a la paciente con dolor.<\/li>\n\n\n\n<li>Tratamientos no opi\u00e1ceos del dolor.<\/li>\n\n\n\n<li>Tratamientos opi\u00e1ceos del dolor.<\/li>\n\n\n\n<li>Enfermedades relacionadas con el dolor.<\/li>\n\n\n\n<li>El asistente en farmacia frente al paciente con patolog\u00edas gastrointestinales.<\/li>\n\n\n\n<li>El asistente en farmacia frente pacientes con afecciones en la piel.<\/li>\n\n\n\n<li>El asistente en farmacia frente a pacientes con s\u00edntomas al\u00e9rgicos.<\/li>\n\n\n\n<li>El asistente en farmacia frente pacientes con asma bronquial y rinitis al\u00e9rgica.<\/li>\n\n\n\n<li>El asistente en farmacia frente a afecciones de consulta habitual en mostrador.<\/li>\n<\/ul>\n\n\n\n<p><strong>Por consultas e inscripci\u00f3n comunicarse a trav\u00e9s de la cuenta de Instagram @cief.facaf.<\/strong><\/p>\n\n\n\n<p><\/p>\n","protected":false},"excerpt":{"rendered":"<p>Se trata de cuatro opciones intensivas que se pueden realizar de forma virtual con m\u00faltiples opciones en d\u00edas y horarios<\/p>\n","protected":false},"author":6,"featured_media":172026,"comment_status":"closed","ping_status":"closed","sticky":false,"template":"","format":"standard","meta":{"_jetpack_memberships_contains_paid_content":false,"footnotes":""},"categories":[6,1],"tags":[],"class_list":["post-172024","post","type-post","status-publish","format-standard","has-post-thumbnail","hentry","category-nacionales","category-portada"],"jetpack_featured_media_url":"https:\/\/i0.wp.com\/cdnoticias.com\/wp-content\/uploads\/2025\/05\/FACAF-cursos-desempleados-696x417-1.jpg?fit=696%2C417&ssl=1","jetpack_sharing_enabled":true,"_links":{"self":[{"href":"https:\/\/cdnoticias.com\/index.php\/wp-json\/wp\/v2\/posts\/172024","targetHints":{"allow":["GET"]}}],"collection":[{"href":"https:\/\/cdnoticias.com\/index.php\/wp-json\/wp\/v2\/posts"}],"about":[{"href":"https:\/\/cdnoticias.com\/index.php\/wp-json\/wp\/v2\/types\/post"}],"author":[{"embeddable":true,"href":"https:\/\/cdnoticias.com\/index.php\/wp-json\/wp\/v2\/users\/6"}],"replies":[{"embeddable":true,"href":"https:\/\/cdnoticias.com\/index.php\/wp-json\/wp\/v2\/comments?post=172024"}],"version-history":[{"count":0,"href":"https:\/\/cdnoticias.com\/index.php\/wp-json\/wp\/v2\/posts\/172024\/revisions"}],"wp:featuredmedia":[{"embeddable":true,"href":"https:\/\/cdnoticias.com\/index.php\/wp-json\/wp\/v2\/media\/172026"}],"wp:attachment":[{"href":"https:\/\/cdnoticias.com\/index.php\/wp-json\/wp\/v2\/media?parent=172024"}],"wp:term":[{"taxonomy":"category","embeddable":true,"href":"https:\/\/cdnoticias.com\/index.php\/wp-json\/wp\/v2\/categories?post=172024"},{"taxonomy":"post_tag","embeddable":true,"href":"https:\/\/cdnoticias.com\/index.php\/wp-json\/wp\/v2\/tags?post=172024"}],"curies":[{"name":"wp","href":"https:\/\/api.w.org\/{rel}","templated":true}]}}