{"id":172022,"date":"2025-05-24T11:26:48","date_gmt":"2025-05-24T14:26:48","guid":{"rendered":"https:\/\/cdnoticias.com\/?p=172022"},"modified":"2025-05-24T11:26:50","modified_gmt":"2025-05-24T14:26:50","slug":"charla-en-coopelectric-lo-esencial-es-invisible-a-los-ojos","status":"publish","type":"post","link":"https:\/\/cdnoticias.com\/index.php\/2025\/05\/24\/charla-en-coopelectric-lo-esencial-es-invisible-a-los-ojos\/","title":{"rendered":"Charla en Coopelectric: lo esencial es invisible a los ojos\u00a0"},"content":{"rendered":"\n<p>Ser\u00e1 dictada por el Sr. Daniel Brisioli, el jueves 29 de mayo a las 19:00 horas. Entrada libre y gratuita.&nbsp;<\/p>\n\n\n\n<hr class=\"wp-block-separator aligncenter has-alpha-channel-opacity\"\/>\n\n\n\n<p>En el marco del <strong>\u201cCiclo de Charlas 2025\u201d <\/strong>de Coopelectric, se invita a la comunidad a participar de la charla: \u201c<strong>Lo esencial es invisible a los ojos\u201d.\u00a0<\/strong><\/p>\n\n\n\n<p><\/p>\n\n\n\n<blockquote class=\"wp-block-quote is-layout-flow wp-block-quote-is-layout-flow\">\n<p>Ser\u00e1 dictada por el Sr. Daniel Brisioli, el jueves 29 de mayo a las 19:00 horas en el Sal\u00f3n Audit\u00f3rium de Coopelectric, Belgrano 2850, con entrada libre y gratuita.<\/p>\n<\/blockquote>\n\n\n\n<p><\/p>\n\n\n\n<p>Seg\u00fan el Instituto Nacional de Estad\u00edsticas y Censos (Indec)<strong>, 900.000 personas tienen alg\u00fan grado de discapacidad visual en Argentina<\/strong>, el 96,4 % de ellas manifest\u00f3 tener &#8220;<strong>mucha dificultad para ver&#8221;<\/strong> y el 3,6 % restante indic\u00f3 que <strong>&#8220;no puede ver nada&#8221;<\/strong>.\u00a0<\/p>\n\n\n\n<p><\/p>\n\n\n\n<p>La ceguera consiste en la p\u00e9rdida total o parcial del sentido de la vista, lo que afecta la forma en que se percibe el mundo y se interact\u00faa con \u00e9l.\u00a0Implica desaf\u00edos respecto de la movilidad, el aprendizaje, la lectura, la escritura, la vinculaci\u00f3n social y la vida en general. Asimismo, implica conocimiento t\u00e9cnico para aprender a desplazarse, red de contenci\u00f3n, establecimientos educativos especializados en ceguera y capacitaci\u00f3n para tener una vida independiente y aut\u00f3noma.<\/p>\n\n\n\n<p><\/p>\n\n\n\n<p>Al mismo tiempo, constituye una oportunidad para desarrollar otros sentidos y habilidades que permitan a las personas ciegas tener una vida plena. <strong>A los 12 a\u00f1os, Daniel Brisioli qued\u00f3 ciego <\/strong>producto de una enfermedad iniciada por el impacto de una piedra en uno de sus ojos, ocurrido mientras terceros realizaban un corte de pasto en el Club Racing de Olavarr\u00eda. \u00c9l estaba sentado en un banco frente al Arroyo, cuando recibi\u00f3 la lesi\u00f3n ocular que cambiar\u00eda su vida para siempre.<\/p>\n\n\n\n<p><\/p>\n\n\n\n<blockquote class=\"wp-block-quote is-layout-flow wp-block-quote-is-layout-flow\">\n<p>Creci\u00f3 en el seno de una familia amorosa que se adapt\u00f3, lo acompa\u00f1\u00f3 y le brind\u00f3 las herramientas necesarias para poder desarrollarse en la vida. Estudi\u00f3, se gradu\u00f3 con honores como abogado y hace 35 a\u00f1os se desempe\u00f1a en Coopelectric.<\/p>\n<\/blockquote>\n\n\n\n<p><\/p>\n\n\n\n<p>En este espacio, Daniel Brisioli abordar\u00e1 su propia historia de vida, las caracter\u00edsticas de la ceguera, los prejuicios, los nuevos desaf\u00edos a los que debi\u00f3 enfrentarse junto a su familia, su desarrollo personal y profesional; en definitiva, se referir\u00e1 a la capacidad de resiliencia y la motivaci\u00f3n que le han permitido alcanzar distintos prop\u00f3sitos en su vida. Esta charla no s\u00f3lo hablar\u00e1 de la ceguera, sino que se constituir\u00e1 como un espacio de reflexi\u00f3n y en un mensaje esperanzador.<\/p>\n\n\n\n<p><\/p>\n","protected":false},"excerpt":{"rendered":"<p>Ser\u00e1 dictada por el Sr. Daniel Brisioli, el jueves 29 de mayo a las 19:00 horas. Entrada libre y gratuita.&nbsp;<\/p>\n","protected":false},"author":6,"featured_media":134488,"comment_status":"closed","ping_status":"closed","sticky":false,"template":"","format":"standard","meta":{"_jetpack_memberships_contains_paid_content":false,"footnotes":""},"categories":[5,1],"tags":[],"class_list":["post-172022","post","type-post","status-publish","format-standard","has-post-thumbnail","hentry","category-informacion-general","category-portada"],"jetpack_featured_media_url":"https:\/\/i0.wp.com\/cdnoticias.com\/wp-content\/uploads\/2025\/01\/coopelectric-fachada-03.jpg?fit=1000%2C563&ssl=1","jetpack_sharing_enabled":true,"_links":{"self":[{"href":"https:\/\/cdnoticias.com\/index.php\/wp-json\/wp\/v2\/posts\/172022","targetHints":{"allow":["GET"]}}],"collection":[{"href":"https:\/\/cdnoticias.com\/index.php\/wp-json\/wp\/v2\/posts"}],"about":[{"href":"https:\/\/cdnoticias.com\/index.php\/wp-json\/wp\/v2\/types\/post"}],"author":[{"embeddable":true,"href":"https:\/\/cdnoticias.com\/index.php\/wp-json\/wp\/v2\/users\/6"}],"replies":[{"embeddable":true,"href":"https:\/\/cdnoticias.com\/index.php\/wp-json\/wp\/v2\/comments?post=172022"}],"version-history":[{"count":0,"href":"https:\/\/cdnoticias.com\/index.php\/wp-json\/wp\/v2\/posts\/172022\/revisions"}],"wp:featuredmedia":[{"embeddable":true,"href":"https:\/\/cdnoticias.com\/index.php\/wp-json\/wp\/v2\/media\/134488"}],"wp:attachment":[{"href":"https:\/\/cdnoticias.com\/index.php\/wp-json\/wp\/v2\/media?parent=172022"}],"wp:term":[{"taxonomy":"category","embeddable":true,"href":"https:\/\/cdnoticias.com\/index.php\/wp-json\/wp\/v2\/categories?post=172022"},{"taxonomy":"post_tag","embeddable":true,"href":"https:\/\/cdnoticias.com\/index.php\/wp-json\/wp\/v2\/tags?post=172022"}],"curies":[{"name":"wp","href":"https:\/\/api.w.org\/{rel}","templated":true}]}}