{"id":172009,"date":"2025-05-21T08:27:08","date_gmt":"2025-05-21T11:27:08","guid":{"rendered":"https:\/\/cdnoticias.com\/?p=172009"},"modified":"2025-05-21T10:46:03","modified_gmt":"2025-05-21T13:46:03","slug":"trabajos-de-limpieza-y-mantenimiento-en-el-barrio-el-progreso","status":"publish","type":"post","link":"https:\/\/cdnoticias.com\/index.php\/2025\/05\/21\/trabajos-de-limpieza-y-mantenimiento-en-el-barrio-el-progreso\/","title":{"rendered":"Trabajos de limpieza y mantenimiento en el barrio El Progreso"},"content":{"rendered":"\n<p>Se llev\u00f3 a cabo la limpieza de basurales a cielo abierto en distintos lotes y terrenos de ese sector de la ciudad. De manera paralela, tambi\u00e9n se realiz\u00f3 la nivelaci\u00f3n y mejora de distintas calles.<\/p>\n\n\n\n<hr class=\"wp-block-separator aligncenter has-alpha-channel-opacity\"\/>\n\n\n\n<p>En la jornada de este martes se llevaron a cabo diversas <strong>tareas de limpieza y mantenimiento<\/strong> en el<strong> barrio El Progreso.<\/strong><\/p>\n\n\n\n<p><\/p>\n\n\n\n<p>De acuerdo con lo que se detall\u00f3 desde la Secretar\u00eda de Obras, Infraestructura y Servicios P\u00fablicos, <strong>se llev\u00f3 a cabo la limpieza de basurales a cielo abierto en distintos lotes y terrenos de ese sector de la ciudad.<\/strong> De manera paralela, tambi\u00e9n se realiz\u00f3 la <strong>nivelaci\u00f3n y mejora de distintas calles.<\/strong><\/p>\n\n\n\n<p><\/p>\n\n\n\n<figure class=\"wp-block-image aligncenter size-full\"><img data-recalc-dims=\"1\" loading=\"lazy\" decoding=\"async\" width=\"800\" height=\"429\" src=\"https:\/\/i0.wp.com\/cdnoticias.com\/wp-content\/uploads\/2025\/05\/tareas-mantenimiento-barrio-el.progreso.png?resize=800%2C429&#038;ssl=1\" alt=\"\" class=\"wp-image-172011\" srcset=\"https:\/\/i0.wp.com\/cdnoticias.com\/wp-content\/uploads\/2025\/05\/tareas-mantenimiento-barrio-el.progreso.png?w=893&amp;ssl=1 893w, https:\/\/i0.wp.com\/cdnoticias.com\/wp-content\/uploads\/2025\/05\/tareas-mantenimiento-barrio-el.progreso.png?resize=300%2C161&amp;ssl=1 300w, https:\/\/i0.wp.com\/cdnoticias.com\/wp-content\/uploads\/2025\/05\/tareas-mantenimiento-barrio-el.progreso.png?resize=768%2C412&amp;ssl=1 768w\" sizes=\"auto, (max-width: 800px) 100vw, 800px\" \/><\/figure>\n\n\n\n<p><\/p>\n\n\n\n<blockquote class=\"wp-block-quote is-layout-flow wp-block-quote-is-layout-flow\">\n<p>Los trabajos se realizaron entre las calles 7 y 9, entre avenida Sarmiento y Rep\u00fablica del L\u00edbano.<\/p>\n<\/blockquote>\n\n\n\n<p><\/p>\n\n\n\n<p>Se cont\u00f3 con el trabajo articulado de una motoniveladora, una pala cargado y tres caminos. A la par, de manera complementaria, personal municipal llev\u00f3 a cabo la limpieza de cordones cuneta.<\/p>\n\n\n\n<p><\/p>\n","protected":false},"excerpt":{"rendered":"<p>Se llev\u00f3 a cabo la limpieza de basurales a cielo abierto en distintos lotes y terrenos de ese sector de<\/p>\n","protected":false},"author":6,"featured_media":172010,"comment_status":"closed","ping_status":"closed","sticky":false,"template":"","format":"standard","meta":{"_jetpack_memberships_contains_paid_content":false,"footnotes":""},"categories":[5,1],"tags":[],"class_list":["post-172009","post","type-post","status-publish","format-standard","has-post-thumbnail","hentry","category-informacion-general","category-portada"],"jetpack_featured_media_url":"https:\/\/i0.wp.com\/cdnoticias.com\/wp-content\/uploads\/2025\/05\/tareas-mantenimiento-barrio-el.progreso1.png?fit=881%2C517&ssl=1","jetpack_sharing_enabled":true,"_links":{"self":[{"href":"https:\/\/cdnoticias.com\/index.php\/wp-json\/wp\/v2\/posts\/172009","targetHints":{"allow":["GET"]}}],"collection":[{"href":"https:\/\/cdnoticias.com\/index.php\/wp-json\/wp\/v2\/posts"}],"about":[{"href":"https:\/\/cdnoticias.com\/index.php\/wp-json\/wp\/v2\/types\/post"}],"author":[{"embeddable":true,"href":"https:\/\/cdnoticias.com\/index.php\/wp-json\/wp\/v2\/users\/6"}],"replies":[{"embeddable":true,"href":"https:\/\/cdnoticias.com\/index.php\/wp-json\/wp\/v2\/comments?post=172009"}],"version-history":[{"count":0,"href":"https:\/\/cdnoticias.com\/index.php\/wp-json\/wp\/v2\/posts\/172009\/revisions"}],"wp:featuredmedia":[{"embeddable":true,"href":"https:\/\/cdnoticias.com\/index.php\/wp-json\/wp\/v2\/media\/172010"}],"wp:attachment":[{"href":"https:\/\/cdnoticias.com\/index.php\/wp-json\/wp\/v2\/media?parent=172009"}],"wp:term":[{"taxonomy":"category","embeddable":true,"href":"https:\/\/cdnoticias.com\/index.php\/wp-json\/wp\/v2\/categories?post=172009"},{"taxonomy":"post_tag","embeddable":true,"href":"https:\/\/cdnoticias.com\/index.php\/wp-json\/wp\/v2\/tags?post=172009"}],"curies":[{"name":"wp","href":"https:\/\/api.w.org\/{rel}","templated":true}]}}