{"id":171994,"date":"2025-05-20T11:12:12","date_gmt":"2025-05-20T14:12:12","guid":{"rendered":"https:\/\/cdnoticias.com\/?p=171994"},"modified":"2025-05-20T16:30:29","modified_gmt":"2025-05-20T19:30:29","slug":"no-tenemos-nada-que-nos-indique-que-va-a-ser-un-invierno-crudo","status":"publish","type":"post","link":"https:\/\/cdnoticias.com\/index.php\/2025\/05\/20\/no-tenemos-nada-que-nos-indique-que-va-a-ser-un-invierno-crudo\/","title":{"rendered":"\u201cNo tenemos nada que nos indique que va a ser un invierno crudo\u201d"},"content":{"rendered":"\n<p>As\u00ed lo indic\u00f3 el meteor\u00f3logo Lucas Berengua ante la llegada de los primeros fr\u00edos. El impacto de fen\u00f3menos extremos como las lluvias que afectaron al norte de la provincia y la importancia de las alertas meteorol\u00f3gicas.<\/p>\n\n\n\n<hr class=\"wp-block-separator has-alpha-channel-opacity\"\/>\n\n\n\n<p>Luego de temperaturas m\u00e1s agradables, el frio pareci\u00f3 instalarse definitivamente en la ciudad promediando el mes de mayo.<strong> \u201cSe sinti\u00f3 de golpe porque fue el primer pulso de aire fr\u00edo intenso de este oto\u00f1o que realmente gener\u00f3 un contraste fuerte\u201d<\/strong>, asegur\u00f3 el <strong>meteor\u00f3logo Lucas Berengua.<\/strong><\/p>\n\n\n\n<p><\/p>\n\n\n\n<p>En di\u00e1logo con el programa<strong> Levantate por Radio Sapiens (FM 102.7) <\/strong>indic\u00f3 que el oto\u00f1o \u201cse atras\u00f3 un poquito pero no deja de ser oto\u00f1o porque las temperaturas estuvieron dentro del rango esperado\u201d.<\/p>\n\n\n\n<p><\/p>\n\n\n\n<p>En ese sentido, se\u00f1al\u00f3 que \u201cno tuvimos grandes calores durante mayo, pero tampoco grandes fr\u00edos\u201d por lo que \u201cquedamos en una situaci\u00f3n un poquito por encima de la meda. <strong>Ahora cuando entran estos primeros frentes fr\u00edos, ya no hay fuerza en el ambiente del norte para volver hacia atr\u00e1s<\/strong>. Es lo que de alguna manera marca un poco el inicio del invierno\u201d.<\/p>\n\n\n\n<p><\/p>\n\n\n\n<blockquote class=\"wp-block-quote is-layout-flow wp-block-quote-is-layout-flow\">\n<p>Por otra parte, fue contundente al explicar que \u201cel Servicio Meteorol\u00f3gico en ning\u00fan momento habl\u00f3 de inviernos crudos ni de un invierno m\u00e1s c\u00e1lido normal. En las \u00faltimas tendencias clim\u00e1ticas que se han publicado el 1 de mayo, la temperatura en casi toda la provincia de Buenos Aires tiene una tendencia a ser normal o levemente superior a la normal y las lluvias completamente normales\u201d.<\/p>\n<\/blockquote>\n\n\n\n<p><\/p>\n\n\n\n<p>\u201cHay personas que hacen interpretaciones de mapas o de resultados que ven y salen a hablar como si eh fueran Nostradamus. La realidad es que ac\u00e1 oficialmente <strong>no tenemos absolutamente nada que nos indique que va a ser un invierno crudo<\/strong>, como tampoco hab\u00eda nada que dijera que iban a llover 400 mm en dos d\u00edas en el norte de la provincia de Buenos Aires\u201d, asegur\u00f3.<\/p>\n\n\n\n<p><\/p>\n\n\n\n<figure class=\"wp-block-image size-full\"><img data-recalc-dims=\"1\" loading=\"lazy\" decoding=\"async\" width=\"800\" height=\"445\" src=\"https:\/\/i0.wp.com\/cdnoticias.com\/wp-content\/uploads\/2025\/05\/niebla-lluvia-01.jpg?resize=800%2C445&#038;ssl=1\" alt=\"\" class=\"wp-image-171678\" srcset=\"https:\/\/i0.wp.com\/cdnoticias.com\/wp-content\/uploads\/2025\/05\/niebla-lluvia-01.jpg?w=1000&amp;ssl=1 1000w, https:\/\/i0.wp.com\/cdnoticias.com\/wp-content\/uploads\/2025\/05\/niebla-lluvia-01.jpg?resize=300%2C167&amp;ssl=1 300w, https:\/\/i0.wp.com\/cdnoticias.com\/wp-content\/uploads\/2025\/05\/niebla-lluvia-01.jpg?resize=768%2C427&amp;ssl=1 768w, https:\/\/i0.wp.com\/cdnoticias.com\/wp-content\/uploads\/2025\/05\/niebla-lluvia-01.jpg?resize=800%2C445&amp;ssl=1 800w\" sizes=\"auto, (max-width: 800px) 100vw, 800px\" \/><\/figure>\n\n\n\n<p><\/p>\n\n\n\n<p><strong>Lluvias en la provincia<\/strong><\/p>\n\n\n\n<p><\/p>\n\n\n\n<p><a href=\"https:\/\/cdnoticias.com\/index.php\/2025\/05\/18\/tormentas-el-dia-despues-desaparecidos-y-casi-3-mil-evacuados-en-21-municipios\/\" data-type=\"link\" data-id=\"https:\/\/cdnoticias.com\/index.php\/2025\/05\/18\/tormentas-el-dia-despues-desaparecidos-y-casi-3-mil-evacuados-en-21-municipios\/\">\u201cHay una situaci\u00f3n de emergencia o desastre en el norte de la provincia de Buenos Aires\u201d,<\/a> indic\u00f3 Berengua y describi\u00f3 que \u201ctal vez en el medio las elecciones de Buenos Aires quitaron la noticia de los portales, pero la situaci\u00f3n es realmente grav\u00edsima. <strong>Llovieron 500 mm en 4 d\u00edas, hay m\u00e1s de 3.000 evacuados, declarados dos muertos, hay personas desaparecidas. Estamos ante una cat\u00e1strofe<\/strong>\u201d.<\/p>\n\n\n\n<p><\/p>\n\n\n\n<p>El profesional asegur\u00f3 que<strong> \u201chay un problema educacional y cultural muy fuerte sobre los fen\u00f3menos naturales que afectan a nuestro pa\u00eds\u201d.<\/strong> Tal es as\u00ed que \u201cnos cost\u00f3 mucho este \u00faltimo fin de semana salir en los medios de comunicaci\u00f3n y pedir que la gente no fuera a las rutas. Hubo que llamar a Gendarmer\u00eda Nacional para decirles que corten las rutas. La gente sal\u00eda igual y de golpe nos encontramos un micro repleto de personas varado en Ruta 9, atrapados en el medio del agua\u201d.<\/p>\n\n\n\n<p><\/p>\n\n\n\n<blockquote class=\"wp-block-quote is-layout-flow wp-block-quote-is-layout-flow\">\n<p>\u201cNo le damos bola a los alertas meteorol\u00f3gicos por ignorancia porque ac\u00e1 no es un tema de errar o no errar\u201d, asegur\u00f3 y explic\u00f3: \u201clos alertas no se hacen para una localidad. Se hacen para un \u00e1rea en la que se van a dar un conjunto de fen\u00f3menos, que si no tom\u00e1s precauciones y te agarran \u2013lo cual es lo menos probable- te pueden quitar la vida\u201d.<\/p>\n<\/blockquote>\n\n\n\n<p><\/p>\n\n\n\n<p><strong>\u201cPretenden que vos digas: \u2018hay alerta ya va a llover entre tal hora y tal hora\u2019. No funciona as\u00ed\u201d,<\/strong> concluy\u00f3 Berengua.<\/p>\n","protected":false},"excerpt":{"rendered":"<p>As\u00ed lo indic\u00f3 el meteor\u00f3logo Lucas Berengua ante la llegada de los primeros fr\u00edos. El impacto de fen\u00f3menos extremos como<\/p>\n","protected":false},"author":5,"featured_media":112596,"comment_status":"closed","ping_status":"closed","sticky":false,"template":"","format":"standard","meta":{"_jetpack_memberships_contains_paid_content":false,"footnotes":""},"categories":[5,1],"tags":[],"class_list":["post-171994","post","type-post","status-publish","format-standard","has-post-thumbnail","hentry","category-informacion-general","category-portada"],"jetpack_featured_media_url":"https:\/\/i0.wp.com\/cdnoticias.com\/wp-content\/uploads\/2024\/03\/lucas-berengua1.jpg?fit=1000%2C556&ssl=1","jetpack_sharing_enabled":true,"_links":{"self":[{"href":"https:\/\/cdnoticias.com\/index.php\/wp-json\/wp\/v2\/posts\/171994","targetHints":{"allow":["GET"]}}],"collection":[{"href":"https:\/\/cdnoticias.com\/index.php\/wp-json\/wp\/v2\/posts"}],"about":[{"href":"https:\/\/cdnoticias.com\/index.php\/wp-json\/wp\/v2\/types\/post"}],"author":[{"embeddable":true,"href":"https:\/\/cdnoticias.com\/index.php\/wp-json\/wp\/v2\/users\/5"}],"replies":[{"embeddable":true,"href":"https:\/\/cdnoticias.com\/index.php\/wp-json\/wp\/v2\/comments?post=171994"}],"version-history":[{"count":0,"href":"https:\/\/cdnoticias.com\/index.php\/wp-json\/wp\/v2\/posts\/171994\/revisions"}],"wp:featuredmedia":[{"embeddable":true,"href":"https:\/\/cdnoticias.com\/index.php\/wp-json\/wp\/v2\/media\/112596"}],"wp:attachment":[{"href":"https:\/\/cdnoticias.com\/index.php\/wp-json\/wp\/v2\/media?parent=171994"}],"wp:term":[{"taxonomy":"category","embeddable":true,"href":"https:\/\/cdnoticias.com\/index.php\/wp-json\/wp\/v2\/categories?post=171994"},{"taxonomy":"post_tag","embeddable":true,"href":"https:\/\/cdnoticias.com\/index.php\/wp-json\/wp\/v2\/tags?post=171994"}],"curies":[{"name":"wp","href":"https:\/\/api.w.org\/{rel}","templated":true}]}}