{"id":17199,"date":"2021-03-26T13:28:48","date_gmt":"2021-03-26T16:28:48","guid":{"rendered":"http:\/\/www.centraldenoticias.com.ar\/?p=17199"},"modified":"2021-03-26T16:42:23","modified_gmt":"2021-03-26T19:42:23","slug":"compromiso-para-el-tratamiento-responsable-de-las-situaciones-de-violencia-de-genero","status":"publish","type":"post","link":"https:\/\/cdnoticias.com\/index.php\/2021\/03\/26\/compromiso-para-el-tratamiento-responsable-de-las-situaciones-de-violencia-de-genero\/","title":{"rendered":"Compromiso para el tratamiento responsable de las situaciones de violencia de g\u00e9nero"},"content":{"rendered":"<p>Es un acta acuerdo que firmaron 16 medios de Olavarr\u00eda y que se present\u00f3 con autoridades municipales, judiciales y una representante de Ni Una Menos. La adhesi\u00f3n de Central de Noticias.<!--more--><\/p>\n<hr \/>\n<p><strong>Con la adhesi\u00f3n de 16 medios de nuestra ciudad, entre ellos Central de Noticias, este viernes se firm\u00f3 un acta acuerdo impulsada por la Mesa Local contra la Violencia Familiar y de G\u00e9nero para el tratamiento informativo responsable de las situaciones de violencia de g\u00e9nero<\/strong>.<\/p>\n<p>&nbsp;<\/p>\n<p>Se llev\u00f3 adelante<strong> un acto en el Centro Cultural Municipal \u201cSan Jos\u00e9\u201d<\/strong> donde estuvo el intendente Ezequiel Galli. Lo acompa\u00f1aron\u00a0el secretario de Desarrollo Humano, Diego Robbiani, la directora de Pol\u00edticas de G\u00e9nero, Florencia Ju\u00e1rez; el juez de Familia Santiago Arrondo, el ayudante fiscal del \u00e1rea especializada en Delitos Sexuales, Jos\u00e9 Iturralde; y la integrante de la Mesa y representante de Ni Una Menos Olavarr\u00eda, Eugenia Iturralde.<\/p>\n<p>&nbsp;<\/p>\n<p><img data-recalc-dims=\"1\" loading=\"lazy\" decoding=\"async\" class=\"aligncenter wp-image-17214 size-large\" src=\"https:\/\/i0.wp.com\/cdnoticias.com\/wp-content\/uploads\/2021\/03\/IMG-20210326-WA0039.jpg?resize=800%2C534&#038;ssl=1\" alt=\"\" width=\"800\" height=\"534\" srcset=\"https:\/\/i0.wp.com\/cdnoticias.com\/wp-content\/uploads\/2021\/03\/IMG-20210326-WA0039.jpg?resize=1024%2C683&amp;ssl=1 1024w, https:\/\/i0.wp.com\/cdnoticias.com\/wp-content\/uploads\/2021\/03\/IMG-20210326-WA0039.jpg?resize=300%2C200&amp;ssl=1 300w, https:\/\/i0.wp.com\/cdnoticias.com\/wp-content\/uploads\/2021\/03\/IMG-20210326-WA0039.jpg?resize=768%2C512&amp;ssl=1 768w, https:\/\/i0.wp.com\/cdnoticias.com\/wp-content\/uploads\/2021\/03\/IMG-20210326-WA0039.jpg?resize=272%2C182&amp;ssl=1 272w, https:\/\/i0.wp.com\/cdnoticias.com\/wp-content\/uploads\/2021\/03\/IMG-20210326-WA0039.jpg?w=1152&amp;ssl=1 1152w\" sizes=\"auto, (max-width: 800px) 100vw, 800px\" \/><\/p>\n<p>&nbsp;<\/p>\n<blockquote><p>Los representantes de los medios locales acompa\u00f1aron el acto y al cierre firmaron el acta que implic\u00f3 acordar pautas para una \u201cestrategia comunicacional en casos de violencia\u201d. Por Central de Noticias estuvo una de las fundadoras, Yesica Guevara.<\/p><\/blockquote>\n<p>&nbsp;<\/p>\n<p>Centralmente el acuerdo consisti\u00f3 en<strong> actualizar acerca de la legislaci\u00f3n vigente<\/strong> en la materia, marcos de abordaje recomendados y ofrecer actualizaci\u00f3n y capacitaci\u00f3n permanente.<\/p>\n<p>&nbsp;<\/p>\n<p><img data-recalc-dims=\"1\" loading=\"lazy\" decoding=\"async\" class=\"aligncenter wp-image-17215 size-large\" src=\"https:\/\/i0.wp.com\/cdnoticias.com\/wp-content\/uploads\/2021\/03\/IMG-20210326-WA0036.jpg?resize=800%2C534&#038;ssl=1\" alt=\"\" width=\"800\" height=\"534\" srcset=\"https:\/\/i0.wp.com\/cdnoticias.com\/wp-content\/uploads\/2021\/03\/IMG-20210326-WA0036.jpg?resize=1024%2C683&amp;ssl=1 1024w, https:\/\/i0.wp.com\/cdnoticias.com\/wp-content\/uploads\/2021\/03\/IMG-20210326-WA0036.jpg?resize=300%2C200&amp;ssl=1 300w, https:\/\/i0.wp.com\/cdnoticias.com\/wp-content\/uploads\/2021\/03\/IMG-20210326-WA0036.jpg?resize=768%2C512&amp;ssl=1 768w, https:\/\/i0.wp.com\/cdnoticias.com\/wp-content\/uploads\/2021\/03\/IMG-20210326-WA0036.jpg?resize=272%2C182&amp;ssl=1 272w, https:\/\/i0.wp.com\/cdnoticias.com\/wp-content\/uploads\/2021\/03\/IMG-20210326-WA0036.jpg?w=1152&amp;ssl=1 1152w\" sizes=\"auto, (max-width: 800px) 100vw, 800px\" \/><\/p>\n<p>&nbsp;<\/p>\n<p>La apertura de la exposiciones estuvo a cargo de <strong>Ju\u00e1rez<\/strong> quien cont\u00f3 el origen de la propuesta surgi\u00f3 <strong>\u201cdesde observar varias publicaciones que vulneraban los derechos de las personas\u201d<\/strong>\u00a0especialmente mujeres, personas LGTTBIQ+, ni\u00f1os, ni\u00f1as, adolescentes.<\/p>\n<p>&nbsp;<\/p>\n<p>La funcionaria resalt\u00f3 que la Mesa Local est\u00e1 a disposici\u00f3n <strong>\u201cpara todos los medios ante el tratamiento responsable sobre hechos de violencia de g\u00e9nero, familiar y ni\u00f1ez y adolescencia\u201d<\/strong> y aprovech\u00f3 la ocasi\u00f3n para convocar \u201ca trabajadoras de medios de comunicaci\u00f3n\u201d.<\/p>\n<p><img data-recalc-dims=\"1\" loading=\"lazy\" decoding=\"async\" class=\"aligncenter wp-image-17216 size-large\" src=\"https:\/\/i0.wp.com\/cdnoticias.com\/wp-content\/uploads\/2021\/03\/IMG-20210326-WA0021.jpg?resize=800%2C534&#038;ssl=1\" alt=\"\" width=\"800\" height=\"534\" srcset=\"https:\/\/i0.wp.com\/cdnoticias.com\/wp-content\/uploads\/2021\/03\/IMG-20210326-WA0021.jpg?resize=1024%2C683&amp;ssl=1 1024w, https:\/\/i0.wp.com\/cdnoticias.com\/wp-content\/uploads\/2021\/03\/IMG-20210326-WA0021.jpg?resize=300%2C200&amp;ssl=1 300w, https:\/\/i0.wp.com\/cdnoticias.com\/wp-content\/uploads\/2021\/03\/IMG-20210326-WA0021.jpg?resize=768%2C512&amp;ssl=1 768w, https:\/\/i0.wp.com\/cdnoticias.com\/wp-content\/uploads\/2021\/03\/IMG-20210326-WA0021.jpg?resize=272%2C182&amp;ssl=1 272w, https:\/\/i0.wp.com\/cdnoticias.com\/wp-content\/uploads\/2021\/03\/IMG-20210326-WA0021.jpg?w=1152&amp;ssl=1 1152w\" sizes=\"auto, (max-width: 800px) 100vw, 800px\" \/><\/p>\n<p>&nbsp;<\/p>\n<blockquote><p>\u201cEntendemos que era importante la firma de un acta acuerdo que expresara la mejora del acceso a la informaci\u00f3n\u201d subray\u00f3 la directora de Pol\u00edticas de G\u00e9nero.<\/p><\/blockquote>\n<p>&nbsp;<\/p>\n<p>Por su lado, <strong>el juez Arrondo<\/strong> hizo referencia a los derechos de las personas vulneradas, a los derechos de ni\u00f1os, ni\u00f1as y adolescentes y a la labor del juzgado que encabeza, al tiempo que adelant\u00f3 que<strong> el 12 de abril comenzar\u00e1 a funcionar el Juzgado de Familia N.\u00ba 2<\/strong>.<\/p>\n<p>&nbsp;<\/p>\n<p><img data-recalc-dims=\"1\" loading=\"lazy\" decoding=\"async\" class=\"aligncenter wp-image-17217 size-large\" src=\"https:\/\/i0.wp.com\/cdnoticias.com\/wp-content\/uploads\/2021\/03\/IMG-20210326-WA0022.jpg?resize=800%2C534&#038;ssl=1\" alt=\"\" width=\"800\" height=\"534\" srcset=\"https:\/\/i0.wp.com\/cdnoticias.com\/wp-content\/uploads\/2021\/03\/IMG-20210326-WA0022.jpg?resize=1024%2C683&amp;ssl=1 1024w, https:\/\/i0.wp.com\/cdnoticias.com\/wp-content\/uploads\/2021\/03\/IMG-20210326-WA0022.jpg?resize=300%2C200&amp;ssl=1 300w, https:\/\/i0.wp.com\/cdnoticias.com\/wp-content\/uploads\/2021\/03\/IMG-20210326-WA0022.jpg?resize=768%2C512&amp;ssl=1 768w, https:\/\/i0.wp.com\/cdnoticias.com\/wp-content\/uploads\/2021\/03\/IMG-20210326-WA0022.jpg?resize=272%2C182&amp;ssl=1 272w, https:\/\/i0.wp.com\/cdnoticias.com\/wp-content\/uploads\/2021\/03\/IMG-20210326-WA0022.jpg?w=1152&amp;ssl=1 1152w\" sizes=\"auto, (max-width: 800px) 100vw, 800px\" \/><\/p>\n<p>&nbsp;<\/p>\n<blockquote><p>As\u00ed dio a conocer en enero de 2021 ingresaron m\u00e1s de 150 denuncias por violencia familiar y de g\u00e9nero y que en febrero esa cifra escal\u00f3 a 183 denuncias. Asimismo, hizo hincapi\u00e9 en le celeridad del tratamiento al se\u00f1alar que todas las denuncias que se reciben tienen respuesta promedio de 24 horas.<\/p><\/blockquote>\n<p>&nbsp;<\/p>\n<p>En ese marco, Santiago Arrondo valor\u00f3 <strong>el trabajo \u201cinter e intradisciplinario\u201d<\/strong> con el Municipio, Casa Popular Valeria, el taller de masculinidades, entre otros organismos. Remarc\u00f3 con ellos \u201clos recursos de Olavarr\u00eda\u201d y apunt\u00f3 a que no todos los municipios vecinos cuentan con tal variedad de herramientas y apoyos.<\/p>\n<p>&nbsp;<\/p>\n<p><img data-recalc-dims=\"1\" loading=\"lazy\" decoding=\"async\" class=\"aligncenter wp-image-17218 size-large\" src=\"https:\/\/i0.wp.com\/cdnoticias.com\/wp-content\/uploads\/2021\/03\/IMG-20210326-WA0023.jpg?resize=800%2C532&#038;ssl=1\" alt=\"\" width=\"800\" height=\"532\" srcset=\"https:\/\/i0.wp.com\/cdnoticias.com\/wp-content\/uploads\/2021\/03\/IMG-20210326-WA0023.jpg?resize=1024%2C681&amp;ssl=1 1024w, https:\/\/i0.wp.com\/cdnoticias.com\/wp-content\/uploads\/2021\/03\/IMG-20210326-WA0023.jpg?resize=300%2C199&amp;ssl=1 300w, https:\/\/i0.wp.com\/cdnoticias.com\/wp-content\/uploads\/2021\/03\/IMG-20210326-WA0023.jpg?resize=768%2C511&amp;ssl=1 768w, https:\/\/i0.wp.com\/cdnoticias.com\/wp-content\/uploads\/2021\/03\/IMG-20210326-WA0023.jpg?resize=272%2C182&amp;ssl=1 272w, https:\/\/i0.wp.com\/cdnoticias.com\/wp-content\/uploads\/2021\/03\/IMG-20210326-WA0023.jpg?w=1280&amp;ssl=1 1280w\" sizes=\"auto, (max-width: 800px) 100vw, 800px\" \/><\/p>\n<p>&nbsp;<\/p>\n<p>Por su lado, <strong>Jos\u00e9 Iturralde<\/strong> hizo hincapi\u00e9 en el contenido de la Ley 14.442 que regula el accionar del Ministerio P\u00fablico con previsiones sobre la comunicaci\u00f3n, la privacidad y la seguridad de las personas.<\/p>\n<p>&nbsp;<\/p>\n<p>Con ello busc\u00f3 explicar la \u201cinformaci\u00f3n acotada\u201d que se brinda durante el avance de los procesos de investigaci\u00f3n. <strong>\u201cSomos muy cautelosos porque es un proceso en construcci\u00f3n y por respeto a las personas\u201d<\/strong>.<\/p>\n<p>&nbsp;<\/p>\n<p><img data-recalc-dims=\"1\" loading=\"lazy\" decoding=\"async\" class=\"aligncenter wp-image-17219 size-large\" src=\"https:\/\/i0.wp.com\/cdnoticias.com\/wp-content\/uploads\/2021\/03\/IMG-20210326-WA0025.jpg?resize=800%2C534&#038;ssl=1\" alt=\"\" width=\"800\" height=\"534\" srcset=\"https:\/\/i0.wp.com\/cdnoticias.com\/wp-content\/uploads\/2021\/03\/IMG-20210326-WA0025.jpg?resize=1024%2C683&amp;ssl=1 1024w, https:\/\/i0.wp.com\/cdnoticias.com\/wp-content\/uploads\/2021\/03\/IMG-20210326-WA0025.jpg?resize=300%2C200&amp;ssl=1 300w, https:\/\/i0.wp.com\/cdnoticias.com\/wp-content\/uploads\/2021\/03\/IMG-20210326-WA0025.jpg?resize=768%2C512&amp;ssl=1 768w, https:\/\/i0.wp.com\/cdnoticias.com\/wp-content\/uploads\/2021\/03\/IMG-20210326-WA0025.jpg?resize=272%2C182&amp;ssl=1 272w, https:\/\/i0.wp.com\/cdnoticias.com\/wp-content\/uploads\/2021\/03\/IMG-20210326-WA0025.jpg?w=1152&amp;ssl=1 1152w\" sizes=\"auto, (max-width: 800px) 100vw, 800px\" \/><\/p>\n<p>&nbsp;<\/p>\n<p>Se refiri\u00f3 al contenido del acta acuerdo que plante\u00f3 <strong>\u201cun periodismo m\u00e1s responsable, \u00e9tico y respetuoso de los derechos humanos\u201d,<\/strong> con eje en el \u201crespeto de la privacidad y de la intimidad\u201d, y tambi\u00e9n en los derechos de la ni\u00f1ez.<\/p>\n<p>&nbsp;<\/p>\n<p>El cierre de las exposiciones ante de pasar a la firma fue del <strong>intendente Galli<\/strong> quien agradeci\u00f3 \u201ceste trabajo articulado\u201d y \u201ca los medios\u201d.<\/p>\n<p>&nbsp;<\/p>\n<p><strong>\u201cM\u00e1s que asumir el compromiso es reforzarlo, hay mucha responsabilidad y est\u00e1 bueno para poder repasar lo que venimos haciendo todos y ver c\u00f3mo podemos mejorar\u201d<\/strong> se\u00f1al\u00f3 el jefe comunal quien retom\u00f3 lo sucedido en los \u00faltimos d\u00edas a nivel nacional para considerar que \u201cel caso M qued\u00f3 en evidencia c\u00f3mo se pueden vulnerar derechos\u201d.<\/p>\n<p><img data-recalc-dims=\"1\" loading=\"lazy\" decoding=\"async\" class=\"aligncenter wp-image-17220 size-large\" src=\"https:\/\/i0.wp.com\/cdnoticias.com\/wp-content\/uploads\/2021\/03\/IMG-20210326-WA0034.jpg?resize=800%2C534&#038;ssl=1\" alt=\"\" width=\"800\" height=\"534\" srcset=\"https:\/\/i0.wp.com\/cdnoticias.com\/wp-content\/uploads\/2021\/03\/IMG-20210326-WA0034.jpg?resize=1024%2C683&amp;ssl=1 1024w, https:\/\/i0.wp.com\/cdnoticias.com\/wp-content\/uploads\/2021\/03\/IMG-20210326-WA0034.jpg?resize=300%2C200&amp;ssl=1 300w, https:\/\/i0.wp.com\/cdnoticias.com\/wp-content\/uploads\/2021\/03\/IMG-20210326-WA0034.jpg?resize=768%2C512&amp;ssl=1 768w, https:\/\/i0.wp.com\/cdnoticias.com\/wp-content\/uploads\/2021\/03\/IMG-20210326-WA0034.jpg?resize=272%2C182&amp;ssl=1 272w, https:\/\/i0.wp.com\/cdnoticias.com\/wp-content\/uploads\/2021\/03\/IMG-20210326-WA0034.jpg?w=1114&amp;ssl=1 1114w\" sizes=\"auto, (max-width: 800px) 100vw, 800px\" \/><\/p>\n<p><img data-recalc-dims=\"1\" loading=\"lazy\" decoding=\"async\" class=\"aligncenter wp-image-17221 size-large\" src=\"https:\/\/i0.wp.com\/cdnoticias.com\/wp-content\/uploads\/2021\/03\/IMG-20210326-WA0037.jpg?resize=800%2C534&#038;ssl=1\" alt=\"\" width=\"800\" height=\"534\" srcset=\"https:\/\/i0.wp.com\/cdnoticias.com\/wp-content\/uploads\/2021\/03\/IMG-20210326-WA0037.jpg?resize=1024%2C683&amp;ssl=1 1024w, https:\/\/i0.wp.com\/cdnoticias.com\/wp-content\/uploads\/2021\/03\/IMG-20210326-WA0037.jpg?resize=300%2C200&amp;ssl=1 300w, https:\/\/i0.wp.com\/cdnoticias.com\/wp-content\/uploads\/2021\/03\/IMG-20210326-WA0037.jpg?resize=768%2C512&amp;ssl=1 768w, https:\/\/i0.wp.com\/cdnoticias.com\/wp-content\/uploads\/2021\/03\/IMG-20210326-WA0037.jpg?resize=272%2C182&amp;ssl=1 272w, https:\/\/i0.wp.com\/cdnoticias.com\/wp-content\/uploads\/2021\/03\/IMG-20210326-WA0037.jpg?w=1152&amp;ssl=1 1152w\" sizes=\"auto, (max-width: 800px) 100vw, 800px\" \/><\/p>\n<p><img data-recalc-dims=\"1\" loading=\"lazy\" decoding=\"async\" class=\"aligncenter wp-image-17224 size-large\" src=\"https:\/\/i0.wp.com\/cdnoticias.com\/wp-content\/uploads\/2021\/03\/IMG-20210326-WA0031.jpg?resize=800%2C534&#038;ssl=1\" alt=\"\" width=\"800\" height=\"534\" srcset=\"https:\/\/i0.wp.com\/cdnoticias.com\/wp-content\/uploads\/2021\/03\/IMG-20210326-WA0031.jpg?resize=1024%2C683&amp;ssl=1 1024w, https:\/\/i0.wp.com\/cdnoticias.com\/wp-content\/uploads\/2021\/03\/IMG-20210326-WA0031.jpg?resize=300%2C200&amp;ssl=1 300w, https:\/\/i0.wp.com\/cdnoticias.com\/wp-content\/uploads\/2021\/03\/IMG-20210326-WA0031.jpg?resize=768%2C512&amp;ssl=1 768w, https:\/\/i0.wp.com\/cdnoticias.com\/wp-content\/uploads\/2021\/03\/IMG-20210326-WA0031.jpg?resize=272%2C182&amp;ssl=1 272w, https:\/\/i0.wp.com\/cdnoticias.com\/wp-content\/uploads\/2021\/03\/IMG-20210326-WA0031.jpg?w=1152&amp;ssl=1 1152w\" sizes=\"auto, (max-width: 800px) 100vw, 800px\" \/><\/p>\n","protected":false},"excerpt":{"rendered":"<p>Es un acta acuerdo que firmaron 16 medios de Olavarr\u00eda y que se present\u00f3 con autoridades municipales, judiciales y una<\/p>\n","protected":false},"author":4,"featured_media":17213,"comment_status":"closed","ping_status":"closed","sticky":false,"template":"","format":"standard","meta":{"_jetpack_memberships_contains_paid_content":false,"footnotes":""},"categories":[3,1],"tags":[],"class_list":["post-17199","post","type-post","status-publish","format-standard","has-post-thumbnail","hentry","category-genero","category-portada"],"jetpack_featured_media_url":"https:\/\/i0.wp.com\/cdnoticias.com\/wp-content\/uploads\/2021\/03\/IMG-20210326-WA0041.jpg?fit=1152%2C768&ssl=1","jetpack_sharing_enabled":true,"_links":{"self":[{"href":"https:\/\/cdnoticias.com\/index.php\/wp-json\/wp\/v2\/posts\/17199","targetHints":{"allow":["GET"]}}],"collection":[{"href":"https:\/\/cdnoticias.com\/index.php\/wp-json\/wp\/v2\/posts"}],"about":[{"href":"https:\/\/cdnoticias.com\/index.php\/wp-json\/wp\/v2\/types\/post"}],"author":[{"embeddable":true,"href":"https:\/\/cdnoticias.com\/index.php\/wp-json\/wp\/v2\/users\/4"}],"replies":[{"embeddable":true,"href":"https:\/\/cdnoticias.com\/index.php\/wp-json\/wp\/v2\/comments?post=17199"}],"version-history":[{"count":0,"href":"https:\/\/cdnoticias.com\/index.php\/wp-json\/wp\/v2\/posts\/17199\/revisions"}],"wp:featuredmedia":[{"embeddable":true,"href":"https:\/\/cdnoticias.com\/index.php\/wp-json\/wp\/v2\/media\/17213"}],"wp:attachment":[{"href":"https:\/\/cdnoticias.com\/index.php\/wp-json\/wp\/v2\/media?parent=17199"}],"wp:term":[{"taxonomy":"category","embeddable":true,"href":"https:\/\/cdnoticias.com\/index.php\/wp-json\/wp\/v2\/categories?post=17199"},{"taxonomy":"post_tag","embeddable":true,"href":"https:\/\/cdnoticias.com\/index.php\/wp-json\/wp\/v2\/tags?post=17199"}],"curies":[{"name":"wp","href":"https:\/\/api.w.org\/{rel}","templated":true}]}}