{"id":171901,"date":"2025-05-19T16:06:25","date_gmt":"2025-05-19T19:06:25","guid":{"rendered":"https:\/\/cdnoticias.com\/?p=171901"},"modified":"2025-05-19T17:40:02","modified_gmt":"2025-05-19T20:40:02","slug":"ismael-horacio-erripa-lechuza-q-e-p-d","status":"publish","type":"post","link":"https:\/\/cdnoticias.com\/index.php\/2025\/05\/19\/ismael-horacio-erripa-lechuza-q-e-p-d\/","title":{"rendered":"Ismael Horacio Erripa &#8220;Lechuza&#8221; (Q.E.P.D.)"},"content":{"rendered":"\n<hr class=\"wp-block-separator aligncenter has-alpha-channel-opacity\"\/>\n\n\n\n<p>Falleci\u00f3 en Olavarr\u00eda el 19 de mayo de 2025 a los 81 a\u00f1os. Su esposa Margot Salvaneschi; sus hijos M\u00f3nica, Carlos y Adriana Erripa; sus hijos pol\u00edticos Gustavo Gregorini, Cecira Napole y Carlos De Napoli; sus nietos Alan y Mart\u00edn Gregorini, Ranses De Napoli, Melani y Thiago Erripa; sus nietos pol\u00edticos, bisnietos, hermanos, hermanos pol\u00edticos, sobrinos y dem\u00e1s deudos participan su fallecimiento.<\/p>\n\n\n\n<p>El velatorio se lleva a cabo en Espa\u00f1a 2942, Departamento &#8220;D&#8221;, hasta las 11 hs del martes 20 de mayo. El responso ser\u00e1 en la Capilla Ardiente. Sus restos ser\u00e1n cremados en el Crematorio Pinos de Paz, con d\u00eda y hora a confirmar.<\/p>\n\n\n\n<p>Vecino de Sierra Chica. Nacido en Olavarr\u00eda. Jubilado del Servicio Penitenciario.<br>Servicio adherido a Coopelectric.<\/p>\n","protected":false},"excerpt":{"rendered":"<p>Falleci\u00f3 en Olavarr\u00eda el 19 de mayo de 2025 a los 81 a\u00f1os. Su esposa Margot Salvaneschi; sus hijos M\u00f3nica,<\/p>\n","protected":false},"author":2,"featured_media":100390,"comment_status":"closed","ping_status":"closed","sticky":false,"template":"","format":"standard","meta":{"_jetpack_memberships_contains_paid_content":false,"footnotes":""},"categories":[10],"tags":[],"class_list":["post-171901","post","type-post","status-publish","format-standard","has-post-thumbnail","hentry","category-necrologicas"],"jetpack_featured_media_url":"https:\/\/i0.wp.com\/cdnoticias.com\/wp-content\/uploads\/2023\/10\/necrologicas-390-x-240.jpg?fit=390%2C240&ssl=1","jetpack_sharing_enabled":true,"_links":{"self":[{"href":"https:\/\/cdnoticias.com\/index.php\/wp-json\/wp\/v2\/posts\/171901","targetHints":{"allow":["GET"]}}],"collection":[{"href":"https:\/\/cdnoticias.com\/index.php\/wp-json\/wp\/v2\/posts"}],"about":[{"href":"https:\/\/cdnoticias.com\/index.php\/wp-json\/wp\/v2\/types\/post"}],"author":[{"embeddable":true,"href":"https:\/\/cdnoticias.com\/index.php\/wp-json\/wp\/v2\/users\/2"}],"replies":[{"embeddable":true,"href":"https:\/\/cdnoticias.com\/index.php\/wp-json\/wp\/v2\/comments?post=171901"}],"version-history":[{"count":0,"href":"https:\/\/cdnoticias.com\/index.php\/wp-json\/wp\/v2\/posts\/171901\/revisions"}],"wp:featuredmedia":[{"embeddable":true,"href":"https:\/\/cdnoticias.com\/index.php\/wp-json\/wp\/v2\/media\/100390"}],"wp:attachment":[{"href":"https:\/\/cdnoticias.com\/index.php\/wp-json\/wp\/v2\/media?parent=171901"}],"wp:term":[{"taxonomy":"category","embeddable":true,"href":"https:\/\/cdnoticias.com\/index.php\/wp-json\/wp\/v2\/categories?post=171901"},{"taxonomy":"post_tag","embeddable":true,"href":"https:\/\/cdnoticias.com\/index.php\/wp-json\/wp\/v2\/tags?post=171901"}],"curies":[{"name":"wp","href":"https:\/\/api.w.org\/{rel}","templated":true}]}}