{"id":17189,"date":"2021-03-26T09:26:15","date_gmt":"2021-03-26T12:26:15","guid":{"rendered":"http:\/\/www.centraldenoticias.com.ar\/?p=17189"},"modified":"2021-03-26T11:05:33","modified_gmt":"2021-03-26T14:05:33","slug":"alerta-por-lluvias-para-nuestra-region","status":"publish","type":"post","link":"https:\/\/cdnoticias.com\/index.php\/2021\/03\/26\/alerta-por-lluvias-para-nuestra-region\/","title":{"rendered":"Alerta por lluvias para nuestra regi\u00f3n"},"content":{"rendered":"<p>Lo emiti\u00f3 el Servicio Meteorol\u00f3gico Nacional y rige desde este viernes por la tarde. Se prev\u00e9n valores de precipitaci\u00f3n acumulada entre 30 y 60 mil\u00edmetros. Alcanza a La Madrid y Laprida.<!--more--><\/p>\n<hr \/>\n<p><strong>El Servicio Meteorol\u00f3gico Nacional emiti\u00f3 un alerta por lluvias fuertes<\/strong> para el centro, sur y oeste de la provincia de Buenos Aires que<strong> incluye a Olavarr\u00eda, La Madrid y Laprida<\/strong>.<\/p>\n<p>&nbsp;<\/p>\n<blockquote><p>\u201cEl \u00e1rea ser\u00e1 afectada por lluvias, algunas fuertes. Se prev\u00e9n valores de precipitaci\u00f3n acumulada entre 30 y 60 mil\u00edmetros, pudiendo ser superados localmente\u201d indic\u00f3 el organismo nacional.<\/p><\/blockquote>\n<p><img data-recalc-dims=\"1\" loading=\"lazy\" decoding=\"async\" class=\"aligncenter wp-image-17191 size-full\" src=\"https:\/\/i0.wp.com\/cdnoticias.com\/wp-content\/uploads\/2021\/03\/smn03.jpg?resize=800%2C294&#038;ssl=1\" alt=\"\" width=\"800\" height=\"294\" srcset=\"https:\/\/i0.wp.com\/cdnoticias.com\/wp-content\/uploads\/2021\/03\/smn03.jpg?w=800&amp;ssl=1 800w, https:\/\/i0.wp.com\/cdnoticias.com\/wp-content\/uploads\/2021\/03\/smn03.jpg?resize=300%2C110&amp;ssl=1 300w, https:\/\/i0.wp.com\/cdnoticias.com\/wp-content\/uploads\/2021\/03\/smn03.jpg?resize=768%2C282&amp;ssl=1 768w\" sizes=\"auto, (max-width: 800px) 100vw, 800px\" \/><\/p>\n<p>La previsi\u00f3n indica que las condiciones adversas se mantendr\u00e1n <strong>entre la tarde del viernes y la tarde del s\u00e1bado<\/strong>.<\/p>\n<p>&nbsp;<\/p>\n<p>El Servicio Meteorol\u00f3gico recomend\u00f3 ante el fen\u00f3meno evitar actividades al aire libre y no sacar la basura as\u00ed como retirar objetos que impidan que el agua escurra.<\/p>\n","protected":false},"excerpt":{"rendered":"<p>Lo emiti\u00f3 el Servicio Meteorol\u00f3gico Nacional y rige desde este viernes por la tarde. Se prev\u00e9n valores de precipitaci\u00f3n acumulada<\/p>\n","protected":false},"author":4,"featured_media":17190,"comment_status":"closed","ping_status":"closed","sticky":false,"template":"","format":"standard","meta":{"_jetpack_memberships_contains_paid_content":false,"footnotes":""},"categories":[5,1],"tags":[],"class_list":["post-17189","post","type-post","status-publish","format-standard","has-post-thumbnail","hentry","category-informacion-general","category-portada"],"jetpack_featured_media_url":"https:\/\/i0.wp.com\/cdnoticias.com\/wp-content\/uploads\/2021\/03\/smn02.jpg?fit=800%2C444&ssl=1","jetpack_sharing_enabled":true,"_links":{"self":[{"href":"https:\/\/cdnoticias.com\/index.php\/wp-json\/wp\/v2\/posts\/17189","targetHints":{"allow":["GET"]}}],"collection":[{"href":"https:\/\/cdnoticias.com\/index.php\/wp-json\/wp\/v2\/posts"}],"about":[{"href":"https:\/\/cdnoticias.com\/index.php\/wp-json\/wp\/v2\/types\/post"}],"author":[{"embeddable":true,"href":"https:\/\/cdnoticias.com\/index.php\/wp-json\/wp\/v2\/users\/4"}],"replies":[{"embeddable":true,"href":"https:\/\/cdnoticias.com\/index.php\/wp-json\/wp\/v2\/comments?post=17189"}],"version-history":[{"count":0,"href":"https:\/\/cdnoticias.com\/index.php\/wp-json\/wp\/v2\/posts\/17189\/revisions"}],"wp:featuredmedia":[{"embeddable":true,"href":"https:\/\/cdnoticias.com\/index.php\/wp-json\/wp\/v2\/media\/17190"}],"wp:attachment":[{"href":"https:\/\/cdnoticias.com\/index.php\/wp-json\/wp\/v2\/media?parent=17189"}],"wp:term":[{"taxonomy":"category","embeddable":true,"href":"https:\/\/cdnoticias.com\/index.php\/wp-json\/wp\/v2\/categories?post=17189"},{"taxonomy":"post_tag","embeddable":true,"href":"https:\/\/cdnoticias.com\/index.php\/wp-json\/wp\/v2\/tags?post=17189"}],"curies":[{"name":"wp","href":"https:\/\/api.w.org\/{rel}","templated":true}]}}