{"id":171876,"date":"2025-05-19T12:01:01","date_gmt":"2025-05-19T15:01:01","guid":{"rendered":"https:\/\/cdnoticias.com\/?p=171876"},"modified":"2025-05-19T12:01:03","modified_gmt":"2025-05-19T15:01:03","slug":"luisa-laura-herbel-de-monti-laurita-q-e-p-d","status":"publish","type":"post","link":"https:\/\/cdnoticias.com\/index.php\/2025\/05\/19\/luisa-laura-herbel-de-monti-laurita-q-e-p-d\/","title":{"rendered":"Luisa Laura Herbel de Monti &#8220;Laurita&#8221; (Q.E.P.D.)"},"content":{"rendered":"<p>Falleci\u00f3 en Olavarr\u00eda el d\u00eda 19 de mayo de 2025 a los 82 a\u00f1os de edad.<\/p>\n<p>Su esposo Cesar Monti. Su hija Patricia. Sus hijos pol\u00edticos Carlos y Edith. Sus nietos Marcos, Damaris, Abigail, Roc\u00edo y Victoria; y dem\u00e1s deudos participan su fallecimiento.<\/p>\n<p>Velatorio: Espa\u00f1a 2942, Departamento &#8220;C&#8221;. El velatorio comienza a las 13 horas. Cierra a las 23 horas y reabre el Martes las a las 7:00 horas. Responso: Capilla Ardiente. Inhumaci\u00f3n: Cementerio Loma de Paz, martes 20 de mayo a las 10:30 horas. Servicio adherido a Coopelectric.<\/p>\n<p>Vecina del Barrio Villa Floresta.<\/p>\n<p> Nacida en Ram\u00edrez &#8211; Entre R\u00edos.<\/p>\n<p>Actividad que desarrollaba:  Dedic\u00f3 su vida al servicio del Se\u00f1or, a quien ador\u00f3 hasta su \u00faltimo suspiro.<\/p>\n","protected":false},"excerpt":{"rendered":"<p>Falleci\u00f3 en Olavarr\u00eda el d\u00eda 19 de mayo de 2025 a los 82 a\u00f1os de edad. Su esposo Cesar Monti.<\/p>\n","protected":false},"author":2,"featured_media":51544,"comment_status":"closed","ping_status":"closed","sticky":false,"template":"","format":"standard","meta":{"_jetpack_memberships_contains_paid_content":false,"footnotes":""},"categories":[10],"tags":[],"class_list":["post-171876","post","type-post","status-publish","format-standard","has-post-thumbnail","hentry","category-necrologicas"],"jetpack_featured_media_url":"https:\/\/i0.wp.com\/cdnoticias.com\/wp-content\/uploads\/2022\/04\/necrologicas-390-x-240.jpg?fit=390%2C240&ssl=1","jetpack_sharing_enabled":true,"_links":{"self":[{"href":"https:\/\/cdnoticias.com\/index.php\/wp-json\/wp\/v2\/posts\/171876","targetHints":{"allow":["GET"]}}],"collection":[{"href":"https:\/\/cdnoticias.com\/index.php\/wp-json\/wp\/v2\/posts"}],"about":[{"href":"https:\/\/cdnoticias.com\/index.php\/wp-json\/wp\/v2\/types\/post"}],"author":[{"embeddable":true,"href":"https:\/\/cdnoticias.com\/index.php\/wp-json\/wp\/v2\/users\/2"}],"replies":[{"embeddable":true,"href":"https:\/\/cdnoticias.com\/index.php\/wp-json\/wp\/v2\/comments?post=171876"}],"version-history":[{"count":0,"href":"https:\/\/cdnoticias.com\/index.php\/wp-json\/wp\/v2\/posts\/171876\/revisions"}],"wp:featuredmedia":[{"embeddable":true,"href":"https:\/\/cdnoticias.com\/index.php\/wp-json\/wp\/v2\/media\/51544"}],"wp:attachment":[{"href":"https:\/\/cdnoticias.com\/index.php\/wp-json\/wp\/v2\/media?parent=171876"}],"wp:term":[{"taxonomy":"category","embeddable":true,"href":"https:\/\/cdnoticias.com\/index.php\/wp-json\/wp\/v2\/categories?post=171876"},{"taxonomy":"post_tag","embeddable":true,"href":"https:\/\/cdnoticias.com\/index.php\/wp-json\/wp\/v2\/tags?post=171876"}],"curies":[{"name":"wp","href":"https:\/\/api.w.org\/{rel}","templated":true}]}}