{"id":171869,"date":"2025-05-19T10:43:50","date_gmt":"2025-05-19T13:43:50","guid":{"rendered":"https:\/\/cdnoticias.com\/?p=171869"},"modified":"2025-05-19T10:43:51","modified_gmt":"2025-05-19T13:43:51","slug":"nelida-carmen-rago-viuda-de-real-nata-q-e-p-d","status":"publish","type":"post","link":"https:\/\/cdnoticias.com\/index.php\/2025\/05\/19\/nelida-carmen-rago-viuda-de-real-nata-q-e-p-d\/","title":{"rendered":"N\u00e9lida Carmen Rago viuda de REAL \u201c\u00d1ata\u201d (Q.E.P.D.)"},"content":{"rendered":"<p>Falleci\u00f3 en Olavarr\u00eda el d\u00eda 19 de mayo de 2025 a los 94 a\u00f1os de edad.<\/p>\n<p>Sus hijos Aldo Oscar, Ricardo German y Hugo Alberto Real. Sus hijas pol\u00edticas Lucia Bruno, Mar\u00eda Teresita Schiappadini y Vilma Abarrios. Sus nietos. Sus nietos pol\u00edticos. Sus bisnietos. Sus hermanos. Sus hermanos pol\u00edticos. Sus sobrinos  y dem\u00e1s deudos participan su fallecimiento.<\/p>\n<p>Velatorio: Espa\u00f1a 2942, Departamento &#8220;B&#8221;. Responso: Capilla Ardiente. Inhumaci\u00f3n: Cementerio Municipal, lunes 19 de mayo a las 12:30 horas. Servicio adherido a Coopelectric. <\/p>\n<p>Vecina de Mu\u00f1oz.<\/p>\n<p>Nacida en Olavarr\u00eda.<\/p>\n<p>Actividad que desarrollaba:  Jubilada y Pensionada.<\/p>\n","protected":false},"excerpt":{"rendered":"<p>Falleci\u00f3 en Olavarr\u00eda el d\u00eda 19 de mayo de 2025 a los 94 a\u00f1os de edad. Sus hijos Aldo Oscar,<\/p>\n","protected":false},"author":2,"featured_media":51544,"comment_status":"closed","ping_status":"closed","sticky":false,"template":"","format":"standard","meta":{"_jetpack_memberships_contains_paid_content":false,"footnotes":""},"categories":[10],"tags":[],"class_list":["post-171869","post","type-post","status-publish","format-standard","has-post-thumbnail","hentry","category-necrologicas"],"jetpack_featured_media_url":"https:\/\/i0.wp.com\/cdnoticias.com\/wp-content\/uploads\/2022\/04\/necrologicas-390-x-240.jpg?fit=390%2C240&ssl=1","jetpack_sharing_enabled":true,"_links":{"self":[{"href":"https:\/\/cdnoticias.com\/index.php\/wp-json\/wp\/v2\/posts\/171869","targetHints":{"allow":["GET"]}}],"collection":[{"href":"https:\/\/cdnoticias.com\/index.php\/wp-json\/wp\/v2\/posts"}],"about":[{"href":"https:\/\/cdnoticias.com\/index.php\/wp-json\/wp\/v2\/types\/post"}],"author":[{"embeddable":true,"href":"https:\/\/cdnoticias.com\/index.php\/wp-json\/wp\/v2\/users\/2"}],"replies":[{"embeddable":true,"href":"https:\/\/cdnoticias.com\/index.php\/wp-json\/wp\/v2\/comments?post=171869"}],"version-history":[{"count":0,"href":"https:\/\/cdnoticias.com\/index.php\/wp-json\/wp\/v2\/posts\/171869\/revisions"}],"wp:featuredmedia":[{"embeddable":true,"href":"https:\/\/cdnoticias.com\/index.php\/wp-json\/wp\/v2\/media\/51544"}],"wp:attachment":[{"href":"https:\/\/cdnoticias.com\/index.php\/wp-json\/wp\/v2\/media?parent=171869"}],"wp:term":[{"taxonomy":"category","embeddable":true,"href":"https:\/\/cdnoticias.com\/index.php\/wp-json\/wp\/v2\/categories?post=171869"},{"taxonomy":"post_tag","embeddable":true,"href":"https:\/\/cdnoticias.com\/index.php\/wp-json\/wp\/v2\/tags?post=171869"}],"curies":[{"name":"wp","href":"https:\/\/api.w.org\/{rel}","templated":true}]}}