{"id":171867,"date":"2025-05-19T11:10:13","date_gmt":"2025-05-19T14:10:13","guid":{"rendered":"https:\/\/cdnoticias.com\/?p=171867"},"modified":"2025-05-19T16:06:58","modified_gmt":"2025-05-19T19:06:58","slug":"lla-gano-las-elecciones-en-caba-buena-expectativa-de-cara-al-futuro-y-para-la-provincia-de-buenos-aires","status":"publish","type":"post","link":"https:\/\/cdnoticias.com\/index.php\/2025\/05\/19\/lla-gano-las-elecciones-en-caba-buena-expectativa-de-cara-al-futuro-y-para-la-provincia-de-buenos-aires\/","title":{"rendered":"LLA gan\u00f3 las elecciones en CABA: \u201cbuena expectativa de cara al futuro y para la provincia de Buenos Aires\u201d"},"content":{"rendered":"<p>Lo dijo Guillermo Lascano quien interpret\u00f3 que \u201chubo un traspaso fenomenal de los votantes del PRO hacia LLA\u201d. Sobre Olavarr\u00eda: \u201csue\u00f1o con que en lo local tengamos un buen frente pintado de violeta\u201d.<!--more--><\/p>\n<hr \/>\n<p>Este domingo se desarrollaron las <strong>elecciones legislativas en la Capital Federal<\/strong> donde el resultado favoreci\u00f3 al oficialismo nacional: <strong>La Libertad Avanza (LLA) -encabezado por Manuel Adorni- se impuso con el 30,13 % de los votos<\/strong>, seguido por Es Ahora Buenos Aires -cuyo primer candidato fue Leandro Santoro- logr\u00f3 27,35%, y el PRO -con Silvia Lospennato al frente- qued\u00f3 tercero con 15,93%. Consultado sobre el resultado,<strong> el dirigente libertario de Olavarr\u00eda, Guillermo Lascano<\/strong> destac\u00f3 que <strong>\u201clo primero es lo contento que nos pone que la gente valida<\/strong>, elige este proyecto de pa\u00eds y ha marcado que el camino es por ac\u00e1. Para nosotros es muy valioso y nos da fuerza para seguir adelante, creo que reci\u00e9n comenzamos\u201d.<\/p>\n<blockquote><p>En una entrevista con el programa Levantate por Radio Sapiens (FM 102.7) analiz\u00f3 el resultado electoral del domingo y se\u00f1al\u00f3 su importancia para el futuro de LLA y para lo que viene en t\u00e9rminos electorales para el territorio bonaerense: \u201cen cuanto al proyecto, la validaci\u00f3n al proyecto pol\u00edtico, hacia el modelo de pa\u00eds, creo que es una buena expectativa de cara al futuro y de cara a lo que viene para la Provincia de Buenos Aires tambi\u00e9n\u201d dijo.<\/p><\/blockquote>\n<p>Tambi\u00e9n fue consultado por el fen\u00f3meno de la <strong>baja concurrencia de votantes<\/strong>, que se viene registrando en los comicios provinciales de este a\u00f1o y que se profundiz\u00f3 en CABA. <strong>El nivel de participaci\u00f3n se ubic\u00f3 en un 53,27 %<\/strong>, lo que marc\u00f3 una baja de m\u00e1s de 20 puntos respecto a las elecciones generales de 2023, cuando fue del 76,7 %. En comparaci\u00f3n con los comicios legislativos de 2021, la ca\u00edda fue de 17 puntos. Lascano consider\u00f3 que<strong> \u201ctodos los espacios pol\u00edticos tenemos que hacer una mea culpa, ver y analizar de qu\u00e9 manera nuestros actos lesionan la democracia, si se quiere\u201d<\/strong>. Y sigui\u00f3<strong> \u201cson indicadores que te despiertan cierta preocupaci\u00f3n\u201d<\/strong>.<\/p>\n<p><img data-recalc-dims=\"1\" loading=\"lazy\" decoding=\"async\" class=\"alignnone size-full wp-image-171872 aligncenter\" src=\"https:\/\/i0.wp.com\/cdnoticias.com\/wp-content\/uploads\/2025\/05\/DIB-Adorni-voto-CABA-18-de-mayo-2025.jpg?resize=800%2C535&#038;ssl=1\" alt=\"\" width=\"800\" height=\"535\" srcset=\"https:\/\/i0.wp.com\/cdnoticias.com\/wp-content\/uploads\/2025\/05\/DIB-Adorni-voto-CABA-18-de-mayo-2025.jpg?w=800&amp;ssl=1 800w, https:\/\/i0.wp.com\/cdnoticias.com\/wp-content\/uploads\/2025\/05\/DIB-Adorni-voto-CABA-18-de-mayo-2025.jpg?resize=300%2C201&amp;ssl=1 300w, https:\/\/i0.wp.com\/cdnoticias.com\/wp-content\/uploads\/2025\/05\/DIB-Adorni-voto-CABA-18-de-mayo-2025.jpg?resize=768%2C514&amp;ssl=1 768w, https:\/\/i0.wp.com\/cdnoticias.com\/wp-content\/uploads\/2025\/05\/DIB-Adorni-voto-CABA-18-de-mayo-2025.jpg?resize=272%2C182&amp;ssl=1 272w\" sizes=\"auto, (max-width: 800px) 100vw, 800px\" \/><\/p>\n<p>En cuanto al comportamiento de los votantes de CABA, el olavarriense interpret\u00f3 <strong>\u201chubo un traspaso fenomenal de los votantes del PRO hacia La Libertad Avanza<\/strong>, se absorbi\u00f3 pr\u00e1cticamente de forma concreta, inclusive si vos sum\u00e1s el radicalismo que sac\u00f3 2,6%, algo inimaginado, m\u00e1s la Coalici\u00f3n C\u00edvica, m\u00e1s (Horacio Rodr\u00edguez) Larreta, no llegan a los 30 puntos. <strong>La fragmentaci\u00f3n obviamente le permiti\u00f3 canalizar una gran cantidad de votos a La Libertad Avanza<\/strong> y eso es muy importante\u201d.<\/p>\n<blockquote><p>A lo largo del a\u00f1o, se vieron en territorio bonaerense movimientos de distintos referentes del PRO en busca de un acuerdo de alianza o traspaso hacia LLA para participar de las elecciones legislativas. Seg\u00fan Lascano, <strong>el resultado de CABA refuerza la postura de LLA en esas conversaciones: \u201cahora obviamente va a tratar de imponer su idea\u201d dijo para agregar que \u201cAdorni dijo en conferencia \u00b4tabula rasa\u00b4: todo aquello que se quiera sumar, bienvenido sea, pero siempre y cuando se sumen a esta agenda y este proyecto, no queriendo imponer su propia agenda\u201d.<\/strong><\/p><\/blockquote>\n<p><strong>\u201cSi quieren venir y, sobre todo, la decisi\u00f3n de esos legisladores nuevos que se sumen a este espacio pol\u00edtico tienen que entender lo que necesita y requiere el pa\u00eds.<\/strong> Sobre todo para la hora de ma\u00f1ana, cuando tenga que levantar la mano y votar un proyecto determinado, que lo hagan con convicci\u00f3n y no estar poroteando (como sucede ahora) porque no servir\u00eda\u201d expres\u00f3 el titular de PAMI Olavarr\u00eda. \u201cHay que sumar a aquellas personas que est\u00e1n convencidas de este proyecto, de este modelo\u201d subray\u00f3 para se\u00f1alar que \u201ca la hora de tener que seguir en reformas muy dif\u00edciles, en el 2026, si vos no ten\u00e9s los legisladores tan convencidos de eso, tampoco no s\u00e9 si van a acompa\u00f1arte. Por ah\u00ed generan una divisi\u00f3n. Para m\u00ed es importante saber que vas a tener los legisladores y que vas a incorporar votos que vas a tener seguro\u201d.<\/p>\n<p><img data-recalc-dims=\"1\" loading=\"lazy\" decoding=\"async\" class=\"alignnone size-full wp-image-171871 aligncenter\" src=\"https:\/\/i0.wp.com\/cdnoticias.com\/wp-content\/uploads\/2025\/05\/Noticias-Argentinas-Adorni-voto-CABA-18-de-mayo-2025.jpg?resize=800%2C540&#038;ssl=1\" alt=\"\" width=\"800\" height=\"540\" srcset=\"https:\/\/i0.wp.com\/cdnoticias.com\/wp-content\/uploads\/2025\/05\/Noticias-Argentinas-Adorni-voto-CABA-18-de-mayo-2025.jpg?w=800&amp;ssl=1 800w, https:\/\/i0.wp.com\/cdnoticias.com\/wp-content\/uploads\/2025\/05\/Noticias-Argentinas-Adorni-voto-CABA-18-de-mayo-2025.jpg?resize=300%2C203&amp;ssl=1 300w, https:\/\/i0.wp.com\/cdnoticias.com\/wp-content\/uploads\/2025\/05\/Noticias-Argentinas-Adorni-voto-CABA-18-de-mayo-2025.jpg?resize=768%2C518&amp;ssl=1 768w\" sizes=\"auto, (max-width: 800px) 100vw, 800px\" \/><\/p>\n<h4>El panorama en Olavarr\u00eda<\/h4>\n<p>En la entrevista radial, Guillermo Lascano habl\u00f3 sobre la <strong>proyecci\u00f3n local para las elecciones<\/strong>.<\/p>\n<blockquote><p>\u201cYo sue\u00f1o con que en lo local tengamos un buen frente pintado de violeta, que se suman al bloque de La Libertad Avanza. Ese es nuestro gran anhelo. Y que estemos convencidos del proyecto que tenemos que representar, que es el de Javier Milei a nivel nacional\u201d defini\u00f3.<\/p><\/blockquote>\n<p>Adem\u00e1s, indic\u00f3 que <strong>contin\u00faa el contacto con Ezequiel Galli: \u201cel di\u00e1logo est\u00e1 abierto, es fluido.<\/strong> As\u00ed que estamos esperando, seguramente \u00e9l est\u00e1 en la referencia de (Diego) Santilli, no s\u00e9 si ahora el PRO va a tener que tomar una decisi\u00f3n. Nosotros estamos expectantes, <strong>la pelota siempre estuvo en el lugar de ello<\/strong>s, es una decisi\u00f3n propia de ese espacio pol\u00edtico\u201d.<\/p>\n<p>Por \u00faltimo, indic\u00f3 que LLA de Olavarr\u00eda no tiene como objetivo buscar una candidatura seccional: <strong>\u201ccon Celeste Arouxet nunca pedimos un lugar<\/strong>, ni en Diputados cuando fue la elecci\u00f3n de diputados ni vamos a pedir ahora para los senadores de la S\u00e9ptima\u201d y a\u00f1adi\u00f3 \u201cno nos interesa, nosotros <strong>queremos construir un modelo, una alternancia para el futuro, para la ciudad de Olavarr\u00eda\u201d<\/strong>. En el cierre de la entrevista reforz\u00f3 su definici\u00f3n de<strong> \u201cvecinalismo\u201d<\/strong> para el armado local: <em>\u201cestamos convencidos de que es por ac\u00e1, por la centro-derecha, por estas ideas<\/em>, por un pa\u00eds con estas caracter\u00edsticas que yo creo que en el mediano plazo va a traer sus frutos\u201d.<\/p>\n","protected":false},"excerpt":{"rendered":"<p>Lo dijo Guillermo Lascano quien interpret\u00f3 que \u201chubo un traspaso fenomenal de los votantes del PRO hacia LLA\u201d. Sobre Olavarr\u00eda:<\/p>\n","protected":false},"author":2,"featured_media":94881,"comment_status":"closed","ping_status":"closed","sticky":false,"template":"","format":"standard","meta":{"_jetpack_memberships_contains_paid_content":false,"footnotes":""},"categories":[4,1],"tags":[],"class_list":["post-171867","post","type-post","status-publish","format-standard","has-post-thumbnail","hentry","category-politica","category-portada"],"jetpack_featured_media_url":"https:\/\/i0.wp.com\/cdnoticias.com\/wp-content\/uploads\/2023\/08\/guillermo-lascano.jpg?fit=800%2C445&ssl=1","jetpack_sharing_enabled":true,"_links":{"self":[{"href":"https:\/\/cdnoticias.com\/index.php\/wp-json\/wp\/v2\/posts\/171867","targetHints":{"allow":["GET"]}}],"collection":[{"href":"https:\/\/cdnoticias.com\/index.php\/wp-json\/wp\/v2\/posts"}],"about":[{"href":"https:\/\/cdnoticias.com\/index.php\/wp-json\/wp\/v2\/types\/post"}],"author":[{"embeddable":true,"href":"https:\/\/cdnoticias.com\/index.php\/wp-json\/wp\/v2\/users\/2"}],"replies":[{"embeddable":true,"href":"https:\/\/cdnoticias.com\/index.php\/wp-json\/wp\/v2\/comments?post=171867"}],"version-history":[{"count":0,"href":"https:\/\/cdnoticias.com\/index.php\/wp-json\/wp\/v2\/posts\/171867\/revisions"}],"wp:featuredmedia":[{"embeddable":true,"href":"https:\/\/cdnoticias.com\/index.php\/wp-json\/wp\/v2\/media\/94881"}],"wp:attachment":[{"href":"https:\/\/cdnoticias.com\/index.php\/wp-json\/wp\/v2\/media?parent=171867"}],"wp:term":[{"taxonomy":"category","embeddable":true,"href":"https:\/\/cdnoticias.com\/index.php\/wp-json\/wp\/v2\/categories?post=171867"},{"taxonomy":"post_tag","embeddable":true,"href":"https:\/\/cdnoticias.com\/index.php\/wp-json\/wp\/v2\/tags?post=171867"}],"curies":[{"name":"wp","href":"https:\/\/api.w.org\/{rel}","templated":true}]}}