{"id":171844,"date":"2025-05-19T09:02:03","date_gmt":"2025-05-19T12:02:03","guid":{"rendered":"https:\/\/cdnoticias.com\/?p=171844"},"modified":"2025-05-19T11:54:17","modified_gmt":"2025-05-19T14:54:17","slug":"me-preocupa-inundarme","status":"publish","type":"post","link":"https:\/\/cdnoticias.com\/index.php\/2025\/05\/19\/me-preocupa-inundarme\/","title":{"rendered":"Me preocupa inundarme"},"content":{"rendered":"<p>El cambio clim\u00e1tico repercute en nuestras ciudades: graves consecuencias de las tormentas sobre zonas urbanas que no est\u00e1n preparadas para afrontar y no quedan exentas del alcance.<\/p>\n<p><em><!--more--><\/em><\/p>\n<hr \/>\n<p><em>Por Marcos Pascua\u00a0<\/em><\/p>\n<p>\u00a0<\/p>\n<p>Es martes, me llega una notificaci\u00f3n al celular. Reviso, es el Servicio Meteorol\u00f3gico Nacional que me advierte que el pr\u00f3ximo jueves va a llegar una tormenta fuerte. Es jueves, las probabilidades de que ocurra una tormenta fuerte se disipan, llueve muy poquito, pasa. El mismo jueves me llega otra notificaci\u00f3n, otra alerta, esta vez es para el pr\u00f3ximo s\u00e1bado. Llega el s\u00e1bado, comienza a llover de golpe muy fuerte, cae granizo, termina, pasa. No hay consecuencias graves. Una tormenta m\u00e1s.<\/p>\n<p>En <strong>Olavarr\u00eda<\/strong>, <a href=\"https:\/\/cdnoticias.com\/index.php\/2024\/03\/31\/el-nino-se-enojo-con-nosotros\/\">pas\u00f3 el 13 de diciembre de 2023<\/a>. En <strong>Bah\u00eda Blanca<\/strong>, el <strong>16 de diciembre de 2023<\/strong> y el <a href=\"https:\/\/cdnoticias.com\/index.php\/2025\/03\/07\/bahia-blanca-bajo-agua-220-mm-de-lluvia-decenas-de-evacuados-y-un-hospital-colapsado\/\" target=\"_blank\" rel=\"noopener\"><strong>7 de marzo de 2025<\/strong><\/a>. Ahora, en todo el norte de la provincia de Buenos Aires estamos viendo las consecuencias de otra tormenta donde como sucedi\u00f3 en Bah\u00eda Blanca<strong>, cay\u00f3 mucha cantidad de agua en muy poco tiempo<\/strong>, con foco en las ciudades de <strong>Z\u00e1rate<\/strong> y <strong>Campana<\/strong>. <a href=\"https:\/\/cdnoticias.com\/index.php\/2025\/05\/18\/tormentas-el-dia-despues-desaparecidos-y-casi-3-mil-evacuados-en-21-municipios\/\" target=\"_blank\" rel=\"noopener\">Casas inundadas, calles anegadas, veh\u00edculos varados en las rutas<\/a>.<\/p>\n<p>\u00a0<\/p>\n<p><img data-recalc-dims=\"1\" loading=\"lazy\" decoding=\"async\" class=\"alignnone size-full wp-image-171846 aligncenter\" src=\"https:\/\/i0.wp.com\/cdnoticias.com\/wp-content\/uploads\/2025\/05\/inundacion-norte-de-la-provincia-mayo-2025.jpg?resize=696%2C522&#038;ssl=1\" alt=\"\" width=\"696\" height=\"522\" srcset=\"https:\/\/i0.wp.com\/cdnoticias.com\/wp-content\/uploads\/2025\/05\/inundacion-norte-de-la-provincia-mayo-2025.jpg?w=696&amp;ssl=1 696w, https:\/\/i0.wp.com\/cdnoticias.com\/wp-content\/uploads\/2025\/05\/inundacion-norte-de-la-provincia-mayo-2025.jpg?resize=300%2C225&amp;ssl=1 300w\" sizes=\"auto, (max-width: 696px) 100vw, 696px\" \/><\/p>\n<p>\u00a0<\/p>\n<p>En los <a href=\"https:\/\/grupolaprovincia.com\/contenido\/581712\/encuesta-el-inesperado-giro-de-las-preocupaciones-argentinas#:~:text=En%20la%20%C3%BAltima%20encuesta%20de,la%20seguridad%20en%20el%20pa%C3%ADs.\">estudios de opini\u00f3n<\/a> que hacen algunas consultoras, las principales preocupaciones de las personas encuestadas son la <strong>inseguridad, la situaci\u00f3n econ\u00f3mica y el desempleo<\/strong>. Es cierto que esas con las preocupaciones de una muestra peque\u00f1a de personas con la que se busca representar la realidad. Ellas eligen las situaciones que m\u00e1s le preocupan de un pu\u00f1ado de situaciones o t\u00f3picos.<\/p>\n<p>M\u00e1s atr\u00e1s aparecen <strong>la pobreza, la inflaci\u00f3n, los bajos salarios, el gobierno actual, el anterior, los pol\u00edticos en general, los impuestos, la corrupci\u00f3n<\/strong>, etc. Bastante m\u00e1s lejos aparece la preocupaci\u00f3n de la gente por <strong>la ausencia del Estado<\/strong>.<\/p>\n<p>Entiendo que en esa elecci\u00f3n hay cierta subjetividad, porque la elecci\u00f3n se va a ver m\u00e1s influenciada por la realidad cotidiana de cada una de esas personas y mientras a m\u00ed en particular la ausencia del Estado me parece uno de los temas m\u00e1s relevantes<strong>, el 43% de los encuestados hacen foco en la inseguridad, la situaci\u00f3n econ\u00f3mica y el desempleo<\/strong>. Aunque parad\u00f3jicamente, la acci\u00f3n del Estado tiene mucho peso en estas tres.<\/p>\n<p>En este estudio de opini\u00f3n no aparece un tema que empez\u00f3 a preocuparme y que no parece tan ajeno a la realidad en los tiempos que corren. <strong>Hace un tiempo empec\u00e9 a preocuparme, ante cada alerta de tormenta que recibo, por una inundaci\u00f3n<\/strong>. Esta preocupaci\u00f3n no es casual, a fines de 2023 una tormenta intensa sorprendi\u00f3 a Olavarr\u00eda, a los pocos d\u00edas otra tormenta de fuerte dej\u00f3 graves consecuencias en Bah\u00eda Blanca, que volvi\u00f3 a ser el foco de las inundaciones en marzo de este a\u00f1o. Ayer, sucedi\u00f3 algo similar en el norte de la provincia de Buenos Aires.<\/p>\n<p>Curiosamente, este tema tambi\u00e9n tiene que ver, como las otras variables, con el Estado. Un Estado que, hasta hace un tiempo, con todos los problemas que ten\u00eda, <strong>llegaba a atender a algunas de estas demandas relacionadas con el desarrollo de un pa\u00eds.<\/strong> Que, a pesar de sus <strong>contrataciones precarias, sus bajos salarios, presupuestos subejecutados, inflaci\u00f3n<\/strong>, entre otras variables, lograba avanzar <strong>en desarrollos cient\u00edficos, alertas meteorol\u00f3gicas y\/o nuevos o mejores caminos.<\/strong> Un Estado que, si bien en materia de infraestructura siempre corre de atr\u00e1s, hasta hace unos a\u00f1os por lo menos corr\u00eda. Con el \u00faltimo cambio de gesti\u00f3n ya ni siquiera corre, tampoco camina. <strong>El desarrollo del pa\u00eds que necesitamos se ha frenado<\/strong> y estas situaciones, como las que estamos viendo en estos d\u00edas ser\u00e1n cada vez m\u00e1s frecuentes y cr\u00edticas.\u00a0<\/p>\n<p>Esto se ve reflejado b\u00e1sicamente en los siguientes puntos:<\/p>\n<ul>\n<li><strong>Negaci\u00f3n del cambio clim\u00e1tico;<\/strong><\/li>\n<li><strong>Paralizaci\u00f3n de la obra p\u00fablica;<\/strong><\/li>\n<li><strong>Falta de planificaci\u00f3n;<\/strong><\/li>\n<li><strong>El ajuste en organismos del Estado;<\/strong><\/li>\n<\/ul>\n<p>\u00a0<\/p>\n<p><img data-recalc-dims=\"1\" loading=\"lazy\" decoding=\"async\" class=\"alignnone size-large wp-image-171847 aligncenter\" src=\"https:\/\/i0.wp.com\/cdnoticias.com\/wp-content\/uploads\/2025\/05\/inundacion-norte-de-la-provincia-mayo-2025-1.jpg?resize=800%2C450&#038;ssl=1\" alt=\"\" width=\"800\" height=\"450\" srcset=\"https:\/\/i0.wp.com\/cdnoticias.com\/wp-content\/uploads\/2025\/05\/inundacion-norte-de-la-provincia-mayo-2025-1.jpg?resize=1024%2C576&amp;ssl=1 1024w, https:\/\/i0.wp.com\/cdnoticias.com\/wp-content\/uploads\/2025\/05\/inundacion-norte-de-la-provincia-mayo-2025-1.jpg?resize=300%2C169&amp;ssl=1 300w, https:\/\/i0.wp.com\/cdnoticias.com\/wp-content\/uploads\/2025\/05\/inundacion-norte-de-la-provincia-mayo-2025-1.jpg?resize=768%2C432&amp;ssl=1 768w, https:\/\/i0.wp.com\/cdnoticias.com\/wp-content\/uploads\/2025\/05\/inundacion-norte-de-la-provincia-mayo-2025-1.jpg?w=1480&amp;ssl=1 1480w\" sizes=\"auto, (max-width: 800px) 100vw, 800px\" \/><\/p>\n<p>\u00a0<\/p>\n<h2>Negaci\u00f3n del cambio clim\u00e1tico<\/h2>\n<p>El cambio clim\u00e1tico no es algo que va a pasarnos a futuro, el cambio clim\u00e1tico es algo que est\u00e1 ocurriendo actualmente y que inevitablemente va a seguir estando presente en nuestra cotidianeidad. <strong>Las posibilidades de mitigar las consecuencias del clima se ver\u00e1n reducidas cuanto m\u00e1s tardemos en accionar en este sentido.<\/strong> Y aunque cada vez son m\u00e1s las muestras de que el cambio clim\u00e1tico es una realidad, todav\u00eda hay gente que lo niega y otra que no lo niega, pero que tampoco toma cartas en el asunto. \u00a0<\/p>\n<p>\u00bfEs un problema que mi t\u00eda Andrea niegue el cambio clim\u00e1tico? No. <strong>\u00bfEs un problema que el presidente de un pa\u00eds niegue el cambio clim\u00e1tico? S\u00ed.<\/strong> Tormentas cada vez m\u00e1s intensas en un corto per\u00edodo de tiempo, incendios descontrolados, eventos clim\u00e1ticos extremos, temperaturas anormales como <strong>unos m\u00f3dicos 25\u00b0C en pleno mayo en el sur del mundo<\/strong>. Y, sin embargo, a\u00fan con toda esta evidencia, <strong>la pol\u00edtica local y mundial no parece estar obrando en este sentido<\/strong>.<\/p>\n<p>Tampoco parece importarle a la mayor\u00eda de la sociedad que decidi\u00f3 optar por un dirigente pol\u00edtico que en campa\u00f1a dijo que <a href=\"https:\/\/chequeado.com\/el-explicador\/que-dijo-javier-milei-sobre-el-cambio-climatico\/\">el cambio clim\u00e1tico es un ciclo natural<\/a>.<\/p>\n<p>Ahora, reconocer el cambio clim\u00e1tico \u00bfes condici\u00f3n suficiente? Claro que no. Se hace necesario <strong>invertir en investigaci\u00f3n, en obras p\u00fablicas y en el desarrollo de un Servicio Meteorol\u00f3gico Nacional<\/strong> que pueda enfrentar los nuevos desaf\u00edos clim\u00e1ticos.<\/p>\n<h2>Paralizaci\u00f3n de la obra p\u00fablica<\/h2>\n<p>Olavarr\u00eda es una ciudad que provee los insumos para las obras p\u00fablicas como cemento, cal, arena, hormig\u00f3n. Cuando la obra p\u00fablica se resiente o directamente se paraliza, la ciudad se ve afectada. \u00bfQu\u00e9 voy a decir yo que Olavarr\u00eda no sepa? No solo la ciudad ha sufridos despidos en la industria de la construcci\u00f3n, sino que adem\u00e1s sufre en carne propia la paralizaci\u00f3n de la obra p\u00fablica. Tal vez el caso m\u00e1s emblem\u00e1tico es la <a href=\"https:\/\/www.cadena103.com.ar\/pararon-la-obra-del-acceso-a-sierras-bayas-y-despidieron-a-30-personas\/\">paralizaci\u00f3n<\/a> de una de las obras m\u00e1s demandadas en la ciudad, <strong>el puente a\u00e9reo en el cruce del acceso a Sierras Bayas con la ruta 226 que se hab\u00eda comenzado a construir en 2023 y del cual solo quedaron las columnas.<\/strong><\/p>\n<p>Lamentablemente, hay obras que por su envergadura solo pueden ser financiadas por el Estado Nacional, a pesar de que haya proyectos de ordenanza presentados por concejales afines al gobierno nacional para que el municipio en conjunto con las empresas locales reactive la obra p\u00fablica. El puente a\u00e9reo proyectado para el peligroso cruce, contaba con un presupuesto para el a\u00f1o 2023 de <a href=\"https:\/\/enlineanoticias.com.ar\/ciudad\/sierras-bayas-adjudicaron-la-construccion-del-puente-de-acceso-y-se-invertiran-mas-de-650-millones-de-pesos\/\">650 millones de pesos<\/a>, <strong>lo que representaba en el mismo a\u00f1o un 4% del presupuesto municipal.<\/strong><\/p>\n<p>Seg\u00fan la comisi\u00f3n de obras p\u00fablicas de la <strong>C\u00e1mara de Diputados<\/strong> a <strong>abril de 2025<\/strong> los n\u00fameros son los siguientes:<\/p>\n<ul>\n<li><strong>3500<\/strong> proyectos inconclusos;<\/li>\n<li><strong>1400<\/strong> empresas de construcci\u00f3n afectadas;<\/li>\n<li><strong>000<\/strong> empleos directos afectados.<\/li>\n<\/ul>\n<p>Seg\u00fan el <a href=\"https:\/\/obraspublicasnacion.gba.gob.ar\/\">monitor<\/a> del gobierno de la provincia de Buenos Aires en el territorio bonaerense:<\/p>\n<ul>\n<li><strong>Salud:<\/strong> 16 obras paralizadas;<\/li>\n<li><strong>Educaci\u00f3n:<\/strong> 16 obras frenadas;<\/li>\n<li><strong>Agua y cloacas:<\/strong> 293 obras inconclusas;<\/li>\n<li><strong>Centros de Desarrollo Infantil:<\/strong> 56;<\/li>\n<li><strong>Seguridad:<\/strong> 10;<\/li>\n<li><strong>Obras viales: <\/strong>119;<\/li>\n<li><strong>Obras hidr\u00e1ulicas:<\/strong> 17;<\/li>\n<li><strong>Edificios p\u00fablicos: <\/strong>46.<\/li>\n<\/ul>\n<p>\u00a0<\/p>\n<p><img data-recalc-dims=\"1\" loading=\"lazy\" decoding=\"async\" class=\"alignnone size-full wp-image-171848 aligncenter\" src=\"https:\/\/i0.wp.com\/cdnoticias.com\/wp-content\/uploads\/2025\/05\/obra-sierras-bayas-ruta-226.jpg?resize=800%2C465&#038;ssl=1\" alt=\"\" width=\"800\" height=\"465\" srcset=\"https:\/\/i0.wp.com\/cdnoticias.com\/wp-content\/uploads\/2025\/05\/obra-sierras-bayas-ruta-226.jpg?w=880&amp;ssl=1 880w, https:\/\/i0.wp.com\/cdnoticias.com\/wp-content\/uploads\/2025\/05\/obra-sierras-bayas-ruta-226.jpg?resize=300%2C175&amp;ssl=1 300w, https:\/\/i0.wp.com\/cdnoticias.com\/wp-content\/uploads\/2025\/05\/obra-sierras-bayas-ruta-226.jpg?resize=768%2C447&amp;ssl=1 768w\" sizes=\"auto, (max-width: 800px) 100vw, 800px\" \/><\/p>\n<p>\u00a0<\/p>\n<p>\u00a0<\/p>\n<h2>Falta de planificaci\u00f3n<\/h2>\n<p>Como lo urgente no deja tiempo para lo importante, en la realidad de nuestro pa\u00eds donde parece que estamos en <strong>un loop de discutir las mismas cosas<\/strong>, que a prop\u00f3sito son las que se vieron reflejadas en el estudio de opini\u00f3n <strong>como la inseguridad, la situaci\u00f3n econ\u00f3mica y el desempleo, <\/strong>se hace muy dif\u00edcil proyectar a futuro o pensar en el largo plazo si siempre estamos intentando resolver las mismas cosas o si los recursos p\u00fablicos hay que dedicarlos a otras cuestiones que no se ven reflejada en el desarrollo del pa\u00eds, <strong>como pagar endeudamientos eternos con el Fondo Monetario Internacional. <\/strong><\/p>\n<p>C\u00f3mo podemos pensar en el largo plazo si en cada cambio de gobierno<strong>, el nuevo jefe de Estado barre con lo que hizo el anterior. <\/strong><\/p>\n<p>C\u00f3mo podemos pensar en el largo plazo<strong>, si el Estado no cumple con los contratos asumidos por la gesti\u00f3n anterior.<\/strong><\/p>\n<p>C\u00f3mo podemos pensar en el largo plazo, <strong>si cada proceso pol\u00edtico deja la pobreza en un escal\u00f3n m\u00e1s alto que el proceso anterior.<\/strong><\/p>\n<p>C\u00f3mo vamos a planificar a largo plazo, <strong>si el Estado decide reducir el presupuesto y la planta de trabajadores del Servicio Meteorol\u00f3gico Nacional, el CONICET y Vialidad Nacional.<\/strong><\/p>\n<p>Pero no es solo responsabilidad de la gesti\u00f3n nacional actual, en el caso de Bah\u00eda Blanca, lo que sucedi\u00f3 en marzo de este a\u00f1o <a href=\"https:\/\/tn.com.ar\/politica\/2025\/03\/10\/la-utn-habia-advertido-sobre-la-falta-de-obras-en-bahia-blanca-y-las-chances-de-una-inundacion-catastrofica\/\">fue advertido<\/a>, \u00bfpor qui\u00e9n? Justamente, un grupo de investigadoras de la UTN Bah\u00eda Blanca, que adem\u00e1s hacen hincapi\u00e9 no solo en el cambio clim\u00e1tico, sino tambi\u00e9n en \u201cla\u00a0<strong>urbanizaci\u00f3n descontrolada<\/strong>, la\u00a0<strong>acumulaci\u00f3n de residuos<\/strong>\u00a0y la<strong>\u00a0falta de mantenimiento en sistemas de drenaje.\u201d <\/strong>Todos puntos que le competen en su totalidad a los <strong>gobiernos municipales<\/strong>. Se necesitar\u00e1 de una <strong>mesa interdisciplinaria de profesionales, asociaciones civiles y representantes del Estado en todos sus niveles <\/strong>para poder analizar los desaf\u00edos que tienen las ciudades y pensar en una planificaci\u00f3n a futuro que permite responder a estas demandas.<\/p>\n<h2>El ajuste en los organismos del Estado<\/h2>\n<p>A fines de marzo del 2024 el gobierno nacional decidi\u00f3 despedir a <a href=\"https:\/\/www.lanacion.com.ar\/sociedad\/servicio-meteorologico-nacional-expertos-afirman-que-los-despidos-afectan-el-funcionamiento-del-nid18042024\/\"><strong>73 empleados del Servicio Meteorol\u00f3gico Nacional<\/strong><\/a> contratados en forma precaria por las gestiones anteriores. En el mismo momento en <strong>Vialidad Nacional<\/strong> <strong>fueron <\/strong><a href=\"https:\/\/www.analisisdigital.com.ar\/provinciales\/2024\/03\/27\/confirmaron-despidos-en-vialidad-nacional-distrito-entre-rios\"><strong>despedidas 160 personas en todo el pa\u00eds<\/strong><\/a><strong>,<\/strong> muchas de ellas tambi\u00e9n contratadas en forma precaria por gestiones anteriores. Y el organismo estatal que se encarga de la investigaci\u00f3n y de encontrar soluciones a problemas como el cambio clim\u00e1tico, <strong>hoy cuenta con <\/strong><a href=\"https:\/\/www.pausa.com.ar\/2025\/05\/conicet-el-vaciamiento-avanza-en-2024-hubo-casi-1300-trabajadores-menos\/\"><strong>1300 trabajadores menos<\/strong><\/a><strong> que en 2023<\/strong>.<\/p>\n<p>A este ajuste hay que <strong>sumarle el congelamiento de salarios, el congelamiento y la m\u00ednima ejecuci\u00f3n de los presupuestos y en el caso de Vialidad Nacional, las deudas que se conservan del Estado con las empresas que ejecutaron obras p\u00fablicas hasta el a\u00f1o 2023.<\/strong><\/p>\n<p>\u00a0<\/p>\n<p><img data-recalc-dims=\"1\" loading=\"lazy\" decoding=\"async\" class=\"alignnone size-large wp-image-171849 aligncenter\" src=\"https:\/\/i0.wp.com\/cdnoticias.com\/wp-content\/uploads\/2025\/05\/inundacion-norte-de-la-provincia-mayo-2025-a.jpeg?resize=800%2C534&#038;ssl=1\" alt=\"\" width=\"800\" height=\"534\" srcset=\"https:\/\/i0.wp.com\/cdnoticias.com\/wp-content\/uploads\/2025\/05\/inundacion-norte-de-la-provincia-mayo-2025-a.jpeg?resize=1024%2C683&amp;ssl=1 1024w, https:\/\/i0.wp.com\/cdnoticias.com\/wp-content\/uploads\/2025\/05\/inundacion-norte-de-la-provincia-mayo-2025-a.jpeg?resize=300%2C200&amp;ssl=1 300w, https:\/\/i0.wp.com\/cdnoticias.com\/wp-content\/uploads\/2025\/05\/inundacion-norte-de-la-provincia-mayo-2025-a.jpeg?resize=768%2C512&amp;ssl=1 768w, https:\/\/i0.wp.com\/cdnoticias.com\/wp-content\/uploads\/2025\/05\/inundacion-norte-de-la-provincia-mayo-2025-a.jpeg?resize=272%2C182&amp;ssl=1 272w, https:\/\/i0.wp.com\/cdnoticias.com\/wp-content\/uploads\/2025\/05\/inundacion-norte-de-la-provincia-mayo-2025-a.jpeg?w=1080&amp;ssl=1 1080w\" sizes=\"auto, (max-width: 800px) 100vw, 800px\" \/><\/p>\n<p>\u00a0<\/p>\n<h2>Llegaron para quedarse<\/h2>\n<p>As\u00ed es, <strong>el cambio clim\u00e1tico est\u00e1 repercutiendo en nuestras ciudades<\/strong>. Ayer fue Olavarr\u00eda o Bah\u00eda Blanca, hoy es Z\u00e1rate, Campana o Arrecifes. Ninguna ciudad est\u00e1 exenta de pasar por una situaci\u00f3n similar. <strong>Las ciudades no est\u00e1n preparadas para afrontar con solvencia este tipo de tormentas, <\/strong>sus obras h\u00eddricas est\u00e1n pensadas para otro contexto clim\u00e1tico, donde los eventos no ten\u00edan caracter\u00edsticas de <strong>mucha cantidad de agua en poco tiempo<\/strong>.<\/p>\n<p>A esto se le suma que <strong>las ciudades cuentan con menor superficie de infiltraci\u00f3n que hace 70 a\u00f1os<\/strong>, la urbanizaci\u00f3n llev\u00f3 a que donde antes hab\u00eda un terreno bald\u00edo que absorb\u00eda un porcentaje importante del agua de lluvia que ca\u00eda, hoy exista una vivienda, una calle o una ruta. El agua que se infiltra en la superficie es menos que la de hace un tiempo atr\u00e1s.<\/p>\n<p>Y si bien, claro que antes las ciudades tambi\u00e9n se inundaban, estamos en un momento donde <strong>estos eventos est\u00e1n pasando cada vez con m\u00e1s frecuencia.<\/strong> Es un momento donde necesitamos m\u00e1s que nunca de un Estado presente en la <strong>planificaci\u00f3n de sus ciudades<\/strong>, en la <strong>investigaci\u00f3n de las causas <\/strong>de estos fen\u00f3menos, en la i<strong>nvestigaci\u00f3n de c\u00f3mo mitigar las consecuencias del cambio clim\u00e1tico<\/strong> y en la <strong>proyecci\u00f3n y ejecuci\u00f3n de obra p\u00fablica<\/strong>.<\/p>\n<p>Porque veo que las ciudades no est\u00e1n preparadas pasa soportar estas lluvias, porque no veo a la pol\u00edtica preocupada por el cambio clim\u00e1tico, porque el Estado decidi\u00f3 ausentarse y desinvertir en todos los organismos estatales que pueden trabajar en morigerar las consecuencias de un evento extremo, por todo eso, ante cada alerta meteorol\u00f3gico me preocupa inundarme.<\/p>\n\n\n<p><\/p>\n","protected":false},"excerpt":{"rendered":"<p>El cambio clim\u00e1tico repercute en nuestras ciudades: graves consecuencias de las tormentas sobre zonas urbanas que no est\u00e1n preparadas para<\/p>\n","protected":false},"author":2,"featured_media":171866,"comment_status":"closed","ping_status":"closed","sticky":false,"template":"","format":"standard","meta":{"_jetpack_memberships_contains_paid_content":false,"footnotes":""},"categories":[5,1],"tags":[],"class_list":["post-171844","post","type-post","status-publish","format-standard","has-post-thumbnail","hentry","category-informacion-general","category-portada"],"jetpack_featured_media_url":"https:\/\/i0.wp.com\/cdnoticias.com\/wp-content\/uploads\/2025\/05\/tormenta-satelite-1.jpg?fit=611%2C340&ssl=1","jetpack_sharing_enabled":true,"_links":{"self":[{"href":"https:\/\/cdnoticias.com\/index.php\/wp-json\/wp\/v2\/posts\/171844","targetHints":{"allow":["GET"]}}],"collection":[{"href":"https:\/\/cdnoticias.com\/index.php\/wp-json\/wp\/v2\/posts"}],"about":[{"href":"https:\/\/cdnoticias.com\/index.php\/wp-json\/wp\/v2\/types\/post"}],"author":[{"embeddable":true,"href":"https:\/\/cdnoticias.com\/index.php\/wp-json\/wp\/v2\/users\/2"}],"replies":[{"embeddable":true,"href":"https:\/\/cdnoticias.com\/index.php\/wp-json\/wp\/v2\/comments?post=171844"}],"version-history":[{"count":0,"href":"https:\/\/cdnoticias.com\/index.php\/wp-json\/wp\/v2\/posts\/171844\/revisions"}],"wp:featuredmedia":[{"embeddable":true,"href":"https:\/\/cdnoticias.com\/index.php\/wp-json\/wp\/v2\/media\/171866"}],"wp:attachment":[{"href":"https:\/\/cdnoticias.com\/index.php\/wp-json\/wp\/v2\/media?parent=171844"}],"wp:term":[{"taxonomy":"category","embeddable":true,"href":"https:\/\/cdnoticias.com\/index.php\/wp-json\/wp\/v2\/categories?post=171844"},{"taxonomy":"post_tag","embeddable":true,"href":"https:\/\/cdnoticias.com\/index.php\/wp-json\/wp\/v2\/tags?post=171844"}],"curies":[{"name":"wp","href":"https:\/\/api.w.org\/{rel}","templated":true}]}}