{"id":171842,"date":"2025-05-18T19:17:14","date_gmt":"2025-05-18T22:17:14","guid":{"rendered":"https:\/\/cdnoticias.com\/?p=171842"},"modified":"2025-05-19T09:06:37","modified_gmt":"2025-05-19T12:06:37","slug":"la-escuela-la-violencia-y-los-limites","status":"publish","type":"post","link":"https:\/\/cdnoticias.com\/index.php\/2025\/05\/18\/la-escuela-la-violencia-y-los-limites\/","title":{"rendered":"La Escuela, la violencia y los l\u00edmites"},"content":{"rendered":"<p>El desborde de conflictos y una marcha convocada. Adem\u00e1s, Wesner en la reuni\u00f3n de La C\u00e1mpora en Tandil y habl\u00f3 Jos\u00e9 Eseverri sobre peronismo. La reelecci\u00f3n de Marcelo Aba en Unicen: \u00bfc\u00f3mo votaron los olavarrienses?<!--more--><\/p>\n<hr \/>\n<p><em>Por Volver a las Fuentes, de Josefina Bargas y Alexis Grierson<\/em><\/p>\n<p>\u00a0<\/p>\n<p><u><strong>La gota que rebals\u00f3 el vaso<\/strong><\/u><br \/><br \/>Durante el a\u00f1o hubo<strong>\u00a0varios conflictos en el \u00e1mbito educativo\u00a0<\/strong>que hac\u00edan sospechar que el tema pod\u00eda escalar a un nivel alto. Tan alto, que\u00a0<strong>casi 15 directores de escuelas secundarias del Partido convocaron a una movilizaci\u00f3n\u00a0<\/strong>este lunes que saldr\u00e1 desde el ex Colegio Nacional para llamar a la reflexi\u00f3n sobre los\u00a0<strong>diversos hechos de violencia<\/strong>\u00a0que se registraron en el contexto educativo.<br \/><br \/>Hubo al menos tres que hicieron encender las alarmas: el primero fue a inicios de a\u00f1o, con\u00a0<strong>una serie de peleas fuera de colegios locales\u00a0<\/strong>donde la violencia entre adolescentes era protagonista pero adem\u00e1s, el agravante de que otros compa\u00f1eros y compa\u00f1eras eleg\u00edan grabar los hechos en vez de intervenir para frenar las agresiones.<br \/><br \/>El segundo hecho se registr\u00f3 semanas atr\u00e1s en <a href=\"https:\/\/cdnoticias.com\/index.php\/2025\/04\/08\/un-estudiante-olavarriense-concurrio-al-aula-con-un-arma-de-fuego\/\" target=\"_blank\" rel=\"noopener\">una escuela en Trabajadores y Alberdi<\/a>, donde encontraron\u00a0<strong>un arma -descargada y en desuso, pero arma al fin- en poder de uno de los estudiantes\u00a0<\/strong>que asist\u00eda a la escuela.<br \/><br \/>El tercero, el que deton\u00f3 todo lo que se habl\u00f3 y dijo durante la semana, <a href=\"https:\/\/cdnoticias.com\/index.php\/2025\/05\/15\/una-adolescente-hirio-con-un-arma-blanca-a-dos-personas-en-una-escuela-secundaria-de-olavarria\/\" target=\"_blank\" rel=\"noopener\">fue en el ex Colegio Comercial<\/a>, donde\u00a0<strong>una adolescente atac\u00f3 a una compa\u00f1era con un arma blanca, la hiri\u00f3, y una docente<\/strong>\u00a0que intent\u00f3 intervenir tambi\u00e9n result\u00f3 con cortes. No tuvieron heridas de gravedad pero debieron ser atendidas en un centro de salud.\u00a0<\/p>\n<p>\u00a0<\/p>\n<p><img data-recalc-dims=\"1\" loading=\"lazy\" decoding=\"async\" class=\"alignnone size-full wp-image-14876 aligncenter\" src=\"https:\/\/i0.wp.com\/cdnoticias.com\/wp-content\/uploads\/2021\/02\/escuela-secundaria-8-w1.jpg?resize=800%2C445&#038;ssl=1\" alt=\"\" width=\"800\" height=\"445\" srcset=\"https:\/\/i0.wp.com\/cdnoticias.com\/wp-content\/uploads\/2021\/02\/escuela-secundaria-8-w1.jpg?w=800&amp;ssl=1 800w, https:\/\/i0.wp.com\/cdnoticias.com\/wp-content\/uploads\/2021\/02\/escuela-secundaria-8-w1.jpg?resize=300%2C167&amp;ssl=1 300w, https:\/\/i0.wp.com\/cdnoticias.com\/wp-content\/uploads\/2021\/02\/escuela-secundaria-8-w1.jpg?resize=768%2C427&amp;ssl=1 768w\" sizes=\"auto, (max-width: 800px) 100vw, 800px\" \/><br \/><br \/>En el medio,\u00a0<strong>un cambio de era en el \u00e1mbito de la educaci\u00f3n<\/strong>\u00a0donde la situaci\u00f3n es\u00a0<strong>culpa de todo y de nada a la vez<\/strong>: si se es flexible con los contenidos, si se es riguroso, que la autoridad escolar, que los padres \u201ccuidando\u201d a sus hijos, y tanta cosa m\u00e1s que nos llevar\u00eda buena parte del newsletter y no es la idea, ustedes ya entienden.<br \/><br \/>De hecho, en ese marco, <a href=\"https:\/\/cdnoticias.com\/index.php\/2025\/05\/15\/tras-varios-hechos-de-violencia-directores-de-escuelas-secundarias-convocaron-a-un-abrazo-simbolico-y-caminata\/\" target=\"_blank\" rel=\"noopener\">los directores indicaron en la carta abierta<\/a> que \u201cante las duras\u00a0<strong>consecuencias de la rotura del tejido social<\/strong>, de la irrupci\u00f3n de violencias en las escuelas, y sosteniendo que la escuela es un territorio de paz, es necesario\u00a0<strong>repensar el territorio escolar con otros actores institucionales y otras instituciones del estado y de la sociedad civil<\/strong>\u201d.<br \/><br \/>Adem\u00e1s, lo resumieron de forma tal que hasta admitieron que con la educaci\u00f3n en la escuela, solamente, no alcanza: \u201clos directivos y docentes hacemos lo que podemos y m\u00e1s. Pero no alcanza.\u00a0<strong>Las situaciones de violencia est\u00e1n por encima de nuestras posibilidades y la normativa pedag\u00f3gica no nos alcanza\u00a0<\/strong>para regular conflictos sociales, pol\u00edticos y econ\u00f3micos que nos exceden\u201d. Desearon\u00a0<strong>una escuela \u201cque incluya a todos y a todas<\/strong>. Que acompa\u00f1e la trayectoria de nuestros estudiantes. Que cree las condiciones para que nuestros profes puedan ense\u00f1ar cada vez mejor. En la que aquello que se aprenda tenga m\u00e1s valor que cualquier objeto superficial de consumo. Donde nuestros estudiantes la pasen bien y aprendan a ser felices\u201d.<br \/><br \/>Pidieron\u00a0<strong>un reacercamiento de las familias a las escuelas<\/strong>\u00a0y un trabajo en conjunto: en una sociedad rota en varios sentidos y causales, con los docentes se puede pero sin otros actores es directamente imposible.<br \/><br \/>Tras los hechos, el repaso de este newsletter en di\u00e1logo con varios docentes de colegios p\u00fablicos y privados es una hoja de calcar que no distingue de paros, calidad educativa, educaci\u00f3n p\u00fablica o privada y ni siquiera clases sociales: las problem\u00e1ticas son las mismas en distinto tenor.\u00a0<em>Problemas econ\u00f3micos, de estructura familiar, bullying, desinter\u00e9s en los contenidos, falta de lectura, problem\u00e1ticas con pantallas, e incluso adicci\u00f3n al juego<\/em>. Es un combo que en mayor o menor medida se ve en todas las escuelas del Partido.\u00a0<\/p>\n<p>\u00a0<\/p>\n<p><img data-recalc-dims=\"1\" loading=\"lazy\" decoding=\"async\" class=\"alignnone size-full wp-image-14878 aligncenter\" src=\"https:\/\/i0.wp.com\/cdnoticias.com\/wp-content\/uploads\/2021\/02\/escuela-secundaria-8-w0.jpg?resize=800%2C445&#038;ssl=1\" alt=\"\" width=\"800\" height=\"445\" srcset=\"https:\/\/i0.wp.com\/cdnoticias.com\/wp-content\/uploads\/2021\/02\/escuela-secundaria-8-w0.jpg?w=800&amp;ssl=1 800w, https:\/\/i0.wp.com\/cdnoticias.com\/wp-content\/uploads\/2021\/02\/escuela-secundaria-8-w0.jpg?resize=300%2C167&amp;ssl=1 300w, https:\/\/i0.wp.com\/cdnoticias.com\/wp-content\/uploads\/2021\/02\/escuela-secundaria-8-w0.jpg?resize=768%2C427&amp;ssl=1 768w\" sizes=\"auto, (max-width: 800px) 100vw, 800px\" \/><\/p>\n<p><br \/><br \/>\u00bfEs un problema pol\u00edtico? S\u00ed, pero es m\u00e1s profundo que s\u00f3lo un problema pol\u00edtico. Es un problema que tiene varias aristas y abordarlo as\u00ed como as\u00ed en una columna puede ser contraproducente. Las\u00a0<strong>repercusiones pol\u00edticas<\/strong>, m\u00e1s all\u00e1 de una adhesi\u00f3n total -y\u00a0<strong>una sospecha de que la movilizaci\u00f3n del lunes puede ser importante<\/strong>&#8211; arroj\u00f3 un saldo variopinto y a eso s\u00ed queremos dedicarle al menos un par de p\u00e1rrafos.<br \/><br \/>El\u00a0<strong>radicalismo<\/strong>\u00a0-que gan\u00f3 en visibilidad durante las \u00faltimas semanas- sali\u00f3 con fuerza a se\u00f1alar que\u00a0<strong>estos hechos son \u201cun reflejo de lo que pasa en la sociedad olavarriense\u201d<\/strong>\u00a0y pidi\u00f3 <a href=\"https:\/\/cdnoticias.com\/index.php\/2025\/05\/17\/lo-sucedido-en-la-escuela-secundaria-n-8-es-un-reflejo-de-lo-que-pasa-en-la-sociedad-olavarriense\/\" target=\"_blank\" rel=\"noopener\">conocer las actuaciones desde el \u00e1rea de Inspecci\u00f3n General<\/a> dado que algunos docentes manifestaron temor a denunciar hechos de esta \u00edndole.<br \/><br \/><strong>Suteba<\/strong>\u00a0en todas sus l\u00edneas llam\u00f3 a adherir a la movilizaci\u00f3n y coincidi\u00f3 en el estado de situaci\u00f3n descrito por los directores.\u00a0<em>\u201cDefendamos entre todos la educaci\u00f3n p\u00fablica\u201d<\/em>\u00a0dijo la Multicolor de Suteba, una de las l\u00edneas internas gremiales.<br \/><br \/>Los<strong>\u00a0j\u00f3venes libertarios<\/strong>, a su vez, tambi\u00e9n repudiaron estos hechos y lo trasladaron a la que denominan\u00a0<strong>\u201cbatalla cultural\u201d<\/strong>. Cargaron contra Kicillof, omitieron la violencia ejercida por el Presidente desde su cargo contra sus cr\u00edticos, y pidieron devolverle autoridad al docente para poder\u00a0<strong>tomar decisiones punitivas<\/strong>\u00a0contra los estudiantes que incurran en actos de violencia.\u00a0<br \/><br \/>\u201cAl eliminar las sanciones punitivas y reemplazarlas por sanciones pedag\u00f3gicas,\u00a0<strong>se nivel\u00f3 para abajo la autonom\u00eda escolar y se debilit\u00f3 la capacidad de los docentes y directivos para abordar situaciones de violencia\u201d<\/strong>\u00a0indicaron y cargaron contra Julio Ben\u00edtez, de quien repudiaron la decisi\u00f3n de revisar los Acuerdos Institucionales de Convivencia \u201cpara eliminar las sanciones punitivas, eliminar los c\u00f3digos de vestimenta, entre otras cosas que realmente contribu\u00edan al crecimiento de la educaci\u00f3n\u201d. Y dijeron que, desde su espacio\u00a0<strong>\u201cno nos alcanza un abrazo o una marcha\u201d<\/strong>. Insistimos, no hubo menci\u00f3n a un contexto nacional para potenciar -o sumar como parte de las decenas de aristas- a esta situaci\u00f3n en los colegios.\u00a0<br \/><br \/>Por lo pronto,\u00a0<strong>el lunes se estima una importante movilizaci\u00f3n de la comunidad educativa<\/strong>, como un freno y un llamado de atenci\u00f3n a toda la comunidad. Porque educar forma parte de todas y todos desde su lugar. Con sus hijos, su familia, en la escuela, incluso en \u00e1mbitos inimaginables. Y habr\u00e1 que rediscutir hasta las cosas m\u00e1s simples.<br \/><br \/><u><strong>Las dos fotos del peronismo<\/strong><\/u><br \/><br \/>En la edici\u00f3n anterior te contamos que se hizo el encuentro de Movimiento Derecho al Futuro en Tapalqu\u00e9 con mucha presencia de Olavarr\u00eda. Lo que nos enteramos el mismo domingo es que\u00a0<strong>La C\u00e1mpora se reuni\u00f3 en paralelo en Tandil<\/strong>: un encuentro\u00a0de referentes provinciales que encabez\u00f3\u00a0<strong>M\u00e1ximo Kirchner\u00a0<\/strong>y que tambi\u00e9n tuvo importante presencia olavarriense.<\/p>\n<p>\u00a0<\/p>\n<p><img data-recalc-dims=\"1\" loading=\"lazy\" decoding=\"async\" class=\"alignnone size-full wp-image-171287 aligncenter\" src=\"https:\/\/i0.wp.com\/cdnoticias.com\/wp-content\/uploads\/2025\/05\/la-campora-maximiliano-wesner-cesar-valicenti-00.jpg?resize=800%2C445&#038;ssl=1\" alt=\"\" width=\"800\" height=\"445\" srcset=\"https:\/\/i0.wp.com\/cdnoticias.com\/wp-content\/uploads\/2025\/05\/la-campora-maximiliano-wesner-cesar-valicenti-00.jpg?w=800&amp;ssl=1 800w, https:\/\/i0.wp.com\/cdnoticias.com\/wp-content\/uploads\/2025\/05\/la-campora-maximiliano-wesner-cesar-valicenti-00.jpg?resize=300%2C167&amp;ssl=1 300w, https:\/\/i0.wp.com\/cdnoticias.com\/wp-content\/uploads\/2025\/05\/la-campora-maximiliano-wesner-cesar-valicenti-00.jpg?resize=768%2C427&amp;ssl=1 768w\" sizes=\"auto, (max-width: 800px) 100vw, 800px\" \/><\/p>\n<p><br \/><br \/><strong>Maximiliano Wesner<\/strong>\u00a0estuvo all\u00ed, al igual que\u00a0<strong>Mercedes Land\u00edvar, C\u00e9sar Valicenti y Federico Aguilera<\/strong>. Lo cierto es que poco trascendi\u00f3 de esta reuni\u00f3n m\u00e1s all\u00e1 de un par de posteos y gacetillas con frases tipo slogan. El objetivo fue\u00a0<strong>poner en valor la militancia y la dirigencia del interior bonaerense<\/strong>. Dicen que Kirchner dej\u00f3 un mensaje centrado en la necesidad de\u00a0<strong>\u201cm\u00e1s compromiso, m\u00e1s militancia y m\u00e1s organizaci\u00f3n\u201d ante el contexto pol\u00edtico y econ\u00f3mico nacional<\/strong>.<br \/><br \/>M\u00e1s all\u00e1 de eso, no hubo mensajes claros para afuera. Nos referimos a alg\u00fan intento de captaci\u00f3n de p\u00fablico o de plantear algo nuevo hacia adentro del peronismo.\u00a0<strong>Los modos m\u00e1s bien velados de comunicar que sostiene La C\u00e1mpora no parecen a tono con el clima de \u00e9poca\u00a0<\/strong>que demanda transparencia y cierta liviandad. Es, en ese punto, algo m\u00e1s vinculado a la\u00a0<strong>lealtad y la honestidad de sostener siempre las mismas ideas y estar en el territorio con estructura<\/strong>, sea donde sea. No es en vano que La C\u00e1mpora se jacta de ser una de las \u201cagrupaciones m\u00e1s grandes del pa\u00eds\u201d.\u00a0<br \/><br \/>La foto que dej\u00f3 Tandil fue contrastante con la de Tapalqu\u00e9 en otro aspecto,\u00a0<strong>uniformidad vs diversidad\u00a0<\/strong>podemos leer inicialmente. Y no mucho m\u00e1s.<br \/><br \/><u><strong>Lectura amplia, elogio tibio<\/strong><\/u><br \/><br \/>En la<a href=\"https:\/\/cdnoticias.com\/index.php\/2025\/05\/11\/fumata-blanca\/\" target=\"_blank\" rel=\"noopener\"> edici\u00f3n anterior<\/a> destacamos la sorpresa que caus\u00f3 la\u00a0<strong>asistencia de Jos\u00e9 Eseverri a la reuni\u00f3n de Tapalqu\u00e9<\/strong>. Cont\u00f3 que fue invitado por Gustavo Cocconi, Liliana Schwindt, Walter Abarca y Jos\u00e9 Gonz\u00e1lez Hueso, con quienes -dijo- mantiene contacto asiduo.<br \/><br \/>Durante la semana dio varias entrevistas en las que confirm\u00f3 que el encuentro de Movimiento Derecho al Futuro fue el primer acto partidario del peronismo al que asisti\u00f3 despu\u00e9s de haber dejado la intendencia.<br \/><br \/>Traz\u00f3 una<strong>\u00a0alarmante proyecci\u00f3n para la econom\u00eda de la provincia de Buenos Aires<\/strong>, y de las provincias que no tienen la miner\u00eda metal\u00edfera, el petr\u00f3leo o el litio como explotaci\u00f3n principal. En esa l\u00ednea, insisti\u00f3 en la\u00a0<strong>necesidad de que el peronismo retome el contacto con los sectores productivos y deje su encierro de discusi\u00f3n de temas de \u201clos empleados p\u00fablicos\u201d<\/strong>.<\/p>\n<p>\u00a0<\/p>\n<p><img data-recalc-dims=\"1\" loading=\"lazy\" decoding=\"async\" class=\"alignnone size-large wp-image-171140 aligncenter\" src=\"https:\/\/i0.wp.com\/cdnoticias.com\/wp-content\/uploads\/2025\/05\/tapalque-mdf.jpeg?resize=800%2C600&#038;ssl=1\" alt=\"\" width=\"800\" height=\"600\" srcset=\"https:\/\/i0.wp.com\/cdnoticias.com\/wp-content\/uploads\/2025\/05\/tapalque-mdf.jpeg?resize=1024%2C768&amp;ssl=1 1024w, https:\/\/i0.wp.com\/cdnoticias.com\/wp-content\/uploads\/2025\/05\/tapalque-mdf.jpeg?resize=300%2C225&amp;ssl=1 300w, https:\/\/i0.wp.com\/cdnoticias.com\/wp-content\/uploads\/2025\/05\/tapalque-mdf.jpeg?resize=768%2C576&amp;ssl=1 768w, https:\/\/i0.wp.com\/cdnoticias.com\/wp-content\/uploads\/2025\/05\/tapalque-mdf.jpeg?resize=1536%2C1152&amp;ssl=1 1536w, https:\/\/i0.wp.com\/cdnoticias.com\/wp-content\/uploads\/2025\/05\/tapalque-mdf.jpeg?w=2048&amp;ssl=1 2048w, https:\/\/i0.wp.com\/cdnoticias.com\/wp-content\/uploads\/2025\/05\/tapalque-mdf.jpeg?w=1600&amp;ssl=1 1600w\" sizes=\"auto, (max-width: 800px) 100vw, 800px\" \/><\/p>\n<p><br \/><br \/><strong>\u201cEl peronismo ha sido un partido transformador que se ha vuelto un partido conservador.<\/strong>\u00a0Y tal vez el peronismo m\u00e1s conservador sea el de la provincia de Buenos Aires. Porque los equilibrios internos te impiden la discusi\u00f3n pol\u00edtica y te impiden la generaci\u00f3n de pol\u00edticas transformadoras\u201d defini\u00f3\u00a0<a href=\"https:\/\/infocielo.com\/politica-y-economia\/jose-eseverri-el-peronismo-esta-muy-encerrado-y-su-unico-contacto-parecen-ser-los-empleados-publicos\" target=\"_blank\" rel=\"noopener\">en Infocielo<\/a>.<br \/><br \/>Sus elogios para Kicillof se sintieron m\u00e1s bien tibios.\u00a0<strong>\u201cLa ventaja de Axel es que quiere<\/strong>, que no es poco. Otros no quer\u00edan\u201d. \u201cAxel tiene valores como su honestidad, despu\u00e9s la gente opina bien o mal. Pero Kicillof\u00a0<strong>ha demostrado tener un coraje\u00a0<\/strong>que no ha tenido la dirigencia peronista durante mucho tiempo\u201d. \u201cPuede seguir recorriendo el lugar que gobierna. Puede seguir teniendo contacto.\u00a0<strong>No es un dirigente del establishment\u00a0<\/strong>de la pol\u00edtica argentina\u201d.<br \/><br \/>Pero tenemos que destacar que\u00a0<strong>la interpretaci\u00f3n de Eseverri es m\u00e1s bien general del contexto\u00a0<\/strong>y no se detuvo tanto en los nombres individuales. As\u00ed plante\u00f3\u00a0<strong>un fen\u00f3meno que se da en muchos lugares del mundo con la llegada a los gobiernos de outsiders disruptivos de derecha<\/strong>\u00a0y su salida con lo que a simple vista parece un regreso de \u201clo anterior\u201d pero que en realidad son\u00a0<strong>grandes coaliciones \u201canti\u201d<\/strong>. Y en ese sentido, destac\u00f3\u00a0<em>el di\u00e1logo de algunos gobernadores de las provincias especialmente perjudicadas por la gesti\u00f3n nacional<\/em>:\u00a0<strong>\u201chay una dirigencia nueva que est\u00e1 empezando a ver los problemas que este modelo econ\u00f3mico le va a generar a la Argentina. Y creo que la idea es llegar al 2027 con una propuesta transversal\u201d<\/strong>\u00a0dijo\u00a0<a href=\"https:\/\/cdnoticias.com\/index.php\/2025\/05\/14\/jose-eseverri-me-parece-irracional-que-no-se-respete-al-gobernador-de-la-provincia\/\" target=\"_blank\" rel=\"noopener\">en Radio Sapiens<\/a>. En cuanto a esos encuentros valor\u00f3 el\u00a0<strong>rol de Kicillof como impulsor de esa \u201ctransversalidad\u201d<\/strong>. Palabra que cobra m\u00e1s relevancia dicha por el ex intendente.<br \/><br \/>M\u00e1s en el plano local hizo hincapi\u00e9 en lo econ\u00f3mico, en las\u00a0<strong>\u201ccrisis\u201d de distintos sectores producto de la paralizaci\u00f3n de la obra p\u00fablica<\/strong>. Apunt\u00f3 al\u00a0<strong>rol de la dirigencia partidaria de encender las advertencias<\/strong>\u00a0sobre este tema para\u00a0<strong>llegar con el mensaje a las autoridades nacionales<\/strong>, algo que no ve que suceda.\u00a0<strong>\u201cOlavarr\u00eda tiene que despertar y tiene que reclamar, tiene que hacer tomar conciencia para que vuelva a haber niveles de inversi\u00f3n p\u00fablica<\/strong>\u00a0en la Argentina\u00a0<a href=\"https:\/\/cdnoticias.com\/index.php\/2025\/05\/14\/olavarria-tiene-que-hacer-tomar-conciencia-para-que-vuelva-a-haber-niveles-de-inversion-publica\/\" target=\"_blank\" rel=\"noopener\">que haga que ciudades como las nuestras tengan actividades econ\u00f3micas razonables\u201d inst\u00f3.<\/a>\u00a0Y ampli\u00f3\u00a0<strong>\u201clos que creen que hay que defender un modelo en el que no haya obra p\u00fablica, bueno, que me lo expliquen.<\/strong>\u00a0Qui\u00e9n va a hacer las rutas en la Argentina, los puertos, las centrales el\u00e9ctricas si no es el Estado con inversi\u00f3n p\u00fablica o consiguiendo los recursos\u201d.<\/p>\n<p>\u00a0<\/p>\n<p><img data-recalc-dims=\"1\" loading=\"lazy\" decoding=\"async\" class=\"alignnone size-large wp-image-171344 aligncenter\" src=\"https:\/\/i0.wp.com\/cdnoticias.com\/wp-content\/uploads\/2025\/05\/eseverri.jpg?resize=800%2C534&#038;ssl=1\" alt=\"\" width=\"800\" height=\"534\" srcset=\"https:\/\/i0.wp.com\/cdnoticias.com\/wp-content\/uploads\/2025\/05\/eseverri.jpg?resize=1024%2C683&amp;ssl=1 1024w, https:\/\/i0.wp.com\/cdnoticias.com\/wp-content\/uploads\/2025\/05\/eseverri.jpg?resize=300%2C200&amp;ssl=1 300w, https:\/\/i0.wp.com\/cdnoticias.com\/wp-content\/uploads\/2025\/05\/eseverri.jpg?resize=768%2C512&amp;ssl=1 768w, https:\/\/i0.wp.com\/cdnoticias.com\/wp-content\/uploads\/2025\/05\/eseverri.jpg?resize=272%2C182&amp;ssl=1 272w, https:\/\/i0.wp.com\/cdnoticias.com\/wp-content\/uploads\/2025\/05\/eseverri.jpg?w=1068&amp;ssl=1 1068w\" sizes=\"auto, (max-width: 800px) 100vw, 800px\" \/><br \/><br \/>S\u00ed, ya sabemos lo que te est\u00e1s preguntando a esta altura.\u00a0<strong>\u201cNo estoy buscando ninguna candidatura\u201d dijo Jos\u00e9\u00a0<\/strong>m\u00e1s o menos con las mismas palabras en todas las entrevistas que dio.<br \/><br \/>Por nuestro lado, sumamos a las advertencias que se\u00f1al\u00f3 el ex intendente las\u00a0<strong>nuevas medidas de apertura de importaciones y de perjuicio para la industria nacional<\/strong>. Los impactos negativos locales en t\u00e9rminos de empleo ya los vimos en Cerro Negro y en FABI, y lamentablemente podr\u00edan seguir. Al mismo tiempo, -siguiendo en lo local- vemos m\u00e1s comercios f\u00edsicos y virtuales que presentan ofertas de la mano de esa apertura.<br \/><br \/>En otros puntos del pa\u00eds,\u00a0<strong>varias econom\u00edas regionales tambi\u00e9n exponen sus advertencias\u00a0<\/strong>por el ingreso de productos importados o de insumos para la fabricaci\u00f3n.\u00a0<strong>El rubro alimentos<\/strong>\u00a0es uno de los que ha resonado fuerte. La reconfiguraci\u00f3n econ\u00f3mica que supone el modelo adoptado por la gesti\u00f3n nacional ya est\u00e1 en marcha. La afectaci\u00f3n sobre la\u00a0<strong>pir\u00e1mide econ\u00f3mica poblacional<\/strong>\u00a0prefigura\u00a0<strong>una base m\u00e1s ancha y la punta cada vez m\u00e1s lejana<\/strong>.<br \/><br \/><u><strong>Una declaraci\u00f3n<\/strong><\/u><br \/><br \/>Por segunda vez desde que es imputado,\u00a0<strong>el ex asesor de la gesti\u00f3n Galli, Mariano Ciancio, habl\u00f3 sobre la causa de venta ilegal de terrenos<\/strong>\u00a0en Olavarr\u00eda y volvi\u00f3 a sacudir un avispero que estaba sin sobresaltos, y que probablemente tenga alg\u00fan cap\u00edtulo m\u00e1s en el futuro.<br \/><br \/>Lo hizo -sorpresivamente-\u00a0<a href=\"https:\/\/www.youtube.com\/watch?v=hdzQYMm4uYg\" target=\"_blank\" rel=\"noopener\">en el ciclo de entrevistas en profundidad \u201cConverso\u201d<\/a>\u00a0del periodista Fabricio Lucio en conjunto con Jorge Scotton, de En L\u00ednea Noticias. Hace una semana les hab\u00edamos recomendado la primera edici\u00f3n con Gabriela Benac, y sorprendieron con el segundo entrevistado que dijo y no dijo, que habl\u00f3 y no habl\u00f3. Pero que dio que hablar, seguro.\u00a0<br \/><br \/>De entrada nom\u00e1s\u00a0<strong>denunci\u00f3 un hecho grav\u00edsimo<\/strong>, donde en la rotonda de la palmera -Col\u00f3n y Eva Per\u00f3n- fue citado para intervenir en un hecho social durante la pandemia y<strong>\u00a0termin\u00f3 enca\u00f1onado con un arma de fuego<\/strong>, mientras le ped\u00edan \u201clas planchetas municipales\u201d y un presunto modus operandi de las transacciones con terrenos.\u00a0<strong>Nunca lo denunci\u00f3 en la Justicia<\/strong>\u00a0y estar\u00eda dispuesto a hacerlo ahora:\u00a0<strong>\u201cdespu\u00e9s uno desandando, me encuentro con que la persona que me apunta termina haciendo un trabajo en el Consejo Escolar,<\/strong>\u00a0que ten\u00eda relaci\u00f3n con algunos actores que son nombrados despu\u00e9s en el audio, el famoso audio que aparece en su momento, (el audio que se habla de los negocios de terrenos y se mencionan, entre otras cosas, los pasteles en referencia al dinero) donde nombran a esa persona y dicen lo que hicieron&#8221;.<strong>\u00a0\u00bfNombra abiertamente a un responsable? No, pero desliza, de m\u00ednima, cierta \u201ccomplicidad\u201d con el secretario privado del Intendente\u00a0<\/strong>de ese entonces. Y a un integrante del \u201cfamoso audio\u201d aunque no se desliza, para nada, qui\u00e9n puede ser dicho implicado. En esa conversaci\u00f3n hab\u00eda tres personas.\u00a0<\/p>\n<p>\u00a0<\/p>\n<p><img data-recalc-dims=\"1\" loading=\"lazy\" decoding=\"async\" class=\"alignnone size-full wp-image-171379 aligncenter\" src=\"https:\/\/i0.wp.com\/cdnoticias.com\/wp-content\/uploads\/2025\/05\/converso-ciancio.jpg?resize=800%2C454&#038;ssl=1\" alt=\"\" width=\"800\" height=\"454\" srcset=\"https:\/\/i0.wp.com\/cdnoticias.com\/wp-content\/uploads\/2025\/05\/converso-ciancio.jpg?w=1010&amp;ssl=1 1010w, https:\/\/i0.wp.com\/cdnoticias.com\/wp-content\/uploads\/2025\/05\/converso-ciancio.jpg?resize=300%2C170&amp;ssl=1 300w, https:\/\/i0.wp.com\/cdnoticias.com\/wp-content\/uploads\/2025\/05\/converso-ciancio.jpg?resize=768%2C436&amp;ssl=1 768w\" sizes=\"auto, (max-width: 800px) 100vw, 800px\" \/><\/p>\n<p><br \/><br \/>Tras ello, catalog\u00f3 de causa \u201cpol\u00edtica\u201d en la que termina imputado para \u201cdesprestigiar a la gesti\u00f3n Galli\u201d aunque, vale decir, hay m\u00e1s de 100 damnificados. Ciancio<strong>\u00a0reconoce que hay v\u00edctimas en este proceso<\/strong>, pero la relaci\u00f3n pol\u00edtica la da porque la mayor\u00eda fue<strong>\u00a0estafada \u201cpor mencionar como contactos de confianza al Intendente y funcionarios\u201d<\/strong>. \u00bfHacia d\u00f3nde fue la acusaci\u00f3n? A<strong>\u00a0Claudio Peralta<\/strong>, otro de los imputados: \u201cYo con Peralta sent\u00ed bronca, ganas de ir a buscarlo, porque era innecesario todo esto. Pas\u00f3 el tiempo y tengo que dedicarme a cuidar, porque hay una familia atr\u00e1s&#8221;.<br \/><br \/>A su vez, expuso<strong>\u00a0su cercan\u00eda en todo momento -incluso en la campa\u00f1a de 2023- con el ahora ex intendente Ezequiel Galli\u00a0<\/strong>y que tras perder las elecciones con Wesner, todo cambi\u00f3: incluso, admiti\u00f3 que nunca le pag\u00f3 los honorarios -que se comprometi\u00f3- a su abogado Pablo Salerno.\u00a0<strong>Valor\u00f3 que el ex Secretario de Gobierno y actual concejal Hilario Galli\u00a0<\/strong>haya aceptado tomar un caf\u00e9 con \u00e9l para hablar de los hechos, y lament\u00f3 que no haya sido Ezequiel el que tomara esa postura: \u201cdijo que le daba verg\u00fcenza\u201d admiti\u00f3.\u00a0\u00a0<br \/><br \/>Tambi\u00e9n\u00a0<strong>admiti\u00f3 ver \u201chechos de corrupci\u00f3n\u201d durante la gesti\u00f3n aunque no las describi\u00f3<\/strong>. En ese sentido, fue muy cauteloso y en m\u00e1s de una oportunidad dijo que aportar\u00eda nombres en la Justicia cuando sea citado a declarar.\u00a0<br \/><br \/>El\u00a0<strong>enojo\u00a0<\/strong>de fondo, m\u00e1s all\u00e1 de\u00a0<strong>considerarse inocente<\/strong>\u00a0por los hechos, es la\u00a0<strong>falta de defensa de la cabeza pol\u00edtica del Gobierno Municipal\u00a0<\/strong>de esos a\u00f1os, Ezequiel Galli, ante funcionarios que consideraba inocentes en lo privado, pero que manejaba como culpables en lo p\u00fablico. En ese grupo incluye, como m\u00ednimo, a\u00a0<strong>Diego Robbiani, ex Secretario de Desarrollo Humano y Calidad de Vida\u00a0<\/strong>y en la que Ciancio reportaba de forma directa. \u201cEra como si hablara con el Intendente\u201d dijo, incluso.<br \/><br \/>&#8220;Lo consideraba un amigo, lo consideraba alguien muy cercano.\u00a0 Ahora lo nombro porque ya no es m\u00e1s el Intendente&#8221;, agreg\u00f3 Ciancio sobre el ex Intendente, y una de las conclusiones que dej\u00f3 en la entrevista -que dura poco m\u00e1s de una hora- es que\u00a0<strong>&#8220;call\u00e9 mucho m\u00e1s de lo que despu\u00e9s recib\u00ed&#8221;<\/strong>.<br \/><br \/>\u00bfDijo que estaba dispuesto a declarar y dar nombres en la Justicia? El\u00a0<strong>abogado de los damnificados, Julio Beley<\/strong>, recogi\u00f3 ese guante y en di\u00e1logo con Verte dijo que\u00a0<strong>\u201cSi tiene tantas ganas de declarar, que declare\u201d<\/strong>. Y sigui\u00f3: \u201cEst\u00e1 toda la comunidad de Olavarr\u00eda y en especial las v\u00edctimas, muy interesadas en que Ciancio se explique y cuente c\u00f3mo fueron las cosas\u201d.<br \/><br \/>De hecho indic\u00f3 que habr\u00eda visto bueno para que declare y dese\u00f3\u00a0<em>que \u201cse conozca la verdad, que esta persona que estaba adentro cuente qu\u00e9 fue lo que realmente pas\u00f3\u00a0<\/em>y c\u00f3mo hicieron con los terrenos. \u00c9l formaba parte de los organismos de poder\u201d.<br \/><br \/>El tema parece quedar abierto para lo que viene: lo concreto es que\u00a0<strong>la entrevista gener\u00f3 una enorme repercusi\u00f3n<\/strong>\u00a0y un impacto en una causa que parec\u00eda que iba a quedar en los libros de historia y de golpe, puede tener novedades.\u00a0<br \/><br \/>Y la pregunta que muchos, much\u00edsimos se hicieron:\u00a0<strong>\u00bfCiancio dijo la verdad?<\/strong><br \/><br \/><u><strong>Una universidad partida en dos<\/strong><\/u><br \/><br \/><strong>\u201cCagando aceite\u201d<\/strong>\u00a0fue el tecnicismo encriptado y sutil con el que un dirigente, part\u00edcipe de varias negociaciones, caracteriz\u00f3 en di\u00e1logo con Volver a las Fuentes\u00a0<strong>la reelecci\u00f3n del m\u00e9dico veterinario Marcelo Aba como rector de la Unicen. Fue para el infarto: por dos votos<\/strong>, le gan\u00f3 a la f\u00f3rmula Laura Giosa &#8211; Silvia Stipcich.<br \/><br \/>No nos vamos a detener en los discursos y en los temas m\u00e1s de fondo, para eso est\u00e1 <a href=\"https:\/\/cdnoticias.com\/index.php\/2025\/05\/14\/en-un-final-muy-ajustado-marcelo-aba-seguira-siendo-rector-de-la-unicen\/\" target=\"_blank\" rel=\"noopener\">la asamblea que dur\u00f3 cuatro horas<\/a> y tuvo exposiciones de todos los gustos y colores, incluidos la de los tres decanos de Olavarr\u00eda. Hablaremos de algunas curiosidades y algunas roscas de fondo que mostraron la injerencia partidaria, el cruzamiento en elecciones que no son partidarias, y el rol importante que tuvo Olavarr\u00eda para que Aba se quede en el cargo -junto a Alicia Spinello- por cuatro a\u00f1os m\u00e1s.<br \/><br \/>Primero que lleg\u00e1bamos a una elecci\u00f3n con dos posturas fuertes dentro del peronismo: por un lado ten\u00edamos a un\u00a0<strong>Aba que llegaba tras reunirse con M\u00e1ximo Kirchner y dirigentes camporistas en Tandil<\/strong>, mientras que por el otro<strong>\u00a0Laura Giosa era oradora del plenario de Movimiento Derecho al Futuro en Tapalqu\u00e9<\/strong>, el espacio que encabeza el gobernador Kicillof.\u00a0<\/p>\n<p>\u00a0<\/p>\n<p><img data-recalc-dims=\"1\" loading=\"lazy\" decoding=\"async\" class=\"alignnone size-large wp-image-171549 aligncenter\" src=\"https:\/\/i0.wp.com\/cdnoticias.com\/wp-content\/uploads\/2025\/05\/elecciones-rector-unicen.jpg?resize=800%2C416&#038;ssl=1\" alt=\"\" width=\"800\" height=\"416\" srcset=\"https:\/\/i0.wp.com\/cdnoticias.com\/wp-content\/uploads\/2025\/05\/elecciones-rector-unicen.jpg?resize=1024%2C532&amp;ssl=1 1024w, https:\/\/i0.wp.com\/cdnoticias.com\/wp-content\/uploads\/2025\/05\/elecciones-rector-unicen.jpg?resize=300%2C156&amp;ssl=1 300w, https:\/\/i0.wp.com\/cdnoticias.com\/wp-content\/uploads\/2025\/05\/elecciones-rector-unicen.jpg?resize=768%2C399&amp;ssl=1 768w, https:\/\/i0.wp.com\/cdnoticias.com\/wp-content\/uploads\/2025\/05\/elecciones-rector-unicen.jpg?w=1271&amp;ssl=1 1271w\" sizes=\"auto, (max-width: 800px) 100vw, 800px\" \/><\/p>\n<p><br \/><br \/>Las dos reuniones generaron ruidos: mientras que algunos<strong>\u00a0acusaban de \u201ccerrar\u201d con los espacios pol\u00edticos<\/strong>, otros hasta con un peque\u00f1o manto de queja manifestaban\u00a0<strong>quedar \u201ccruzados\u201d entre los deseos pol\u00edticos<\/strong>\u00a0universitarios y los partidarios.\u00a0<br \/><br \/>\u00bfSe acuerdan que dijimos que Olavarr\u00eda iba a tener un rol importante en la elecci\u00f3n? A ver, seg\u00fan c\u00f3mo se analice la asamblea, se pueden sacar dos o tres votos de cualquier lado. Por ejemplo: si dos de los superiores no docentes cambiaban el voto de Aba a Giosa, era un empate y por c\u00f3mo ven\u00eda la tendencia, la ahora ex decana de Derecho ten\u00eda todos los n\u00fameros para ganar. Pero nosotros lo analizaremos en el rol de Olavarr\u00eda como sede, que tuvo un resultado mucho m\u00e1s contundente que el final.\u00a0<br \/><br \/>Si lo analizamos como sede,\u00a0<strong>Aba obtuvo 31 adhesiones contra 16 de Giosa<\/strong>, pr\u00e1cticamente el doble. Pero vamos a se\u00f1alar dos o tres detalles para pensar c\u00f3mo se lleg\u00f3 a ese n\u00famero y lo que vendr\u00e1.<br \/><br \/>Salvo una sorpresa en Sociales (un voto que fue para Flensborg-Casado en la elecci\u00f3n a decano que cambi\u00f3 a Giosa en rectorado)\u00a0<strong>la elecci\u00f3n fue pr\u00e1cticamente un calco de lo que pas\u00f3 una semana atr\u00e1s<\/strong>\u00a0en dicha casa de estudios.\u00a0<strong>La totalidad de los que votaron a Flensborg -salvo una consejera- fueron para Aba y los que votaron la f\u00f3rmula Peret-T\u00e9vez fueron para Gios<\/strong>a. La\u00a0<strong>decana saliente, Gabriela Gamberini, apost\u00f3 por la continuidad<\/strong>\u00a0del m\u00e9dico veterinario.<br \/><br \/><strong>En Ingenier\u00eda la votaci\u00f3n fue 9 para Aba, 6 para Giosa\u00a0<\/strong>(con un ausente). \u201cSi ese resultado se traslada a la elecci\u00f3n a decano,\u00a0<strong>Mar\u00eda Peralta (que vot\u00f3 a Aba) tiene todo para reelegir\u201d<\/strong>\u00a0dijo un analista que sigue de cerca la \u201crosca\u201d de Unicen. \u00bfEs un dato para tener en cuenta? S\u00ed, claro. \u00bfEs definitivo? No, porque falta -y bastante- para las elecciones del 30 de mayo. Incluso,\u00a0<strong>varios sectores por fuera de las dos listas no ver\u00edan con malos ojos generar un consenso<\/strong>\u00a0y posterior acuerdo. Pero hasta que eso pase, falta un abismo. Incluso, hoy es altamente probable que no suceda.<\/p>\n<p>\u00a0<\/p>\n<p><img data-recalc-dims=\"1\" loading=\"lazy\" decoding=\"async\" class=\"alignnone size-full wp-image-169265 aligncenter\" src=\"https:\/\/i0.wp.com\/cdnoticias.com\/wp-content\/uploads\/2025\/04\/anuncio-facultad-de-salud-00-marcelo-aba-hector-trebucq.jpg?resize=800%2C445&#038;ssl=1\" alt=\"\" width=\"800\" height=\"445\" srcset=\"https:\/\/i0.wp.com\/cdnoticias.com\/wp-content\/uploads\/2025\/04\/anuncio-facultad-de-salud-00-marcelo-aba-hector-trebucq.jpg?w=1000&amp;ssl=1 1000w, https:\/\/i0.wp.com\/cdnoticias.com\/wp-content\/uploads\/2025\/04\/anuncio-facultad-de-salud-00-marcelo-aba-hector-trebucq.jpg?resize=300%2C167&amp;ssl=1 300w, https:\/\/i0.wp.com\/cdnoticias.com\/wp-content\/uploads\/2025\/04\/anuncio-facultad-de-salud-00-marcelo-aba-hector-trebucq.jpg?resize=768%2C427&amp;ssl=1 768w, https:\/\/i0.wp.com\/cdnoticias.com\/wp-content\/uploads\/2025\/04\/anuncio-facultad-de-salud-00-marcelo-aba-hector-trebucq.jpg?resize=800%2C445&amp;ssl=1 800w\" sizes=\"auto, (max-width: 800px) 100vw, 800px\" \/><br \/><br \/><br \/><strong>En Salud<\/strong>\u00a0pasaron dos cosas: primero que la votaci\u00f3n fue id\u00e9ntica a Sociales (<strong>11 para Aba, 5 para Giosa<\/strong>) y la segunda que\u00a0<strong>decano y vicedecana (que vot\u00f3 por ser consejera) votaron distinto, blanqueando una diferencia\u00a0<\/strong>que los llevar\u00e1 a una elecci\u00f3n en la que, de repetir resultados,\u00a0<strong>consagrar\u00eda a Betina Bernardelli como decana de la Facultad de Ciencias de la Salud<\/strong>.<br \/><br \/>Es algo que venimos contando hace varias ediciones:\u00a0<strong>diversos factores llevaron a que \u201cCacho\u201d Trebucq termine en la vereda de enfrente de Aba<\/strong>, cuyo sector impuls\u00f3 a que Bernardelli se anime a encabezar una alternativa de gesti\u00f3n en la casa de estudios. A eso se le sum\u00f3 la elecci\u00f3n de compa\u00f1era de f\u00f3rmula, Ana Carla Falabella, que cay\u00f3 bien en el estudiantado que, vista la votaci\u00f3n a rector, podr\u00eda acompa\u00f1ar tambi\u00e9n en decanato.<br \/><br \/>Trebucq, que ten\u00eda como misi\u00f3n intentar reconciliar y acercarse con todos los sectores con los que se hab\u00eda distanciado -Aba, Bernardelli, etc- a\u00fan\u00a0<strong>no tiene compa\u00f1ero o compa\u00f1era de f\u00f3rmula y si bien no est\u00e1 descartado, dicen que empieza a alejarse la posibilidad de que busque la reelecci\u00f3n<\/strong>. Igual, y cada vez que hablamos en este apartado lo decimos,\u00a0<strong>es la foto del momento<\/strong>\u00a0que atraviesa la discusi\u00f3n pol\u00edtica. Todo puede pasar y m\u00e1s en este tipo de \u00e1mbitos donde la f\u00f3rmula se puede presentar el mismo d\u00eda de la asamblea de elecci\u00f3n de autoridades.<br \/><br \/><strong>Aba<\/strong>\u00a0habl\u00f3 con Radio Olavarr\u00eda horas despu\u00e9s de la hist\u00f3rica asamblea y anticip\u00f3 que\u00a0<strong>podr\u00eda haber cambios\u00a0<\/strong>no s\u00f3lo de nombres en su equipo de gesti\u00f3n, sino de cambios en la estructura para\u00a0<strong>trabajar por la regionalizaci\u00f3n de la universidad<\/strong>:\u00a0<em>\u201cno de declamarlo, sino cumplirlo, estar, satisfacer las necesidades, acompa\u00f1ar, abrir espacios, recibir opiniones, cambiar modos de uno, o pensamientos de uno, en funci\u00f3n de lo que la propia regi\u00f3n vaya solicitando\u201d.<\/em><br \/><br \/>Tambi\u00e9n opin\u00f3 que\u00a0<strong>la mayor\u00eda de los votos y la diferencia estuvo\u00a0<\/strong>en lo que pas\u00f3 en Sociales, Ingenier\u00eda, Salud y Agronom\u00eda, de Azul, de facultades\u00a0<strong>fuera de Tandil<\/strong>: volviendo a la regionalizaci\u00f3n, insisti\u00f3 en que no est\u00e1n \u201ctan lejos del objetivo, donde absolutamente estamos convencidos que resta much\u00edsimo por transitar, pero quiero decir, el camino parece ser este\u201d.<br \/><br \/>Ahora se viene una nueva etapa para Aba y Spinello, ya sin el inicio empantanado de la pandemia, pero con un comienzo plagado de incertidumbre por el\u00a0<strong>agudo recorte presupuestario del Gobierno Nacional<\/strong>. \u00bfUn dato?\u00a0<strong>La celebraci\u00f3n de Aba tras conocerse su ajustado triunfo, haciendo la \u201cV\u201d<\/strong>\u00a0que alg\u00fan distra\u00eddo podr\u00e1 decir que es de victoria pero que explicita un \u201cViva Per\u00f3n\u201d. \u00a1Carajo!<br \/><br \/><u><strong>Se viene la Rendici\u00f3n<\/strong><\/u><br \/><br \/>A fin de mes se tratar\u00e1\u00a0la\u00a0<strong>Rendici\u00f3n de Cuentas 2024 en el Concejo Deliberante<\/strong>. El bloque de\u00a0<strong>concejales radicales<\/strong>\u00a0adelant\u00f3 su lectura en las \u00faltimas horas:\u00a0<strong>\u201ces momento de hacer las cosas de otro modo, por eso no podemos acompa\u00f1ar esta rendici\u00f3n\u201d<\/strong>. Es la primera bancada en hacer p\u00fablica su postura.<br \/><br \/>Los concejales Pancho Gonz\u00e1lez y Sebasti\u00e1n Matrella apuntaron al resultado: \u201cparece dar super\u00e1vit, pero que en el detalle no es tan as\u00ed. Se puede deducir que sin la venta de la calle a la f\u00e1brica Loma Negra,\u00a0<strong>el resultado final ser\u00eda deficitario en alrededor de 900 millones\u201d.<\/strong>\u00a0Con ello advirtieron por las complicaciones con las que inici\u00f3 el 2025,<strong>\u00a0\u201cuna importante ca\u00edda en la recaudaci\u00f3n, pocas veces vista, y que no se busquen nuevas recetas para contrarrestarlo\u201d.<\/strong>\u00a0<\/p>\n<p>\u00a0<\/p>\n<p><img data-recalc-dims=\"1\" loading=\"lazy\" decoding=\"async\" class=\"alignnone size-full wp-image-171684 aligncenter\" src=\"https:\/\/i0.wp.com\/cdnoticias.com\/wp-content\/uploads\/2025\/05\/HCD-ucr.png?resize=800%2C445&#038;ssl=1\" alt=\"\" width=\"800\" height=\"445\" srcset=\"https:\/\/i0.wp.com\/cdnoticias.com\/wp-content\/uploads\/2025\/05\/HCD-ucr.png?w=800&amp;ssl=1 800w, https:\/\/i0.wp.com\/cdnoticias.com\/wp-content\/uploads\/2025\/05\/HCD-ucr.png?resize=300%2C167&amp;ssl=1 300w, https:\/\/i0.wp.com\/cdnoticias.com\/wp-content\/uploads\/2025\/05\/HCD-ucr.png?resize=768%2C427&amp;ssl=1 768w\" sizes=\"auto, (max-width: 800px) 100vw, 800px\" \/><\/p>\n<p><br \/><br \/>Cuestionaron a la secretaria de Hacienda, Eugenia Bezzoni por su permanencia en el cargo y siguieron\u00a0<strong>\u201cla verdadera casta en Olavarr\u00eda atraviesa las \u00faltimas tres gestiones municipales<\/strong>. Vemos un oficialismo que\u00a0<strong>en su rol de opositores eran muy cr\u00edticos de lo que ahora defienden<\/strong>, y\u00a0<strong>algunos que dicen ser opositores est\u00e1n m\u00e1s preocupados en hacer alianzas con sus antiguos detractores\u00a0<\/strong>para mantener cargos pol\u00edticos, lugares de privilegio y tratar de esconder su paso por la gesti\u00f3n municipal\u201d.<br \/><br \/>Tambi\u00e9n durante la semana,\u00a0<strong>La Libertad Avanza<\/strong>\u00a0present\u00f3 su lectura de la Rendici\u00f3n de Cuentas aunque en una reuni\u00f3n para sus militantes. Celeste Arouxet y Guillermo Lascano encabezaron esa charla.<br \/><br \/>El tema cobrar\u00e1 mayor relevancia en la agenda local en la semana que se inicia. Por ahora, anotamos dos votos del lado del rechazo.<br \/><br \/>Ya que estamos en el HCD, esta semana\u00a0<strong>integrantes de la Uni\u00f3n Industrial y del Parque Industrial<\/strong>\u00a0estuvieron en la comisi\u00f3n de\u00a0 Desarrollo Econ\u00f3mico. Fue el mi\u00e9rcoles y se habl\u00f3 del\u00a0<strong>proyecto de LLA sobre participaci\u00f3n p\u00fablico &#8211; privada para obras p\u00fablicas<\/strong>.<br \/><br \/><u><strong>El massismo olavarriense y su encuentro con Massa<\/strong><\/u><br \/><br \/>Ser\u00e1\u00a0<strong>a inicios de junio\u00a0<\/strong>en el marco de reuniones que el ex ministro de Econom\u00eda y candidato a Presidente en 2023 tiene con los distritos para hacer\u00a0<strong>un seguimiento de la situaci\u00f3n de los territorios en los que gobierna Uni\u00f3n por la Patria<\/strong>\u00a0y tiene participaci\u00f3n el massismo.\u00a0<br \/><br \/>As\u00ed fue indicado por fuentes cercanas al l\u00edder del Foro Olavarr\u00eda-Frente Renovador,\u00a0<strong>Eduardo Rodr\u00edguez<\/strong>, que se\u00f1alaron\u00a0que\u00a0<strong>este encuentro ser\u00e1 encabezado por el dirigente<\/strong>\u00a0y tendr\u00e1 participaci\u00f3n de los referentes del espacio.\u00a0<br \/><br \/>La reuni\u00f3n est\u00e1 bajo el marco de la\u00a0<strong>Fundaci\u00f3n Encuentro\u00a0<\/strong>que encabeza Massa, y que viene pregonando desde hace algunos meses\u00a0<strong>\u201cunidad y amplitud\u201d dentro de Uni\u00f3n por la Patria<\/strong>.<br \/><br \/>\u201cMassa est\u00e1 en este espacio desde el 2019 y fue fundamental ese a\u00f1o para ganar y en el 2023 para generar una alternativa competitiva que permiti\u00f3 ganar la provincia y muchos municipios como Olavarr\u00eda\u201d agreg\u00f3 la fuente consultada, que destac\u00f3 que se har\u00e1 un balance del aporte del espacio a la gesti\u00f3n municipal.<\/p>\n\n\n<p class=\"has-large-font-size\"><strong>El newsletter<\/strong><\/p>\n\n\n\n<p>Esta publicaci\u00f3n es la <a href=\"https:\/\/mailchi.mp\/3552c3a6fbba\/la-escuela-la-violencia-y-los-lmites?e=e4ffb04d40\" target=\"_blank\" rel=\"noreferrer noopener\">edici\u00f3n de este domingo del newsletter Volver a las Fuentes<\/a> que escriben Alexis Grierson y Josefina Bargas. <a href=\"https:\/\/linktr.ee\/volveralasfuentes\">Tiene un sistema de suscripci\u00f3n econ\u00f3mica y aportes \u00fanicos al que se puede acceder aqu\u00ed.<\/a><\/p>\n\n\n\n<p><\/p>\n","protected":false},"excerpt":{"rendered":"<p>El desborde de conflictos y una marcha convocada. Adem\u00e1s, Wesner en la reuni\u00f3n de La C\u00e1mpora en Tandil y habl\u00f3<\/p>\n","protected":false},"author":2,"featured_media":14877,"comment_status":"closed","ping_status":"closed","sticky":false,"template":"","format":"standard","meta":{"_jetpack_memberships_contains_paid_content":false,"footnotes":""},"categories":[4,1],"tags":[],"class_list":["post-171842","post","type-post","status-publish","format-standard","has-post-thumbnail","hentry","category-politica","category-portada"],"jetpack_featured_media_url":"https:\/\/i0.wp.com\/cdnoticias.com\/wp-content\/uploads\/2021\/02\/escuela-secundaria-8-w2.jpg?fit=800%2C445&ssl=1","jetpack_sharing_enabled":true,"_links":{"self":[{"href":"https:\/\/cdnoticias.com\/index.php\/wp-json\/wp\/v2\/posts\/171842","targetHints":{"allow":["GET"]}}],"collection":[{"href":"https:\/\/cdnoticias.com\/index.php\/wp-json\/wp\/v2\/posts"}],"about":[{"href":"https:\/\/cdnoticias.com\/index.php\/wp-json\/wp\/v2\/types\/post"}],"author":[{"embeddable":true,"href":"https:\/\/cdnoticias.com\/index.php\/wp-json\/wp\/v2\/users\/2"}],"replies":[{"embeddable":true,"href":"https:\/\/cdnoticias.com\/index.php\/wp-json\/wp\/v2\/comments?post=171842"}],"version-history":[{"count":0,"href":"https:\/\/cdnoticias.com\/index.php\/wp-json\/wp\/v2\/posts\/171842\/revisions"}],"wp:featuredmedia":[{"embeddable":true,"href":"https:\/\/cdnoticias.com\/index.php\/wp-json\/wp\/v2\/media\/14877"}],"wp:attachment":[{"href":"https:\/\/cdnoticias.com\/index.php\/wp-json\/wp\/v2\/media?parent=171842"}],"wp:term":[{"taxonomy":"category","embeddable":true,"href":"https:\/\/cdnoticias.com\/index.php\/wp-json\/wp\/v2\/categories?post=171842"},{"taxonomy":"post_tag","embeddable":true,"href":"https:\/\/cdnoticias.com\/index.php\/wp-json\/wp\/v2\/tags?post=171842"}],"curies":[{"name":"wp","href":"https:\/\/api.w.org\/{rel}","templated":true}]}}