{"id":171836,"date":"2025-05-18T19:48:18","date_gmt":"2025-05-18T22:48:18","guid":{"rendered":"https:\/\/cdnoticias.com\/?p=171836"},"modified":"2025-05-18T19:48:20","modified_gmt":"2025-05-18T22:48:20","slug":"funcionarios-provinciales-llegaran-a-la-apertura-de-la-casa-de-la-provincia","status":"publish","type":"post","link":"https:\/\/cdnoticias.com\/index.php\/2025\/05\/18\/funcionarios-provinciales-llegaran-a-la-apertura-de-la-casa-de-la-provincia\/","title":{"rendered":"Funcionarios provinciales llegar\u00e1n a la apertura de la Casa de la Provincia"},"content":{"rendered":"<p>Ser\u00e1 este lunes. Estar\u00e1n el subsecretario de Gesti\u00f3n Operativa de la Provincia y el director de Casas de la Provincia.<!--more--><\/p>\n<hr \/>\n<p><strong>Funcionarios provinciales llegar\u00e1n a Olavarr\u00eda<\/strong> este<strong> lunes<\/strong> para participar de la <strong>apertura formal de la Casa de la Provincia de Buenos Aires<\/strong>.<\/p>\n<p><a href=\"https:\/\/cdnoticias.com\/index.php\/2025\/05\/16\/la-semana-proxima-abrira-la-casa-de-la-provincia\/\" target=\"_blank\" rel=\"noopener\">Tal como se inform\u00f3 en <strong>Central de Noticias<\/strong><\/a>, la apertura de las oficinas est\u00e1 prevista para el lunes:<strong> ARBA, IOMA, Registro Civil y m\u00e1s dependencias<\/strong> de la administraci\u00f3n bonaerense pasar\u00e1n a funcionar en el <strong>edificio construido en Jun\u00edn y Necochea<\/strong>.<\/p>\n<blockquote><p>Desde la Gobernaci\u00f3n se inform\u00f3 de la puesta en funcionamiento y se anunci\u00f3 para ello la llegada a nuestra ciudad del subsecretario de Gesti\u00f3n Operativa de la Provincia, Juan Pablo Cusa y el director de Casas de la Provincia, Rodolfo Macera.<\/p><\/blockquote>\n","protected":false},"excerpt":{"rendered":"<p>Ser\u00e1 este lunes. Estar\u00e1n el subsecretario de Gesti\u00f3n Operativa de la Provincia y el director de Casas de la Provincia.<\/p>\n","protected":false},"author":2,"featured_media":171596,"comment_status":"closed","ping_status":"closed","sticky":false,"template":"","format":"standard","meta":{"_jetpack_memberships_contains_paid_content":false,"footnotes":""},"categories":[5,1],"tags":[],"class_list":["post-171836","post","type-post","status-publish","format-standard","has-post-thumbnail","hentry","category-informacion-general","category-portada"],"jetpack_featured_media_url":"https:\/\/i0.wp.com\/cdnoticias.com\/wp-content\/uploads\/2025\/05\/casa-de-la-provincia-abre-00.jpg?fit=1000%2C557&ssl=1","jetpack_sharing_enabled":true,"_links":{"self":[{"href":"https:\/\/cdnoticias.com\/index.php\/wp-json\/wp\/v2\/posts\/171836","targetHints":{"allow":["GET"]}}],"collection":[{"href":"https:\/\/cdnoticias.com\/index.php\/wp-json\/wp\/v2\/posts"}],"about":[{"href":"https:\/\/cdnoticias.com\/index.php\/wp-json\/wp\/v2\/types\/post"}],"author":[{"embeddable":true,"href":"https:\/\/cdnoticias.com\/index.php\/wp-json\/wp\/v2\/users\/2"}],"replies":[{"embeddable":true,"href":"https:\/\/cdnoticias.com\/index.php\/wp-json\/wp\/v2\/comments?post=171836"}],"version-history":[{"count":0,"href":"https:\/\/cdnoticias.com\/index.php\/wp-json\/wp\/v2\/posts\/171836\/revisions"}],"wp:featuredmedia":[{"embeddable":true,"href":"https:\/\/cdnoticias.com\/index.php\/wp-json\/wp\/v2\/media\/171596"}],"wp:attachment":[{"href":"https:\/\/cdnoticias.com\/index.php\/wp-json\/wp\/v2\/media?parent=171836"}],"wp:term":[{"taxonomy":"category","embeddable":true,"href":"https:\/\/cdnoticias.com\/index.php\/wp-json\/wp\/v2\/categories?post=171836"},{"taxonomy":"post_tag","embeddable":true,"href":"https:\/\/cdnoticias.com\/index.php\/wp-json\/wp\/v2\/tags?post=171836"}],"curies":[{"name":"wp","href":"https:\/\/api.w.org\/{rel}","templated":true}]}}