{"id":171807,"date":"2025-05-19T16:29:55","date_gmt":"2025-05-19T19:29:55","guid":{"rendered":"https:\/\/cdnoticias.com\/?p=171807"},"modified":"2025-05-19T16:29:57","modified_gmt":"2025-05-19T19:29:57","slug":"jornada-formativa-provincial-masculinidades-para-la-igualdad","status":"publish","type":"post","link":"https:\/\/cdnoticias.com\/index.php\/2025\/05\/19\/jornada-formativa-provincial-masculinidades-para-la-igualdad\/","title":{"rendered":"Jornada formativa provincial \u201cMasculinidades para la Igualdad\u201d"},"content":{"rendered":"\n<p>Los destinatarios fueron aquellos equipos que trabajan en el abordaje con varones que ejercen o han ejercido violencia. La actividad tuvo lugar en el Centro Cultural Municipal \u201cSan Jos\u00e9\u201d y cont\u00f3 con la presencia de referentes municipales y provinciales del \u00e1rea de g\u00e9nero.<\/p>\n\n\n\n<hr class=\"wp-block-separator aligncenter has-alpha-channel-opacity\"\/>\n\n\n\n<p>Los d\u00edas martes 13 y mi\u00e9rcoles 14 de mayo, Olavarr\u00eda fue sede de la<strong> jornada formativa provincial \u201cMasculinidades para la Igualdad\u201d; <\/strong>a cargo de la Direcci\u00f3n de Promoci\u00f3n de Masculinidades para la Igualdad de G\u00e9nero del Ministerio de Mujeres y Diversidad de la provincia de Buenos Aires.<\/p>\n\n\n\n<p><\/p>\n\n\n\n<p>La actividad tuvo lugar en el <strong>Centro Cultural Municipal \u201cSan Jos\u00e9<\/strong>\u201d y cont\u00f3 con la presencia de <strong>referentes municipales y provinciales del \u00e1rea de g\u00e9nero.<\/strong><\/p>\n\n\n\n<p><\/p>\n\n\n\n<p>En el primer encuentro, <strong>los destinatarios fueron aquellos equipos que trabajan en el abordaje con varones que ejercen o han ejercido violencia. <\/strong>Participaron\u00a0 representantes de los municipios de <strong>Olavarr\u00eda, Bol\u00edvar, Azul, Tapalqu\u00e9, Lamadrid, Laprida y Benito Ju\u00e1rez.<\/strong><\/p>\n\n\n\n<p><\/p>\n\n\n\n<blockquote class=\"wp-block-quote is-layout-flow wp-block-quote-is-layout-flow\">\n<p>En esta ocasi\u00f3n, el trabajo se centr\u00f3 en la posibilidad de planificar estrategias de evaluaci\u00f3n y registro dentro de las pol\u00edticas p\u00fablicas con herramientas metodol\u00f3gicas y conceptuales.\u00a0<\/p>\n<\/blockquote>\n\n\n\n<p><\/p>\n\n\n\n<figure class=\"wp-block-image aligncenter size-full\"><img data-recalc-dims=\"1\" loading=\"lazy\" decoding=\"async\" width=\"800\" height=\"470\" src=\"https:\/\/i0.wp.com\/cdnoticias.com\/wp-content\/uploads\/2025\/05\/encuentro-masculinidades3.png?resize=800%2C470&#038;ssl=1\" alt=\"\" class=\"wp-image-171809\" srcset=\"https:\/\/i0.wp.com\/cdnoticias.com\/wp-content\/uploads\/2025\/05\/encuentro-masculinidades3.png?w=886&amp;ssl=1 886w, https:\/\/i0.wp.com\/cdnoticias.com\/wp-content\/uploads\/2025\/05\/encuentro-masculinidades3.png?resize=300%2C176&amp;ssl=1 300w, https:\/\/i0.wp.com\/cdnoticias.com\/wp-content\/uploads\/2025\/05\/encuentro-masculinidades3.png?resize=768%2C452&amp;ssl=1 768w\" sizes=\"auto, (max-width: 800px) 100vw, 800px\" \/><\/figure>\n\n\n\n<p><\/p>\n\n\n\n<p>&#8220;Esto permite no s\u00f3lo defender las estrategias no punitivas destinadas al abordaje con varones que han ejercido violencias de g\u00e9nero, sino adem\u00e1s <strong>promover pr\u00e1cticas de cuidado hacia los equipos mismos, <\/strong>en esta tarea tan ardua y compleja como lo es el abordaje de las violencias en la provincia de Buenos Aires&#8221; se\u00f1alaron. <\/p>\n\n\n\n<p><\/p>\n\n\n\n<p>Por su parte, en el segundo encuentro, referentes del \u00e1rea bonaerense de Masculinidades <strong>brindaron una charla a los\/as funcionarios\/as y referentes de nuestros servicios municipales,<\/strong> con la intenci\u00f3n de transversalizar la tem\u00e1tica de masculinidades <strong>en todos los \u00e1mbitos municipales.\u00a0<\/strong><\/p>\n\n\n\n<p><\/p>\n\n\n\n<blockquote class=\"wp-block-quote is-layout-flow wp-block-quote-is-layout-flow\">\n<p>En este sentido, se realiz\u00f3 un recorrido sobre los mandatos de la masculinidad, los cuidados, las trayectorias educativas, los varones y la conflictividad en el espacio p\u00fablico, entre otros.<\/p>\n<\/blockquote>\n\n\n\n<p><\/p>\n\n\n\n<figure class=\"wp-block-image aligncenter size-full\"><img data-recalc-dims=\"1\" loading=\"lazy\" decoding=\"async\" width=\"800\" height=\"454\" src=\"https:\/\/i0.wp.com\/cdnoticias.com\/wp-content\/uploads\/2025\/05\/encuentro-masculinidades2.png?resize=800%2C454&#038;ssl=1\" alt=\"\" class=\"wp-image-171810\" srcset=\"https:\/\/i0.wp.com\/cdnoticias.com\/wp-content\/uploads\/2025\/05\/encuentro-masculinidades2.png?w=889&amp;ssl=1 889w, https:\/\/i0.wp.com\/cdnoticias.com\/wp-content\/uploads\/2025\/05\/encuentro-masculinidades2.png?resize=300%2C170&amp;ssl=1 300w, https:\/\/i0.wp.com\/cdnoticias.com\/wp-content\/uploads\/2025\/05\/encuentro-masculinidades2.png?resize=768%2C435&amp;ssl=1 768w\" sizes=\"auto, (max-width: 800px) 100vw, 800px\" \/><\/figure>\n\n\n\n<p><\/p>\n\n\n\n<p>El Municipio de Olavarr\u00eda cuenta con un <strong>dispositivo de Masculinidades<\/strong> desde hace varios a\u00f1os, que trabaja con personas que ejercen violencias por razones de g\u00e9nero.\u00a0Los equipos que lo integran reciben demanda de los juzgados de familia y de garant\u00edas de nuestra ciudad, as\u00ed como tambi\u00e9n de otras instituciones de la ciudad.<\/p>\n\n\n\n<p><\/p>\n\n\n\n<p>Asimismo, <strong>se trabaja desde la idea de la transversalidad.<\/strong> El objetivo general del dispositivo es contribuir al abordaje integral de las violencias por razones de g\u00e9nero; bajo la premisa de hacer realidad la idea de integralidad, como modo de dar cumplimiento a la normativa vigente y para aminorar la incidencia de las violencias en nuestras ciudades.<\/p>\n\n\n\n<p><\/p>\n\n\n\n<p>Participaron de la jornada: Luc\u00eda Portos, Subsecretar\u00eda de Pol\u00edticas de G\u00e9nero y Diversidad Sexual del Ministerio de Mujeres bonaerense; Ariel S\u00e1nchez, Director provincial de Masculinidades para la Igualdad de G\u00e9nero; y Hosanna Cazola, Directora Regional de la S\u00e9ptima del Ministerio de Mujeres de la PBA. Por la gesti\u00f3n municipal se hicieron presentes. Mercedes Land\u00edvar, jefa de Gabinete; Laura Gamberini, secretaria de Desarrollo de la Comunidad; y Patricia P\u00e9rez, Directora de Mujeres, G\u00e9neros y Diversidad.<\/p>\n","protected":false},"excerpt":{"rendered":"<p>Los destinatarios fueron aquellos equipos que trabajan en el abordaje con varones que ejercen o han ejercido violencia. La actividad<\/p>\n","protected":false},"author":6,"featured_media":171811,"comment_status":"closed","ping_status":"closed","sticky":false,"template":"","format":"standard","meta":{"_jetpack_memberships_contains_paid_content":false,"footnotes":""},"categories":[5,1],"tags":[],"class_list":["post-171807","post","type-post","status-publish","format-standard","has-post-thumbnail","hentry","category-informacion-general","category-portada"],"jetpack_featured_media_url":"https:\/\/i0.wp.com\/cdnoticias.com\/wp-content\/uploads\/2025\/05\/encuentro-masculinidades.png?fit=882%2C495&ssl=1","jetpack_sharing_enabled":true,"_links":{"self":[{"href":"https:\/\/cdnoticias.com\/index.php\/wp-json\/wp\/v2\/posts\/171807","targetHints":{"allow":["GET"]}}],"collection":[{"href":"https:\/\/cdnoticias.com\/index.php\/wp-json\/wp\/v2\/posts"}],"about":[{"href":"https:\/\/cdnoticias.com\/index.php\/wp-json\/wp\/v2\/types\/post"}],"author":[{"embeddable":true,"href":"https:\/\/cdnoticias.com\/index.php\/wp-json\/wp\/v2\/users\/6"}],"replies":[{"embeddable":true,"href":"https:\/\/cdnoticias.com\/index.php\/wp-json\/wp\/v2\/comments?post=171807"}],"version-history":[{"count":0,"href":"https:\/\/cdnoticias.com\/index.php\/wp-json\/wp\/v2\/posts\/171807\/revisions"}],"wp:featuredmedia":[{"embeddable":true,"href":"https:\/\/cdnoticias.com\/index.php\/wp-json\/wp\/v2\/media\/171811"}],"wp:attachment":[{"href":"https:\/\/cdnoticias.com\/index.php\/wp-json\/wp\/v2\/media?parent=171807"}],"wp:term":[{"taxonomy":"category","embeddable":true,"href":"https:\/\/cdnoticias.com\/index.php\/wp-json\/wp\/v2\/categories?post=171807"},{"taxonomy":"post_tag","embeddable":true,"href":"https:\/\/cdnoticias.com\/index.php\/wp-json\/wp\/v2\/tags?post=171807"}],"curies":[{"name":"wp","href":"https:\/\/api.w.org\/{rel}","templated":true}]}}