{"id":171796,"date":"2025-05-18T10:30:57","date_gmt":"2025-05-18T13:30:57","guid":{"rendered":"https:\/\/cdnoticias.com\/?p=171796"},"modified":"2025-05-18T18:59:19","modified_gmt":"2025-05-18T21:59:19","slug":"consejo-de-seguridad-destinaran-camionetas-pick-up-a-recalde-espigas-y-santa-luisa","status":"publish","type":"post","link":"https:\/\/cdnoticias.com\/index.php\/2025\/05\/18\/consejo-de-seguridad-destinaran-camionetas-pick-up-a-recalde-espigas-y-santa-luisa\/","title":{"rendered":"Consejo de Seguridad: destinar\u00e1n camionetas pick up a Recalde, Espigas y Santa Luisa"},"content":{"rendered":"\n<p>En el encuentro que cont\u00f3 con alrededor de 50 personas se dialog\u00f3 sobre la seguridad y la prevenci\u00f3n de il\u00edcitos en todo el Partido. Nuevas c\u00e1maras de seguridad y abordaje integral en materia de consumos problem\u00e1ticos.<\/p>\n\n\n\n<hr class=\"wp-block-separator aligncenter has-alpha-channel-opacity\"\/>\n\n\n\n<p>Este viernes se llev\u00f3 a cabo la<strong> reuni\u00f3n del Consejo de Seguridad, <\/strong>la cual estuvo <strong>encabezada por el intendente Maximiliano Wesner<\/strong> y se desarroll\u00f3 en la Sala de Reuniones del Municipio.\u00a0<\/p>\n\n\n\n<p><\/p>\n\n\n\n<p>En ese marco se abordaron diversas cuestiones que hacen, precisamente, a la<strong> seguridad y a la prevenci\u00f3n de il\u00edcitos en todo el Partido<\/strong>, pero desde un abordaje integral, con <strong>multiplicidad de voces y perspectivas.\u00a0<\/strong><\/p>\n\n\n\n<p><\/p>\n\n\n\n<p>Tal es as\u00ed que se cont\u00f3 con la<strong> participaci\u00f3n de alrededor de 50 personas, <\/strong>quienes representaron fuerzas de seguridad, el Ministerio P\u00fablico Fiscal y numerosas instituciones tales como la Sociedad Rural, la Cooperativa Agraria, Coopelectric, C\u00e1mara Empresaria y productores autoconvocados.<\/p>\n\n\n\n<p><\/p>\n\n\n\n<p>En la ocasi\u00f3n el jefe comunal, quien estuvo acompa\u00f1ado por la <strong>Jefa de Gabinete Mercedes Land\u00edvar<\/strong> y el <strong>subsecretario de Protecci\u00f3n Ciudadana El\u00edas Quintas,<\/strong> fue el encargado de dar las palabras de bienvenida y tambi\u00e9n agradecimiento a cada una de las personas presentes.<\/p>\n\n\n\n<p><\/p>\n\n\n\n<figure class=\"wp-block-image aligncenter size-full\"><img data-recalc-dims=\"1\" loading=\"lazy\" decoding=\"async\" width=\"800\" height=\"438\" src=\"https:\/\/i0.wp.com\/cdnoticias.com\/wp-content\/uploads\/2025\/05\/consejo-seguridad.png?resize=800%2C438&#038;ssl=1\" alt=\"\" class=\"wp-image-171800\" srcset=\"https:\/\/i0.wp.com\/cdnoticias.com\/wp-content\/uploads\/2025\/05\/consejo-seguridad.png?w=889&amp;ssl=1 889w, https:\/\/i0.wp.com\/cdnoticias.com\/wp-content\/uploads\/2025\/05\/consejo-seguridad.png?resize=300%2C164&amp;ssl=1 300w, https:\/\/i0.wp.com\/cdnoticias.com\/wp-content\/uploads\/2025\/05\/consejo-seguridad.png?resize=768%2C421&amp;ssl=1 768w\" sizes=\"auto, (max-width: 800px) 100vw, 800px\" \/><\/figure>\n\n\n\n<p><\/p>\n\n\n\n<blockquote class=\"wp-block-quote is-layout-flow wp-block-quote-is-layout-flow\">\n<p>Wesner brind\u00f3 precisiones acerca de c\u00f3mo se destinar\u00e1n los recursos del Fondo de Fortalecimiento de Seguridad: si bien d\u00edas atr\u00e1s, en el marco de la presentaci\u00f3n de los nuevos agentes de la UTOI, revel\u00f3 que se comprar\u00e1n 5 autom\u00f3viles y 3 camionetas 4\u00d74, el intendente detall\u00f3 que estas pick ups ser\u00e1n destinadas a localidades de Recalde, Espigas y Santa Luisa, para incrementar la prevenci\u00f3n en materia de delitos rurales.<\/p>\n<\/blockquote>\n\n\n\n<p><\/p>\n\n\n\n<p>En ese marco, desde el Ministerio P\u00fablico Fiscal se detall\u00f3 que <strong>este tipo de delitos presentan una baja de alrededor del 50%,<\/strong> si se la compara con la misma \u00e9poca del a\u00f1o 2024.<\/p>\n\n\n\n<p><\/p>\n\n\n\n<p>La elecci\u00f3n del lugar donde se llev\u00f3 a cabo la actividad, la renovada Sala de Reuniones, se explic\u00f3 tambi\u00e9n en la capacidad de <strong>poder mostrar a trav\u00e9s de pantallas el trabajo que se viene realizando desde el Centro de Monitoreo <\/strong>en <strong>materia de recuperaci\u00f3n e instalaci\u00f3n de c\u00e1maras de seguridad.<\/strong><\/p>\n\n\n\n<p><\/p>\n\n\n\n<p>El subsecretario Quintas explic\u00f3 c\u00f3mo ya se ha llevado a cabo la<strong> recuperaci\u00f3n de m\u00e1s de 60 dispositivos<\/strong> y c\u00f3mo ese trabajo avanzar\u00e1 sobre <strong>sitios estrat\u00e9gicos de la ciudad y el Partido.\u00a0<\/strong><\/p>\n\n\n\n<p><\/p>\n\n\n\n<figure class=\"wp-block-image aligncenter size-full\"><img data-recalc-dims=\"1\" loading=\"lazy\" decoding=\"async\" width=\"800\" height=\"451\" src=\"https:\/\/i0.wp.com\/cdnoticias.com\/wp-content\/uploads\/2025\/05\/consejo-seguridad2.png?resize=800%2C451&#038;ssl=1\" alt=\"\" class=\"wp-image-171798\" srcset=\"https:\/\/i0.wp.com\/cdnoticias.com\/wp-content\/uploads\/2025\/05\/consejo-seguridad2.png?w=896&amp;ssl=1 896w, https:\/\/i0.wp.com\/cdnoticias.com\/wp-content\/uploads\/2025\/05\/consejo-seguridad2.png?resize=300%2C169&amp;ssl=1 300w, https:\/\/i0.wp.com\/cdnoticias.com\/wp-content\/uploads\/2025\/05\/consejo-seguridad2.png?resize=768%2C433&amp;ssl=1 768w\" sizes=\"auto, (max-width: 800px) 100vw, 800px\" \/><\/figure>\n\n\n\n<p><\/p>\n\n\n\n<blockquote class=\"wp-block-quote is-layout-flow wp-block-quote-is-layout-flow\">\n<p>Las personas presentes pudieron observar c\u00f3mo se lleva a cabo el monitoreo en vivo, como as\u00ed tambi\u00e9n los sitios donde avanza este programa de recuperaci\u00f3n que se ejecuta con recursos propios.<\/p>\n<\/blockquote>\n\n\n\n<p><\/p>\n\n\n\n<p>Entre otros temas, se abord\u00f3 tambi\u00e9n la pol\u00edtica de descentralizaci\u00f3n de las fuerzas y c\u00f3mo el predio del <strong>ex Matadero Municipal ser\u00e1 no solo un Centro Recreativo y Deportivo, sino que tambi\u00e9n ser\u00e1 sede del Comando de Patrullas<\/strong>, lo que tambi\u00e9n permitir\u00e1 dar respuesta al pedido de presencia policial en ese sector de la ciudad.<\/p>\n\n\n\n<p><\/p>\n\n\n\n<p>Por \u00faltimo, tambi\u00e9n se dialog\u00f3 acerca de la necesidad de <strong>continuar con el desarrollo de un abordaje integral en materia de consumos problem\u00e1ticos,<\/strong> una problem\u00e1tica transversal a todos los delitos, seg\u00fan se lo detall\u00f3 desde el Ministerio P\u00fablico Fiscal.<\/p>\n\n\n\n<p><\/p>\n\n\n\n<p>De la reuni\u00f3n tambi\u00e9n fueron parte funcionarios de la Secretar\u00eda de Desarrollo Econ\u00f3mico y Productivo, de la Direcci\u00f3n de Desarrollo Agropecuario, Subsecretar\u00eda de Protecci\u00f3n Ciudadana, Centro de Monitoreo y Delegaciones Municipales de localidades serranas y rurales.<\/p>\n","protected":false},"excerpt":{"rendered":"<p>En el encuentro que cont\u00f3 con alrededor de 50 personas se dialog\u00f3 sobre la seguridad y la prevenci\u00f3n de il\u00edcitos<\/p>\n","protected":false},"author":6,"featured_media":171799,"comment_status":"closed","ping_status":"closed","sticky":false,"template":"","format":"standard","meta":{"_jetpack_memberships_contains_paid_content":false,"footnotes":""},"categories":[5,1],"tags":[],"class_list":["post-171796","post","type-post","status-publish","format-standard","has-post-thumbnail","hentry","category-informacion-general","category-portada"],"jetpack_featured_media_url":"https:\/\/i0.wp.com\/cdnoticias.com\/wp-content\/uploads\/2025\/05\/consejo-seguridad1.png?fit=879%2C543&ssl=1","jetpack_sharing_enabled":true,"_links":{"self":[{"href":"https:\/\/cdnoticias.com\/index.php\/wp-json\/wp\/v2\/posts\/171796","targetHints":{"allow":["GET"]}}],"collection":[{"href":"https:\/\/cdnoticias.com\/index.php\/wp-json\/wp\/v2\/posts"}],"about":[{"href":"https:\/\/cdnoticias.com\/index.php\/wp-json\/wp\/v2\/types\/post"}],"author":[{"embeddable":true,"href":"https:\/\/cdnoticias.com\/index.php\/wp-json\/wp\/v2\/users\/6"}],"replies":[{"embeddable":true,"href":"https:\/\/cdnoticias.com\/index.php\/wp-json\/wp\/v2\/comments?post=171796"}],"version-history":[{"count":0,"href":"https:\/\/cdnoticias.com\/index.php\/wp-json\/wp\/v2\/posts\/171796\/revisions"}],"wp:featuredmedia":[{"embeddable":true,"href":"https:\/\/cdnoticias.com\/index.php\/wp-json\/wp\/v2\/media\/171799"}],"wp:attachment":[{"href":"https:\/\/cdnoticias.com\/index.php\/wp-json\/wp\/v2\/media?parent=171796"}],"wp:term":[{"taxonomy":"category","embeddable":true,"href":"https:\/\/cdnoticias.com\/index.php\/wp-json\/wp\/v2\/categories?post=171796"},{"taxonomy":"post_tag","embeddable":true,"href":"https:\/\/cdnoticias.com\/index.php\/wp-json\/wp\/v2\/tags?post=171796"}],"curies":[{"name":"wp","href":"https:\/\/api.w.org\/{rel}","templated":true}]}}