{"id":171783,"date":"2025-05-17T20:21:53","date_gmt":"2025-05-17T23:21:53","guid":{"rendered":"https:\/\/cdnoticias.com\/?p=171783"},"modified":"2025-05-18T09:33:48","modified_gmt":"2025-05-18T12:33:48","slug":"se-registra-la-salida-del-servicio-electrico-en-todo-el-partido-de-olavarria","status":"publish","type":"post","link":"https:\/\/cdnoticias.com\/index.php\/2025\/05\/17\/se-registra-la-salida-del-servicio-electrico-en-todo-el-partido-de-olavarria\/","title":{"rendered":"Se registra la salida del Servicio El\u00e9ctrico en todo el Partido de Olavarr\u00eda"},"content":{"rendered":"\n<p>Desde Coopelectric informaron que se debe a una falla en la Estaci\u00f3n Transformadora de TRANSBA (132 kV, Alta Tensi\u00f3n).<\/p>\n\n\n\n<hr class=\"wp-block-separator aligncenter has-alpha-channel-opacity\"\/>\n\n\n\n<p><\/p>\n\n\n\n<p>La ciudad de Olavarr\u00eda <strong>qued\u00f3 sin luz durante m\u00e1s de una hora.<\/strong> Desde Cooplectric se inform\u00f3 que <strong>se debi\u00f3 a una falla en la Estaci\u00f3n Transformadora de TRANSBA<\/strong> (132 kV, Alta Tensi\u00f3n).<\/p>\n\n\n\n<p><\/p>\n\n\n\n<blockquote class=\"wp-block-quote is-layout-flow wp-block-quote-is-layout-flow\">\n<p>Por tal motivo, resultan afectados los transformadores que alimentan las l\u00edneas de Media y Baja Tensi\u00f3n de Olavarr\u00eda, que atiende Coopelectric.<\/p>\n<\/blockquote>\n\n\n\n<p><\/p>\n\n\n\n<p>El personal de TRANSBA se encuentra realizando las <strong>tareas correspondientes <\/strong>para poder restablecer el suministro.<\/p>\n\n\n\n<p><\/p>\n","protected":false},"excerpt":{"rendered":"<p>Desde Coopelectric informaron que se debe a una falla en la Estaci\u00f3n Transformadora de TRANSBA (132 kV, Alta Tensi\u00f3n). La<\/p>\n","protected":false},"author":6,"featured_media":171785,"comment_status":"closed","ping_status":"closed","sticky":false,"template":"","format":"standard","meta":{"_jetpack_memberships_contains_paid_content":false,"footnotes":""},"categories":[5,1],"tags":[],"class_list":["post-171783","post","type-post","status-publish","format-standard","has-post-thumbnail","hentry","category-informacion-general","category-portada"],"jetpack_featured_media_url":"https:\/\/i0.wp.com\/cdnoticias.com\/wp-content\/uploads\/2025\/05\/corte-de-luz-todo-el-partido-olav.jpg?fit=900%2C505&ssl=1","jetpack_sharing_enabled":true,"_links":{"self":[{"href":"https:\/\/cdnoticias.com\/index.php\/wp-json\/wp\/v2\/posts\/171783","targetHints":{"allow":["GET"]}}],"collection":[{"href":"https:\/\/cdnoticias.com\/index.php\/wp-json\/wp\/v2\/posts"}],"about":[{"href":"https:\/\/cdnoticias.com\/index.php\/wp-json\/wp\/v2\/types\/post"}],"author":[{"embeddable":true,"href":"https:\/\/cdnoticias.com\/index.php\/wp-json\/wp\/v2\/users\/6"}],"replies":[{"embeddable":true,"href":"https:\/\/cdnoticias.com\/index.php\/wp-json\/wp\/v2\/comments?post=171783"}],"version-history":[{"count":0,"href":"https:\/\/cdnoticias.com\/index.php\/wp-json\/wp\/v2\/posts\/171783\/revisions"}],"wp:featuredmedia":[{"embeddable":true,"href":"https:\/\/cdnoticias.com\/index.php\/wp-json\/wp\/v2\/media\/171785"}],"wp:attachment":[{"href":"https:\/\/cdnoticias.com\/index.php\/wp-json\/wp\/v2\/media?parent=171783"}],"wp:term":[{"taxonomy":"category","embeddable":true,"href":"https:\/\/cdnoticias.com\/index.php\/wp-json\/wp\/v2\/categories?post=171783"},{"taxonomy":"post_tag","embeddable":true,"href":"https:\/\/cdnoticias.com\/index.php\/wp-json\/wp\/v2\/tags?post=171783"}],"curies":[{"name":"wp","href":"https:\/\/api.w.org\/{rel}","templated":true}]}}