{"id":171772,"date":"2025-05-19T10:18:23","date_gmt":"2025-05-19T13:18:23","guid":{"rendered":"https:\/\/cdnoticias.com\/?p=171772"},"modified":"2025-05-19T10:18:24","modified_gmt":"2025-05-19T13:18:24","slug":"martin-endere-participo-del-foro-federal-de-consejos-de-la-magistratura","status":"publish","type":"post","link":"https:\/\/cdnoticias.com\/index.php\/2025\/05\/19\/martin-endere-participo-del-foro-federal-de-consejos-de-la-magistratura\/","title":{"rendered":"Mart\u00edn Endere particip\u00f3 del Foro Federal de Consejos de la Magistratura"},"content":{"rendered":"\n<p>\u201cLas jornadas resultaron una excelente oportunidad para conocer la realidad de los distintos Consejos y la institucionalidad que ellos representan\u201d expres\u00f3 Endere.&nbsp;<\/p>\n\n\n\n<hr class=\"wp-block-separator aligncenter has-alpha-channel-opacity\"\/>\n\n\n\n<p>El <strong>diputado provincial<\/strong> e integrante del Consejo de la Magistratura de la provincia de Buenos Aires <strong>Mart\u00edn Endere<\/strong> particip\u00f3 este jueves y viernes en Paran\u00e1 y Santa Fe de las <strong>38\u00b0 Jornadas Nacionales del Foro Federal de Consejos de la Magistratura y Jurados de Enjuiciamiento de Argentina<\/strong> (Fofecma).<\/p>\n\n\n\n<p><\/p>\n\n\n\n<p>La apertura, que cont\u00f3 con la apertura del gobernador de Entre R\u00edos Rogelio Frigerio y del presidente del Consejo de la Magistrarura entrerriano Mauro Vaz\u00f3n, se realiz\u00f3 en el Centro Provincia de Convenciones de Paran\u00e1. El cierre, a cargo de Maximiliano Pullaro, tuvo lugar en la Facultad de Ciencias Jur\u00eddicas y Sociales de Santa F\u00e9.<\/p>\n\n\n\n<p><\/p>\n\n\n\n<p>Mart\u00edn Endere particip\u00f3 junto a los consejeros de la provincia de Buenos Aires Valent\u00edn Miranda, Ana Laura Ramos, Marina Mongiardino y Gustavo Soos.<\/p>\n\n\n\n<p><\/p>\n\n\n\n<figure class=\"wp-block-image aligncenter size-full\"><img data-recalc-dims=\"1\" loading=\"lazy\" decoding=\"async\" width=\"800\" height=\"463\" src=\"https:\/\/i0.wp.com\/cdnoticias.com\/wp-content\/uploads\/2025\/05\/endere-parana.png?resize=800%2C463&#038;ssl=1\" alt=\"\" class=\"wp-image-171774\" srcset=\"https:\/\/i0.wp.com\/cdnoticias.com\/wp-content\/uploads\/2025\/05\/endere-parana.png?w=888&amp;ssl=1 888w, https:\/\/i0.wp.com\/cdnoticias.com\/wp-content\/uploads\/2025\/05\/endere-parana.png?resize=300%2C174&amp;ssl=1 300w, https:\/\/i0.wp.com\/cdnoticias.com\/wp-content\/uploads\/2025\/05\/endere-parana.png?resize=768%2C445&amp;ssl=1 768w\" sizes=\"auto, (max-width: 800px) 100vw, 800px\" \/><\/figure>\n\n\n\n<p><\/p>\n\n\n\n<blockquote class=\"wp-block-quote is-layout-flow wp-block-quote-is-layout-flow\">\n<p>\u201cFue una gran experiencia de trabajo del Consejo, donde pudimos abordar los desaf\u00edos que afronta la Justicia y el proceso de modernizaci\u00f3n que se est\u00e1 llevando a cabo en el proceso de selecci\u00f3n de los magistrados\u201d, explic\u00f3 el legislador olavarriense.<\/p>\n<\/blockquote>\n\n\n\n<p><\/p>\n\n\n\n<p>Adem\u00e1s, el Diputado indic\u00f3 que \u201clas jornadas resultaron una excelente oportunidad para conocer la realidad de los distintos Consejos y la institucionalidad que ellos representan\u201d.<\/p>\n\n\n\n<p><\/p>\n\n\n\n<p><strong>\u201cSe est\u00e1 trabajando fuertemente en todo el pa\u00eds en un proceso de humanizaci\u00f3n de la Justicia y la incorporaci\u00f3n de la Inteligencia Artificial como una nueva herramienta de trabajo y la provincia de Buenos Aires debe ser parte de esta etapa de modernizaci\u00f3n\u201d<\/strong>, finaliz\u00f3 Endere.<\/p>\n\n\n\n<p><\/p>\n","protected":false},"excerpt":{"rendered":"<p>\u201cLas jornadas resultaron una excelente oportunidad para conocer la realidad de los distintos Consejos y la institucionalidad que ellos representan\u201d<\/p>\n","protected":false},"author":6,"featured_media":171773,"comment_status":"closed","ping_status":"closed","sticky":false,"template":"","format":"standard","meta":{"_jetpack_memberships_contains_paid_content":false,"footnotes":""},"categories":[4,1],"tags":[],"class_list":["post-171772","post","type-post","status-publish","format-standard","has-post-thumbnail","hentry","category-politica","category-portada"],"jetpack_featured_media_url":"https:\/\/i0.wp.com\/cdnoticias.com\/wp-content\/uploads\/2025\/05\/endere-parana2.png?fit=929%2C486&ssl=1","jetpack_sharing_enabled":true,"_links":{"self":[{"href":"https:\/\/cdnoticias.com\/index.php\/wp-json\/wp\/v2\/posts\/171772","targetHints":{"allow":["GET"]}}],"collection":[{"href":"https:\/\/cdnoticias.com\/index.php\/wp-json\/wp\/v2\/posts"}],"about":[{"href":"https:\/\/cdnoticias.com\/index.php\/wp-json\/wp\/v2\/types\/post"}],"author":[{"embeddable":true,"href":"https:\/\/cdnoticias.com\/index.php\/wp-json\/wp\/v2\/users\/6"}],"replies":[{"embeddable":true,"href":"https:\/\/cdnoticias.com\/index.php\/wp-json\/wp\/v2\/comments?post=171772"}],"version-history":[{"count":0,"href":"https:\/\/cdnoticias.com\/index.php\/wp-json\/wp\/v2\/posts\/171772\/revisions"}],"wp:featuredmedia":[{"embeddable":true,"href":"https:\/\/cdnoticias.com\/index.php\/wp-json\/wp\/v2\/media\/171773"}],"wp:attachment":[{"href":"https:\/\/cdnoticias.com\/index.php\/wp-json\/wp\/v2\/media?parent=171772"}],"wp:term":[{"taxonomy":"category","embeddable":true,"href":"https:\/\/cdnoticias.com\/index.php\/wp-json\/wp\/v2\/categories?post=171772"},{"taxonomy":"post_tag","embeddable":true,"href":"https:\/\/cdnoticias.com\/index.php\/wp-json\/wp\/v2\/tags?post=171772"}],"curies":[{"name":"wp","href":"https:\/\/api.w.org\/{rel}","templated":true}]}}