{"id":171759,"date":"2025-05-17T14:52:05","date_gmt":"2025-05-17T17:52:05","guid":{"rendered":"https:\/\/cdnoticias.com\/?p=171759"},"modified":"2025-05-17T20:22:15","modified_gmt":"2025-05-17T23:22:15","slug":"mas-de-2500-evacuados-en-la-provincia-por-lluvias-reunion-de-emergencia-con-kicillof","status":"publish","type":"post","link":"https:\/\/cdnoticias.com\/index.php\/2025\/05\/17\/mas-de-2500-evacuados-en-la-provincia-por-lluvias-reunion-de-emergencia-con-kicillof\/","title":{"rendered":"M\u00e1s de 2500 evacuados en la Provincia por lluvias: reuni\u00f3n de emergencia con Kicillof"},"content":{"rendered":"<p>Z\u00e1rate, Campana, San Antonio de Areco y Arrecifes, los distritos m\u00e1s afectados. Cayeron m\u00e1s de 400 mil\u00edmetros en distritos del norte bonaerense. Trabajo conjunto entre Provincia y Naci\u00f3n para los rescates.<!--more--><\/p>\n<hr \/>\n<p>El <strong>gobernador de la provincia de Buenos Aires, Axel Kicillof<\/strong>, encabez\u00f3 este s\u00e1bado una<strong> reuni\u00f3n de emergencia en el Centro Operativo de Puente 12<\/strong>, La Matanza, donde con el<strong> ministro de Seguridad, Javier Alonso<\/strong>, se coordinan las<strong> acciones de asistencia junto a organismos nacionales y autoridades locales<\/strong> para dar respuestas a las<strong> familias afectadas por el temporal<\/strong>.<\/p>\n<blockquote>\n<p>\u201cTodas las \u00e1reas de nuestro gobierno est\u00e1n en el territorio desde que empez\u00f3 la tormenta para brindar la asistencia que necesitan las familias damnificadas. Estamos trabajando en conjunto: convers\u00e9 con la ministra Patricia Bullrich para ponernos de acuerdo y coordinar el despliegue en los municipios afectados\u201d, expres\u00f3 Kicillof.<\/p>\n<\/blockquote>\n<p>Adem\u00e1s, el Gobernador subray\u00f3 que \u201cante un evento tan extraordinario, similar al que sufrimos en Bah\u00eda Blanca, es muy importante que todos actuemos con mucha precauci\u00f3n\u201d. <strong>\u201cEl pron\u00f3stico indica que puede seguir lloviendo y que vendr\u00e1 un frente fr\u00edo con vientos fuertes, por lo cual llamamos a no circular por las zonas afectadas ni salir a la ruta\u201d<\/strong>, afirm\u00f3.<\/p>\n<p><iframe loading=\"lazy\" title=\"YouTube video player\" src=\"https:\/\/www.youtube.com\/embed\/A7OfOuJ2zw0?si=j3UPLG-2X-4Hax0V\" width=\"560\" height=\"315\" frameborder=\"0\" allowfullscreen=\"allowfullscreen\"><\/iframe><\/p>\n<p>De la reuni\u00f3n participaron tambi\u00e9n los ministros de Gobierno, Carlos Bianco; de Salud, Nicol\u00e1s Kreplak; de Desarrollo de la Comunidad, Andr\u00e9s Larroque; de Infraestructura y Servicios P\u00fablicos, Gabriel Katopodis; y de Transporte, Mart\u00edn Marinucci; y el asesor general de Gobierno, Santiago P\u00e9rez Teruel.<\/p>\n<blockquote>\n<p>Por su parte, Alonso destac\u00f3 que \u201cestamos afrontando el tercer d\u00eda de tormenta, un fen\u00f3meno meteorol\u00f3gico muy inestable, por el que ya cayeron m\u00e1s de 400 mil\u00edmetros de agua\u201d. \u201cAl momento no tenemos reportes de personas fallecidas: quiero destacar el r\u00e1pido despliegue de Defensa Civil, de los bomberos, y la coordinaci\u00f3n con todos los municipios para atender las situaciones en las que pod\u00eda haber riesgo de vida\u201d, agreg\u00f3.<\/p>\n<\/blockquote>\n<p>En tanto, <strong>Larroque<\/strong> remarc\u00f3: <strong>\u201chemos puesto en marcha la mesa de emergencia del Ministerio de Desarrollo de la Comunidad<\/strong> y ya est\u00e1 llegando la asistencia a <strong>30 distritos afectados<\/strong>\u201d.<\/p>\n<p>\u201cEstamos hablando de <strong>66 mil kilos de alimentos, 3.500 colchones, 3.500 frazadas, 5.000 bidones de agua y kits de limpieza<\/strong>, para lo cual coordinamos la entrega con cada uno de los intendentes\u201d, detall\u00f3.<\/p>\n<p>\u00a0<\/p>\n<p><img data-recalc-dims=\"1\" loading=\"lazy\" decoding=\"async\" class=\"alignnone size-full wp-image-171761 aligncenter\" src=\"https:\/\/i0.wp.com\/cdnoticias.com\/wp-content\/uploads\/2025\/05\/DIB-zarate-inundado.jpg?resize=696%2C487&#038;ssl=1\" alt=\"\" width=\"696\" height=\"487\" srcset=\"https:\/\/i0.wp.com\/cdnoticias.com\/wp-content\/uploads\/2025\/05\/DIB-zarate-inundado.jpg?w=696&amp;ssl=1 696w, https:\/\/i0.wp.com\/cdnoticias.com\/wp-content\/uploads\/2025\/05\/DIB-zarate-inundado.jpg?resize=300%2C210&amp;ssl=1 300w, https:\/\/i0.wp.com\/cdnoticias.com\/wp-content\/uploads\/2025\/05\/DIB-zarate-inundado.jpg?resize=130%2C90&amp;ssl=1 130w\" sizes=\"auto, (max-width: 696px) 100vw, 696px\" \/><\/p>\n<p>\u00a0<\/p>\n<p>Asimismo, <strong>Kreplak<\/strong> se\u00f1al\u00f3 que <strong>\u201cel sistema de salud est\u00e1 completamente operativo<\/strong>, con todos los hospitales funcionando con normalidad\u201d. \u201cHay un <strong>trabajo coordinado con todos los municipios<\/strong>: lo importante ahora es que la poblaci\u00f3n se mantenga en lugares seguros y no se exponga a situaciones de riesgo\u201d, explic\u00f3.<\/p>\n<h3>Actualizaci\u00f3n de la asistencia<\/h3>\n<p>En las \u00faltimas horas, el Ministerio de Seguridad bonaerense intensific\u00f3 su <strong>despliegue en los municipios de Z\u00e1rate, Campana y Arrecifes<\/strong>, que se encuentran entre los<strong> m\u00e1s damnificados<\/strong> por las fuertes lluvias. La asistencia cuenta tambi\u00e9n con <strong>apoyo de organismos nacionales como Protecci\u00f3n Civil y fuerzas federales<\/strong>, que suman efectivos, m\u00f3viles y embarcaciones para facilitar las evacuaciones necesarias.<\/p>\n<p>Adem\u00e1s, se reforz\u00f3 el seguimiento de llamadas al 911 y se monitorea el estado de rutas nacionales y provinciales para evitar el tr\u00e1nsito en las zonas anegadas.<\/p>\n<p><img data-recalc-dims=\"1\" loading=\"lazy\" decoding=\"async\" class=\"alignnone size-full wp-image-171760 aligncenter\" src=\"https:\/\/i0.wp.com\/cdnoticias.com\/wp-content\/uploads\/2025\/05\/DIB-viaducto-de-zarate.jpg?resize=696%2C520&#038;ssl=1\" alt=\"\" width=\"696\" height=\"520\" srcset=\"https:\/\/i0.wp.com\/cdnoticias.com\/wp-content\/uploads\/2025\/05\/DIB-viaducto-de-zarate.jpg?w=696&amp;ssl=1 696w, https:\/\/i0.wp.com\/cdnoticias.com\/wp-content\/uploads\/2025\/05\/DIB-viaducto-de-zarate.jpg?resize=300%2C224&amp;ssl=1 300w\" sizes=\"auto, (max-width: 696px) 100vw, 696px\" \/><\/p>\n<p>Asimismo, se activ\u00f3 la <strong>Mesa de Respuesta Comunitaria<\/strong>, una red integrada por organizaciones sociales, brigadas voluntarias y equipos t\u00e9cnicos que colabora con tareas de asistencia, rescate y acompa\u00f1amiento. La Provincia est\u00e1 en contacto permanente con cada municipio en el que se han tenido que establecer centros para los evacuados.<\/p>\n<p><a href=\"https:\/\/www.gba.gob.ar\/comunicacion_publica\/gacetillas\/actualizaci%C3%B3n_sobre_la_emergencia_por_fuertes_lluvias_en_la\" target=\"_blank\" rel=\"noopener\">En este link se puede hacer un seguimiento actualizado de la situaci\u00f3n y la asistencia<\/a> brindada por el Ministerio de Seguridad bonaerense.<br \/><br \/><\/p>\n<h3>M\u00e1s de 2500 evacuados<\/h3>\n<p>El <strong>director de Defensa Civil de la Provincia de Buenos Aires, Fabi\u00e1n Garc\u00eda,<\/strong> asegur\u00f3 que la cifra de evacuados por el temporal que azota la zona norte del territorio bonaerense, sobre todo a<strong> Z\u00e1rate, Campana y San Antonio de Areco,<\/strong> ascendi\u00f3 a aproximadamente <strong>2.500.<\/strong><\/p>\n<p><em>\u201cEl n\u00famero lo estamos construyendo. Son personas que se retiran del lugar inundado y despu\u00e9s no van a los centros de evacuados, se van a casas de familias u otros lugares que se consiguen. Va variando\u201d<\/em>, precis\u00f3 Garc\u00eda al portal Infobae.<\/p>\n<p>\u00a0<\/p>\n<p><img data-recalc-dims=\"1\" loading=\"lazy\" decoding=\"async\" class=\"alignnone size-full wp-image-171762 aligncenter\" src=\"https:\/\/i0.wp.com\/cdnoticias.com\/wp-content\/uploads\/2025\/05\/DIB-rescate-baradero.jpg?resize=673%2C420&#038;ssl=1\" alt=\"\" width=\"673\" height=\"420\" srcset=\"https:\/\/i0.wp.com\/cdnoticias.com\/wp-content\/uploads\/2025\/05\/DIB-rescate-baradero.jpg?w=673&amp;ssl=1 673w, https:\/\/i0.wp.com\/cdnoticias.com\/wp-content\/uploads\/2025\/05\/DIB-rescate-baradero.jpg?resize=300%2C187&amp;ssl=1 300w\" sizes=\"auto, (max-width: 673px) 100vw, 673px\" \/><\/p>\n<blockquote>\n<p>Agreg\u00f3 que \u201cExiste la posibilidad de que haya vecinos atrapados por la inundaci\u00f3n. Pero no tenemos ninguna persona fallecida registrada, ninguna persona con un accidente grave registrado\u201d.<\/p>\n<\/blockquote>\n<p>\u201cS\u00ed hay <strong>veh\u00edculos detenidos que han salido de manera imprudente a la ruta<\/strong> con alerta roja, cuando las indicaciones son de no circular. Estamos trabajando ahora con m\u00e1quinas viales y con camiones para poder retirarlos\u201d, explic\u00f3.<\/p>\n<p>Seg\u00fan Garc\u00eda, <strong>el panorama para las pr\u00f3ximas horas es que los arroyos y r\u00edos contin\u00faen creciendo<\/strong>, a medida que el agua avance de oeste a este en direcci\u00f3n al r\u00edo Paran\u00e1: \u201cVa creciendo dos o tres cent\u00edmetros por hora, va avanzando y afectando a algunas viviendas. Hay que seguir c\u00f3mo evoluciona\u201d.<\/p>\n<p>El primer informe emitido por la Gobernaci\u00f3n en la noche del viernes con los datos de evacuados expuso que se registraban en <em>Arrecifes, Baradero, Chacabuco, Arenales, General Rodr\u00edguez, Luj\u00e1n, Marcos Paz, Moreno, Salto, San Antonio de Areco y Z\u00e1rate<\/em>.<\/p>\n<p>Fuente: <em>Gobernaci\u00f3n y DIB<\/em><\/p>\n\n\n<p><\/p>\n","protected":false},"excerpt":{"rendered":"<p>Z\u00e1rate, Campana, San Antonio de Areco y Arrecifes, los distritos m\u00e1s afectados. Cayeron m\u00e1s de 400 mil\u00edmetros en distritos del<\/p>\n","protected":false},"author":2,"featured_media":171763,"comment_status":"closed","ping_status":"closed","sticky":false,"template":"","format":"standard","meta":{"_jetpack_memberships_contains_paid_content":false,"footnotes":""},"categories":[6,1],"tags":[],"class_list":["post-171759","post","type-post","status-publish","format-standard","has-post-thumbnail","hentry","category-nacionales","category-portada"],"jetpack_featured_media_url":"https:\/\/i0.wp.com\/cdnoticias.com\/wp-content\/uploads\/2025\/05\/DIB-zarate-inundado-1.jpg?fit=696%2C390&ssl=1","jetpack_sharing_enabled":true,"_links":{"self":[{"href":"https:\/\/cdnoticias.com\/index.php\/wp-json\/wp\/v2\/posts\/171759","targetHints":{"allow":["GET"]}}],"collection":[{"href":"https:\/\/cdnoticias.com\/index.php\/wp-json\/wp\/v2\/posts"}],"about":[{"href":"https:\/\/cdnoticias.com\/index.php\/wp-json\/wp\/v2\/types\/post"}],"author":[{"embeddable":true,"href":"https:\/\/cdnoticias.com\/index.php\/wp-json\/wp\/v2\/users\/2"}],"replies":[{"embeddable":true,"href":"https:\/\/cdnoticias.com\/index.php\/wp-json\/wp\/v2\/comments?post=171759"}],"version-history":[{"count":0,"href":"https:\/\/cdnoticias.com\/index.php\/wp-json\/wp\/v2\/posts\/171759\/revisions"}],"wp:featuredmedia":[{"embeddable":true,"href":"https:\/\/cdnoticias.com\/index.php\/wp-json\/wp\/v2\/media\/171763"}],"wp:attachment":[{"href":"https:\/\/cdnoticias.com\/index.php\/wp-json\/wp\/v2\/media?parent=171759"}],"wp:term":[{"taxonomy":"category","embeddable":true,"href":"https:\/\/cdnoticias.com\/index.php\/wp-json\/wp\/v2\/categories?post=171759"},{"taxonomy":"post_tag","embeddable":true,"href":"https:\/\/cdnoticias.com\/index.php\/wp-json\/wp\/v2\/tags?post=171759"}],"curies":[{"name":"wp","href":"https:\/\/api.w.org\/{rel}","templated":true}]}}