{"id":171727,"date":"2025-05-16T18:55:34","date_gmt":"2025-05-16T21:55:34","guid":{"rendered":"https:\/\/cdnoticias.com\/?p=171727"},"modified":"2025-05-17T10:08:13","modified_gmt":"2025-05-17T13:08:13","slug":"renovaron-el-alerta-amarillo-para-olavarria-ahora-es-por-tormentas-y-viento-el-sabado-por-la-noche","status":"publish","type":"post","link":"https:\/\/cdnoticias.com\/index.php\/2025\/05\/16\/renovaron-el-alerta-amarillo-para-olavarria-ahora-es-por-tormentas-y-viento-el-sabado-por-la-noche\/","title":{"rendered":"Renovaron el alerta amarillo para Olavarr\u00eda: ahora es por tormentas y viento el s\u00e1bado por la noche"},"content":{"rendered":"\n<p>As\u00ed fue confirmado por el Servicio Meteorol\u00f3gico Nacional y difundido por el Municipio. Se prev\u00e9n fuertes lluvias y vientos que podr\u00edan alcanzar r\u00e1fagas de 80 km\/h.<\/p>\n\n\n\n<hr class=\"wp-block-separator aligncenter has-alpha-channel-opacity\"\/>\n\n\n\n<p>Luego de varias lluvias intensas en Olavarr\u00eda, <strong>el Servicio Meteorol\u00f3gico Nacional difundi\u00f3 la renovaci\u00f3n del alerta amarilla por lluvias y tormentas, en este caso para el s\u00e1bado por la noche. Tambi\u00e9n se estiman fuertes vientos que podr\u00edan alcanzar r\u00e1fagas de 80 km\/h.<\/strong><\/p>\n\n\n\n<p>Seg\u00fan se detall\u00f3 en un comunicado del SMN (y difundido por el Municipio) tanto Olavarr\u00eda como la regi\u00f3n<em><strong> \u201cser\u00e1 afectada por tormentas de variada intensidad, algunas localmente fuertes\u201d.<\/strong><\/em><\/p>\n\n\n\n<blockquote class=\"wp-block-quote is-layout-flow wp-block-quote-is-layout-flow\">\n<p>\u201cSe espera que las mismas est\u00e9n acompa\u00f1adas por actividad el\u00e9ctrica, ocasional granizo, r\u00e1fagas y principalmente abundante ca\u00edda de agua en cortos periodos. Se esperan valores de precipitaci\u00f3n acumulada entre 60 y 80 mm, pudiendo ser superados de manera puntual\u201d.<\/p>\n<\/blockquote>\n\n\n\n<p>Adem\u00e1s, hay un alerta por vientos fuertes donde<em><strong> \u201cel \u00e1rea ser\u00e1 afectada por vientos del sector oeste, rotando al sudoeste con velocidades entre los 30 y 45 km\/h, con r\u00e1fagas que pueden alcanzar los 80 km\/h\u201d.<\/strong><\/em><\/p>\n\n\n\n<p>Las temperaturas oscilar\u00e1n entre los<strong> 22\u00b0 de m\u00e1xima para el s\u00e1bado y el domingo disminuir\u00e1n considerablemente, llegando a tan s\u00f3lo 15\u00b0 para el domingo, sin lluvias aunque con fr\u00edo y vientos del sudoeste.<\/strong><\/p>\n\n\n\n<p><\/p>\n","protected":false},"excerpt":{"rendered":"<p>As\u00ed fue confirmado por el Servicio Meteorol\u00f3gico Nacional y difundido por el Municipio. Se prev\u00e9n fuertes lluvias y vientos que<\/p>\n","protected":false},"author":2,"featured_media":131110,"comment_status":"closed","ping_status":"closed","sticky":false,"template":"","format":"standard","meta":{"_jetpack_memberships_contains_paid_content":false,"footnotes":""},"categories":[5,1],"tags":[],"class_list":["post-171727","post","type-post","status-publish","format-standard","has-post-thumbnail","hentry","category-informacion-general","category-portada"],"jetpack_featured_media_url":"https:\/\/i0.wp.com\/cdnoticias.com\/wp-content\/uploads\/2024\/11\/tormenta-olavarria-lluvias.jpg?fit=1000%2C556&ssl=1","jetpack_sharing_enabled":true,"_links":{"self":[{"href":"https:\/\/cdnoticias.com\/index.php\/wp-json\/wp\/v2\/posts\/171727","targetHints":{"allow":["GET"]}}],"collection":[{"href":"https:\/\/cdnoticias.com\/index.php\/wp-json\/wp\/v2\/posts"}],"about":[{"href":"https:\/\/cdnoticias.com\/index.php\/wp-json\/wp\/v2\/types\/post"}],"author":[{"embeddable":true,"href":"https:\/\/cdnoticias.com\/index.php\/wp-json\/wp\/v2\/users\/2"}],"replies":[{"embeddable":true,"href":"https:\/\/cdnoticias.com\/index.php\/wp-json\/wp\/v2\/comments?post=171727"}],"version-history":[{"count":0,"href":"https:\/\/cdnoticias.com\/index.php\/wp-json\/wp\/v2\/posts\/171727\/revisions"}],"wp:featuredmedia":[{"embeddable":true,"href":"https:\/\/cdnoticias.com\/index.php\/wp-json\/wp\/v2\/media\/131110"}],"wp:attachment":[{"href":"https:\/\/cdnoticias.com\/index.php\/wp-json\/wp\/v2\/media?parent=171727"}],"wp:term":[{"taxonomy":"category","embeddable":true,"href":"https:\/\/cdnoticias.com\/index.php\/wp-json\/wp\/v2\/categories?post=171727"},{"taxonomy":"post_tag","embeddable":true,"href":"https:\/\/cdnoticias.com\/index.php\/wp-json\/wp\/v2\/tags?post=171727"}],"curies":[{"name":"wp","href":"https:\/\/api.w.org\/{rel}","templated":true}]}}