{"id":171719,"date":"2025-05-16T20:05:55","date_gmt":"2025-05-16T23:05:55","guid":{"rendered":"https:\/\/cdnoticias.com\/?p=171719"},"modified":"2025-05-16T20:05:56","modified_gmt":"2025-05-16T23:05:56","slug":"se-suspendio-la-nueva-edicion-de-mercados-bonaerenses","status":"publish","type":"post","link":"https:\/\/cdnoticias.com\/index.php\/2025\/05\/16\/se-suspendio-la-nueva-edicion-de-mercados-bonaerenses\/","title":{"rendered":"Se suspendi\u00f3 la nueva edici\u00f3n de Mercados Bonaerenses\u00a0"},"content":{"rendered":"\n<p>Se iba a llevar a cabo este s\u00e1bado en Parque Mitre. Es debido a las condiciones clim\u00e1ticas emitidas por el Servicio Meteorol\u00f3gico Nacional.<\/p>\n\n\n\n<hr class=\"wp-block-separator aligncenter has-alpha-channel-opacity\"\/>\n\n\n\n<p>Desde el Municipio se inform\u00f3 que la jornada del programa \u201c<strong>Mercados Bonaerenses\u201d <\/strong>planificada para <strong>este s\u00e1bado 17 de mayo<\/strong> en Parque Mitre <strong>ser\u00e1 suspendida.<\/strong><\/p>\n\n\n\n<p><\/p>\n\n\n\n<blockquote class=\"wp-block-quote is-layout-flow wp-block-quote-is-layout-flow\">\n<p>La suspensi\u00f3n obedece al informe emitido por el Servicio Meteorol\u00f3gico Nacional que prev\u00e9 para la jornada del s\u00e1bado un clima desfavorable para el armado de los puestos y la realizaci\u00f3n de la feria en s\u00ed.<\/p>\n<\/blockquote>\n\n\n\n<p><\/p>\n\n\n\n<p>El Programa \u201cMercados Bonaerenses\u201d es impulsado desde el Ministerio de Desarrollo Agrario de la Provincia de Buenos Aires, <strong>promociona la producci\u00f3n y el consumo de Alimentos Bonaerenses<\/strong> acercando a <strong>productores, productoras, consumidores y consumidoras <\/strong>a trav\u00e9s de una red de ferias y mercados en toda la provincia de Buenos Aires.<\/p>\n\n\n\n<p><\/p>\n\n\n\n<p>Las ferias tienen por objetivo fortalecer y asistir <strong>experiencias de producci\u00f3n, comercializaci\u00f3n y abastecimiento local de agroalimentos<\/strong>, que se desarrollen en el \u00e1mbito de la provincia de Buenos Aires; fomentar la producci\u00f3n y el consumo de \u201cAlimentos Bonaerenses\u201d a trav\u00e9s de la asistencia, formalizaci\u00f3n y capacitaci\u00f3n a productores, comercializadores y municipios, para crear, ampliar y fortalecer mercados y ferias de alimentos fijas o itinerantes.<\/p>\n\n\n\n<p><\/p>\n","protected":false},"excerpt":{"rendered":"<p>Se iba a llevar a cabo este s\u00e1bado en Parque Mitre. Es debido a las condiciones clim\u00e1ticas emitidas por el<\/p>\n","protected":false},"author":6,"featured_media":125220,"comment_status":"closed","ping_status":"closed","sticky":false,"template":"","format":"standard","meta":{"_jetpack_memberships_contains_paid_content":false,"footnotes":""},"categories":[5,1],"tags":[],"class_list":["post-171719","post","type-post","status-publish","format-standard","has-post-thumbnail","hentry","category-informacion-general","category-portada"],"jetpack_featured_media_url":"https:\/\/i0.wp.com\/cdnoticias.com\/wp-content\/uploads\/2024\/09\/cuenta-DNI-mercados-bonaerenses.jpg?fit=800%2C445&ssl=1","jetpack_sharing_enabled":true,"_links":{"self":[{"href":"https:\/\/cdnoticias.com\/index.php\/wp-json\/wp\/v2\/posts\/171719","targetHints":{"allow":["GET"]}}],"collection":[{"href":"https:\/\/cdnoticias.com\/index.php\/wp-json\/wp\/v2\/posts"}],"about":[{"href":"https:\/\/cdnoticias.com\/index.php\/wp-json\/wp\/v2\/types\/post"}],"author":[{"embeddable":true,"href":"https:\/\/cdnoticias.com\/index.php\/wp-json\/wp\/v2\/users\/6"}],"replies":[{"embeddable":true,"href":"https:\/\/cdnoticias.com\/index.php\/wp-json\/wp\/v2\/comments?post=171719"}],"version-history":[{"count":0,"href":"https:\/\/cdnoticias.com\/index.php\/wp-json\/wp\/v2\/posts\/171719\/revisions"}],"wp:featuredmedia":[{"embeddable":true,"href":"https:\/\/cdnoticias.com\/index.php\/wp-json\/wp\/v2\/media\/125220"}],"wp:attachment":[{"href":"https:\/\/cdnoticias.com\/index.php\/wp-json\/wp\/v2\/media?parent=171719"}],"wp:term":[{"taxonomy":"category","embeddable":true,"href":"https:\/\/cdnoticias.com\/index.php\/wp-json\/wp\/v2\/categories?post=171719"},{"taxonomy":"post_tag","embeddable":true,"href":"https:\/\/cdnoticias.com\/index.php\/wp-json\/wp\/v2\/tags?post=171719"}],"curies":[{"name":"wp","href":"https:\/\/api.w.org\/{rel}","templated":true}]}}