{"id":171714,"date":"2025-05-16T18:55:28","date_gmt":"2025-05-16T21:55:28","guid":{"rendered":"https:\/\/cdnoticias.com\/?p=171714"},"modified":"2025-05-16T18:55:35","modified_gmt":"2025-05-16T21:55:35","slug":"este-domingo-dia-internacional-de-los-museos-diversas-actividades-para-participar","status":"publish","type":"post","link":"https:\/\/cdnoticias.com\/index.php\/2025\/05\/16\/este-domingo-dia-internacional-de-los-museos-diversas-actividades-para-participar\/","title":{"rendered":"Este domingo, D\u00eda Internacional de los Museos: diversas actividades para participar\u00a0"},"content":{"rendered":"\n<p>El cronograma de actividades comprende una nueva salida del Bus Tur\u00edstico, una visita guiada por los diferentes Museos Municipales con intervenci\u00f3n de postales y el encendido y rugir de motores de La Galera.<\/p>\n\n\n\n<hr class=\"wp-block-separator aligncenter has-alpha-channel-opacity\"\/>\n\n\n\n<p>En el marco del <strong>D\u00eda Internacional de los Museos<\/strong>, <strong>este domingo se invita a disfrutar de variadas propuestas para celebrar esta conmemoraci\u00f3n global,<\/strong> que nuclea a m\u00e1s de 37.000 museos en unos 158 pa\u00edses y territorios.<\/p>\n\n\n\n<p><\/p>\n\n\n\n<p>De esta forma el Municipio adhiere a esta fecha especial,<strong> instituida en 1977 por el ICOM<\/strong> (Consejo Internacional de Museos), con el objetivo de concientizar sobre el hecho de que <strong><em>\u201clos museos son un medio importante de intercambio cultural, enriquecimiento de las culturas y desarrollo del entendimiento mutuo, la cooperaci\u00f3n y la paz entre los pueblos\u201d.<\/em><\/strong><\/p>\n\n\n\n<p><\/p>\n\n\n\n<blockquote class=\"wp-block-quote is-layout-flow wp-block-quote-is-layout-flow\">\n<p>El cronograma de actividades comprende una nueva salida del Bus Tur\u00edstico, una visita guiada por los diferentes Museos Municipales con intervenci\u00f3n de postales y el encendido y rugir de motores de La Galera.<\/p>\n<\/blockquote>\n\n\n\n<p><\/p>\n\n\n\n<p>Asimismo, se aclar\u00f3 que<strong> por cuestiones clim\u00e1ticas, quedan suspendidas las actividades de ma\u00f1ana s\u00e1bado 17 de mayo<\/strong>.\u00a0<\/p>\n\n\n\n<p><\/p>\n\n\n\n<p class=\"has-medium-font-size\"><strong>Cronograma del domingo 18<\/strong><\/p>\n\n\n\n<p><\/p>\n\n\n\n<ul class=\"wp-block-list\">\n<li><strong>Bus tur\u00edstico | 15:00 horas<\/strong><\/li>\n\n\n\n<li>Concentraci\u00f3n en Museo D\u00e1maso Arce, actividad con visita guiada. Posterior salida hacia el Museo Hogar Municipal de Loma Negra.<\/li>\n\n\n\n<li>Llegada al museo y visita guiada con actividad art\u00edstica. Posterior partida hacia la Parroquia Santa Elena, para participar de la presentaci\u00f3n musical del Quinteto de Vientos de Olavarr\u00eda.<\/li>\n\n\n\n<li>Finalizada la presentaci\u00f3n, se realiza la vuelta hacia el Museo D\u00e1maso Arce Inscripci\u00f3n en el siguiente <a href=\"https:\/\/docs.google.com\/forms\/d\/e\/1FAIpQLSeuvEN2I-C6ZpdK98rnQzrfKtEOlpS7tE6_KQiYORbd_Bsn4w\/formResponse\"><strong>link.<\/strong><\/a> Se recuerda que el cupo es limitado y con inscripci\u00f3n previa.<\/li>\n<\/ul>\n\n\n\n<p><\/p>\n\n\n\n<ul class=\"wp-block-list\">\n<li><strong>Visita guiada e intervenci\u00f3n de postales | 16:00 horas. Museo Municipal de la Piedra Ema Occhi de Sierra Chica<\/strong><\/li>\n\n\n\n<li>Museo Municipal de Alemanes del Volga Ariel Chi\u00e9rico de Colonia Hinojo<\/li>\n\n\n\n<li>Museo de Colonia San Miguel Miguel Stoessel M\u00fcller<\/li>\n\n\n\n<li>Museo Municipal de Espigas<\/li>\n<\/ul>\n\n\n\n<p><\/p>\n\n\n\n<ul class=\"wp-block-list\">\n<li><strong>Encendido de la galera | 17:00 horas<\/strong><\/li>\n<\/ul>\n\n\n\n<p>La legendaria \u201cGalera\u201d ser\u00e1 puesta en marcha para que todos los seguidores de los gringos Dante y Torcuato Emiliozzi puedan escuchar el rugir del motor. Se invita a compartir este momento de emoci\u00f3n y pasi\u00f3n, <strong>en las instalaciones del Museo Municipal \u201cHermanos Emiliozzi\u201d, con entrada libre y gratuita.<\/strong><\/p>\n\n\n\n<p><\/p>\n\n\n\n<blockquote class=\"wp-block-quote is-layout-flow wp-block-quote-is-layout-flow\">\n<p>La \u201cGalera\u201d es la cupe Ford original, modelo 1939, con la que los hermanos Emiliozzi se consagraron cuatro veces campeones del Turismo Carretera. Est\u00e1 declarada Patrimonio Hist\u00f3rico Cultural de Olavarr\u00eda por Ordenanza Municipal.<\/p>\n<\/blockquote>\n\n\n\n<p><\/p>\n\n\n\n<p>La&nbsp; \u201cGalera\u201d es el apodo de la cup\u00e9 Ford Modelo 1939 con la que debutaron los Emiliozzi en el Turismo Carretera. Fue en la IV edici\u00f3n de la Mar y Sierras del 23 de abril de 1950, y los acompa\u00f1\u00f3 durante 16 a\u00f1os hasta la carrera del 26 de junio de 1966 en Hughes.<\/p>\n\n\n\n<p><\/p>\n\n\n\n<p>Ovacionada, pase\u00f3 orgullosamente el n\u00famero 1, la ense\u00f1a patria de Campe\u00f3n, la leyenda de Malvinas Argentinas, y sobre su frente, en grandes letras, por todos los caminos de la Patria dijo: OLAVARR\u00cdA. El 28 de febrero de 1997, bajo la Intendencia de Helios Eseverri, la Municipalidad de Olavarr\u00eda la adquiri\u00f3 y la declar\u00f3 Patrimonio Hist\u00f3rico Cultural de la ciudad. H. Eseverri dijo: <em>\u201c<strong>La Galera est\u00e1 en la historia y en el presente, en los hombres tuercas y en quienes no lo somos, porque nos pueden conocer por el cemento y la cer\u00e1mica, pero tambi\u00e9n nos conocen por los Hermanos Emiliozzi\u201d.<\/strong><\/em><\/p>\n\n\n\n<p><\/p>\n","protected":false},"excerpt":{"rendered":"<p>El cronograma de actividades comprende una nueva salida del Bus Tur\u00edstico, una visita guiada por los diferentes Museos Municipales con<\/p>\n","protected":false},"author":6,"featured_media":111269,"comment_status":"closed","ping_status":"closed","sticky":false,"template":"","format":"standard","meta":{"_jetpack_memberships_contains_paid_content":false,"footnotes":""},"categories":[9,1],"tags":[],"class_list":["post-171714","post","type-post","status-publish","format-standard","has-post-thumbnail","hentry","category-cultura","category-portada"],"jetpack_featured_media_url":"https:\/\/i0.wp.com\/cdnoticias.com\/wp-content\/uploads\/2024\/03\/museo-hermanos-emiliozi.jpg?fit=900%2C595&ssl=1","jetpack_sharing_enabled":true,"_links":{"self":[{"href":"https:\/\/cdnoticias.com\/index.php\/wp-json\/wp\/v2\/posts\/171714","targetHints":{"allow":["GET"]}}],"collection":[{"href":"https:\/\/cdnoticias.com\/index.php\/wp-json\/wp\/v2\/posts"}],"about":[{"href":"https:\/\/cdnoticias.com\/index.php\/wp-json\/wp\/v2\/types\/post"}],"author":[{"embeddable":true,"href":"https:\/\/cdnoticias.com\/index.php\/wp-json\/wp\/v2\/users\/6"}],"replies":[{"embeddable":true,"href":"https:\/\/cdnoticias.com\/index.php\/wp-json\/wp\/v2\/comments?post=171714"}],"version-history":[{"count":0,"href":"https:\/\/cdnoticias.com\/index.php\/wp-json\/wp\/v2\/posts\/171714\/revisions"}],"wp:featuredmedia":[{"embeddable":true,"href":"https:\/\/cdnoticias.com\/index.php\/wp-json\/wp\/v2\/media\/111269"}],"wp:attachment":[{"href":"https:\/\/cdnoticias.com\/index.php\/wp-json\/wp\/v2\/media?parent=171714"}],"wp:term":[{"taxonomy":"category","embeddable":true,"href":"https:\/\/cdnoticias.com\/index.php\/wp-json\/wp\/v2\/categories?post=171714"},{"taxonomy":"post_tag","embeddable":true,"href":"https:\/\/cdnoticias.com\/index.php\/wp-json\/wp\/v2\/tags?post=171714"}],"curies":[{"name":"wp","href":"https:\/\/api.w.org\/{rel}","templated":true}]}}