{"id":171708,"date":"2025-05-16T19:10:33","date_gmt":"2025-05-16T22:10:33","guid":{"rendered":"https:\/\/cdnoticias.com\/?p=171708"},"modified":"2025-05-16T19:13:37","modified_gmt":"2025-05-16T22:13:37","slug":"ceco-reclamamos-que-se-pague-de-inmediato-el-aumento-salarial","status":"publish","type":"post","link":"https:\/\/cdnoticias.com\/index.php\/2025\/05\/16\/ceco-reclamamos-que-se-pague-de-inmediato-el-aumento-salarial\/","title":{"rendered":"CECO: &#8220;Reclamamos que se pague de inmediato el aumento salarial&#8221;"},"content":{"rendered":"\n<p>Se intensificar\u00e1n las medidas de acci\u00f3n sindical si no se concreta la homologaci\u00f3n en las pr\u00f3ximas horas. El contexto actual es alarmante: durante el primer trimestre de 2025 los precios de la canasta b\u00e1sica mercantil acumularon permanentes aumentos, mientras los salarios registran un evidente retraso interanual.<\/p>\n\n\n\n<hr class=\"wp-block-separator aligncenter has-alpha-channel-opacity\"\/>\n\n\n\n<p>En el marco de su <strong>122\u00b0 aniversario,<\/strong> el <strong>Centro Empleados de Comercio Olavarr\u00eda<\/strong> (CECO) <strong>exigi\u00f3 la inmediata homologaci\u00f3n del acuerdo paritario correspondiente al per\u00edodo abril-junio 2025, que establece un incremento salarial del 5.4% para el sector.<\/strong> <\/p>\n\n\n\n<p><\/p>\n\n\n\n<blockquote class=\"wp-block-quote is-layout-flow wp-block-quote-is-layout-flow\">\n<p>Esta demora afecta directamente a m\u00e1s de 1.200.000 trabajadores mercantiles del pa\u00eds en un contexto econ\u00f3mico cr\u00edtico. Miguel Santell\u00e1n, secretario general del CECO, manifest\u00f3 con firmeza: &#8220;Mientras se dilata la homologaci\u00f3n del acuerdo 2025, nuestros afiliados pierden d\u00eda a d\u00eda poder adquisitivo frente a una inflaci\u00f3n que no cede. Exigimos al Ministerio de capital humano de la Naci\u00f3n que cumpla con su deber de proteger los derechos laborales&#8221;.<\/p>\n<\/blockquote>\n\n\n\n<p><\/p>\n\n\n\n<p>El dirigente record\u00f3 que &#8220;este acuerdo, v\u00e1lidamente negociado entre FAECyS y las c\u00e1maras empresariales nacionales incluye en su cl\u00e1usula 10 la aplicaci\u00f3n inmediata que obliga a las empresas a implementar los <strong>aumentos desde el 1\u00b0 de abril de 2025,<\/strong> independientemente del tr\u00e1mite de homologaci\u00f3n&#8221;.<\/p>\n\n\n\n<p><\/p>\n\n\n\n<p>El contexto actual es alarmante: seg\u00fan datos del Observatorio Econ\u00f3mico de la FAECyS,<strong> durante el primer trimestre de 2025 los precios de la canasta b\u00e1sica mercantil acumularon permanentes aumentos, mientras los salarios registran un evidente retraso interanual. <\/strong><em>&#8220;Este incremento del 5.4% es apenas un m\u00ednimo intento por recuperar lo que la inflaci\u00f3n nos quit\u00f3&#8221;<\/em>, se\u00f1al\u00f3 Santell\u00e1n.<\/p>\n\n\n\n<p><\/p>\n\n\n\n<blockquote class=\"wp-block-quote is-layout-flow wp-block-quote-is-layout-flow\">\n<p>Con una trayectoria de m\u00e1s de un siglo defendiendo los derechos laborales, y en el marco de los festejos de su 122 aniversario como organizaci\u00f3n gremial, el CECO anunci\u00f3 que intensificar\u00e1 las medidas de acci\u00f3n sindical si no se concreta la homologaci\u00f3n en las pr\u00f3ximas horas. <\/p>\n<\/blockquote>\n\n\n\n<p><\/p>\n\n\n\n<p><strong><em>&#8220;El viernes pr\u00f3ximo realizaremos una asamblea extraordinaria en nuestra sede gremial para conversar con nuestros delegados y trabajadores para evaluar pr\u00f3ximas acciones&#8221;, <\/em><\/strong>anticip\u00f3 el secretario general.<\/p>\n\n\n\n<p><\/p>\n","protected":false},"excerpt":{"rendered":"<p>Se intensificar\u00e1n las medidas de acci\u00f3n sindical si no se concreta la homologaci\u00f3n en las pr\u00f3ximas horas. El contexto actual<\/p>\n","protected":false},"author":6,"featured_media":102616,"comment_status":"closed","ping_status":"closed","sticky":false,"template":"","format":"standard","meta":{"_jetpack_memberships_contains_paid_content":false,"footnotes":""},"categories":[5,1],"tags":[],"class_list":["post-171708","post","type-post","status-publish","format-standard","has-post-thumbnail","hentry","category-informacion-general","category-portada"],"jetpack_featured_media_url":"https:\/\/i0.wp.com\/cdnoticias.com\/wp-content\/uploads\/2023\/11\/CECO01.jpg?fit=1200%2C668&ssl=1","jetpack_sharing_enabled":true,"_links":{"self":[{"href":"https:\/\/cdnoticias.com\/index.php\/wp-json\/wp\/v2\/posts\/171708","targetHints":{"allow":["GET"]}}],"collection":[{"href":"https:\/\/cdnoticias.com\/index.php\/wp-json\/wp\/v2\/posts"}],"about":[{"href":"https:\/\/cdnoticias.com\/index.php\/wp-json\/wp\/v2\/types\/post"}],"author":[{"embeddable":true,"href":"https:\/\/cdnoticias.com\/index.php\/wp-json\/wp\/v2\/users\/6"}],"replies":[{"embeddable":true,"href":"https:\/\/cdnoticias.com\/index.php\/wp-json\/wp\/v2\/comments?post=171708"}],"version-history":[{"count":0,"href":"https:\/\/cdnoticias.com\/index.php\/wp-json\/wp\/v2\/posts\/171708\/revisions"}],"wp:featuredmedia":[{"embeddable":true,"href":"https:\/\/cdnoticias.com\/index.php\/wp-json\/wp\/v2\/media\/102616"}],"wp:attachment":[{"href":"https:\/\/cdnoticias.com\/index.php\/wp-json\/wp\/v2\/media?parent=171708"}],"wp:term":[{"taxonomy":"category","embeddable":true,"href":"https:\/\/cdnoticias.com\/index.php\/wp-json\/wp\/v2\/categories?post=171708"},{"taxonomy":"post_tag","embeddable":true,"href":"https:\/\/cdnoticias.com\/index.php\/wp-json\/wp\/v2\/tags?post=171708"}],"curies":[{"name":"wp","href":"https:\/\/api.w.org\/{rel}","templated":true}]}}