{"id":171704,"date":"2025-05-16T19:39:49","date_gmt":"2025-05-16T22:39:49","guid":{"rendered":"https:\/\/cdnoticias.com\/?p=171704"},"modified":"2025-05-16T19:39:51","modified_gmt":"2025-05-16T22:39:51","slug":"fanazul-a-un-ano-de-la-parada-tecnica","status":"publish","type":"post","link":"https:\/\/cdnoticias.com\/index.php\/2025\/05\/16\/fanazul-a-un-ano-de-la-parada-tecnica\/","title":{"rendered":"Fanazul, a un a\u00f1o de la &#8220;parada t\u00e9cnica&#8221;"},"content":{"rendered":"<p>El freno en la f\u00e1brica de explosivos de Azul se hab\u00eda decretado por el t\u00e9rmino de una semana y a\u00fan contin\u00faa. Desde el gremio se realizan gestiones: este jueves hubo una reuni\u00f3n y habr\u00e1 un paro nacional. El gobierno lanz\u00f3 una \u201csegunda tanda\u201d de retiros voluntarios.<!--more--><\/p>\n<hr \/>\n<p><strong>El 15 de mayo<\/strong> <strong>de 2024<\/strong>, <a href=\"https:\/\/cdnoticias.com\/index.php\/2024\/05\/15\/se-ordeno-detener-la-produccion-en-fanazul\/\" target=\"_blank\" rel=\"noopener\">a trav\u00e9s de un correo electr\u00f3nico, desde la sede central de <strong>Fabricaciones Militares<\/strong><\/a> se comunic\u00f3 a la <strong>planta de Fanazul que la producci\u00f3n de Mastermix se detendr\u00eda por una semana<\/strong>. Sin embargo, <strong>este jueves se cumpli\u00f3 un a\u00f1o de esa &#8220;parada t\u00e9cnica&#8221;<\/strong> -tal como se la denomin\u00f3 oficialmente-, por lo que los trabajadores se mantienen en un estado de incertidumbre.<\/p>\n<p>En di\u00e1logo con El Tiempo, <strong>el secretario general de ATE Azul<\/strong> -gremio que nuclea a los trabajadores de Fanazul- confirm\u00f3 que <strong>&#8220;la situaci\u00f3n sigue siendo igual&#8221;<\/strong>, desde hace un a\u00f1o. Eduardo Bercovich indic\u00f3 que <strong>&#8220;el Gobierno nacional dice que, por ahora, no tiene dinero para invertir<\/strong> y por eso sigue parada la producci\u00f3n de esta f\u00e1brica&#8221;.<\/p>\n<p>Del mismo modo, <strong>&#8220;tambi\u00e9n puede llegar a arrancar otra etapa de retiros voluntarios, no s\u00f3lo en Fanazul, sino en todas las f\u00e1bricas militares&#8221;<\/strong>, en referencia a la instancia que <a href=\"https:\/\/cdnoticias.com\/index.php\/2024\/05\/17\/plantearon-retiros-voluntarios-y-jubilaciones-anticipadas-para-todo-el-personal-de-fanazul\/\" target=\"_blank\" rel=\"noopener\">se instrument\u00f3 el a\u00f1o pasado<\/a> y implic\u00f3 el retiro en Azul de m\u00e1s de treinta operarios del centenar existente desde la reinauguraci\u00f3n de la f\u00e1brica en el 2023.<\/p>\n<p><blockquote class=\"wp-embedded-content\" data-secret=\"U8qcZCHRsv\"><a href=\"https:\/\/cdnoticias.com\/index.php\/2024\/05\/15\/se-ordeno-detener-la-produccion-en-fanazul\/\">Se orden\u00f3 detener la producci\u00f3n en Fanazul<\/a><\/blockquote><iframe loading=\"lazy\" class=\"wp-embedded-content\" sandbox=\"allow-scripts\" security=\"restricted\" style=\"position: absolute; visibility: hidden;\" title=\"&#8220;Se orden\u00f3 detener la producci\u00f3n en Fanazul&#8221; &#8212; Central de Noticias | Olavarr\u00eda\" src=\"https:\/\/cdnoticias.com\/index.php\/2024\/05\/15\/se-ordeno-detener-la-produccion-en-fanazul\/embed\/#?secret=tOKigSe2VT#?secret=U8qcZCHRsv\" data-secret=\"U8qcZCHRsv\" width=\"600\" height=\"338\" frameborder=\"0\" marginwidth=\"0\" marginheight=\"0\" scrolling=\"no\"><\/iframe><\/p>\n<blockquote>\n<p>Bercovich anunci\u00f3 que &#8220;el 22 de mayo haremos un paro nacional para visibilizar, entre otras cuestiones, la situaci\u00f3n de Fabricaciones Militares. En este momento se est\u00e1 viendo qu\u00e9 actividad se har\u00e1 en cada unidad productiva&#8221;.<\/p>\n<\/blockquote>\n<p><strong>El mi\u00e9rcoles \u00faltimo &#8220;hubo un plenario de todas las f\u00e1bricas<\/strong>. Estuvo Fanazul, R\u00edo Tercero, Villa Mar\u00eda y Fray Luis Beltr\u00e1n, y los trabajadores de sede central de Fabricaciones&#8221;, refiri\u00f3 el titular de ATE Azul.<\/p>\n<p>Uno de los delegados de la f\u00e1brica Fanazul, Sebasti\u00e1n Madd\u00edo, dijo que <em>la cr\u00edtica situaci\u00f3n no s\u00f3lo afecta a la planta en Azul<\/em>. <strong>&#8220;Se est\u00e1 haciendo una destrucci\u00f3n general en lo que es Fabricaciones Militares.<\/strong> En el caso de R\u00edo Tercero, se destruy\u00f3 el polo qu\u00edmico, porque la petroqu\u00edmica que les compraba ahora importa y, de esa manera, dejaron de comprar el \u00e1cido n\u00edtrico a R\u00edo Tercero. Por lo tanto, esa planta tambi\u00e9n detuvo la producci\u00f3n&#8221;.<\/p>\n<p>Para Madd\u00edo, en consecuencia, <strong>&#8220;esto tiene que ver con el vaciamiento de la industria nacional&#8221;<\/strong> por parte del Gobierno nacional. &#8220;Por el tema de la importaci\u00f3n ahora se dej\u00f3 de fabricar \u00e1cidos&#8221;, explic\u00f3.<\/p>\n<p>Otro ejemplo de esta situaci\u00f3n es que <strong>&#8220;el Ej\u00e9rcito argentino, en lugar de comprar balas para ca\u00f1\u00f3n en Fabricaciones, las trajo del exterior.<\/strong> Es decir, empezaron el vaciamiento en Fanazul, pero siguen por las dem\u00e1s plantas de Fabricaciones Militares&#8221;, observ\u00f3 el delegado gremial.<\/p>\n<p><img data-recalc-dims=\"1\" loading=\"lazy\" decoding=\"async\" class=\"alignnone size-full wp-image-133004\" src=\"https:\/\/i0.wp.com\/cdnoticias.com\/wp-content\/uploads\/2024\/12\/Fanazul-01-diario-el-tiempo.jpeg?resize=800%2C450&#038;ssl=1\" alt=\"\" width=\"800\" height=\"450\" srcset=\"https:\/\/i0.wp.com\/cdnoticias.com\/wp-content\/uploads\/2024\/12\/Fanazul-01-diario-el-tiempo.jpeg?w=948&amp;ssl=1 948w, https:\/\/i0.wp.com\/cdnoticias.com\/wp-content\/uploads\/2024\/12\/Fanazul-01-diario-el-tiempo.jpeg?resize=300%2C169&amp;ssl=1 300w, https:\/\/i0.wp.com\/cdnoticias.com\/wp-content\/uploads\/2024\/12\/Fanazul-01-diario-el-tiempo.jpeg?resize=768%2C432&amp;ssl=1 768w\" sizes=\"auto, (max-width: 800px) 100vw, 800px\" \/><\/p>\n<p>Por otra parte, Bercovich tambi\u00e9n anunci\u00f3 que &#8220;estamos haciendo gestiones, desde ATE provincia, porque hay algunos <strong>empresarios de C\u00f3rdoba<\/strong> que tienen una f\u00e1brica de cosechadoras y de insumos agropecuarios, y que quieren<strong> invertir en Fanazul&#8221;.<\/strong><\/p>\n<p>&#8220;Hoy [por ayer] se est\u00e1 haciendo una reuni\u00f3n entre la Direcci\u00f3n de Fabricaciones y estos posibles inversores. Ya hab\u00edamos tenido dos contactos y, como organizaci\u00f3n sindical, estamos <strong>tratando de lograr que se inyecte dinero<\/strong> para que haya producci\u00f3n y trabajo en nuestra unidad productiva&#8221;, dijo Bercovich en referencia a Fanazul.<\/p>\n<p>Hace exactamente un a\u00f1o los trabajadores de la planta de explosivos Fanazul recepcionaron la orden desde Fabricaciones Militares de detener la producci\u00f3n. Por entonces, se estaba a un mes de cumplir un a\u00f1o de su reapertura, en junio de 2023, luego del cierre de la f\u00e1brica decretado en diciembre de 2017 por la gesti\u00f3n Macri.<\/p>\n<p><a href=\"https:\/\/cdnoticias.com\/index.php\/2024\/08\/28\/fanazul-sera-convertida-en-una-sociedad-anonima\/\" target=\"_blank\" rel=\"noopener\">En agosto de 2024<\/a> <strong>se anunci\u00f3 que Fanazul ser\u00eda convertida en una sociedad an\u00f3nima<\/strong>, instancia que a\u00fan <strong>no se ha concretado<\/strong>, pero que se mantiene en la agenda del Gobierno nacional.<\/p>\n<p>Fuente: <em>Diario El Tiempo<\/em><\/p>\n\n\n<p><\/p>\n","protected":false},"excerpt":{"rendered":"<p>El freno en la f\u00e1brica de explosivos de Azul se hab\u00eda decretado por el t\u00e9rmino de una semana y a\u00fan<\/p>\n","protected":false},"author":2,"featured_media":124071,"comment_status":"closed","ping_status":"closed","sticky":false,"template":"","format":"standard","meta":{"_jetpack_memberships_contains_paid_content":false,"footnotes":""},"categories":[6,1],"tags":[],"class_list":["post-171704","post","type-post","status-publish","format-standard","has-post-thumbnail","hentry","category-nacionales","category-portada"],"jetpack_featured_media_url":"https:\/\/i0.wp.com\/cdnoticias.com\/wp-content\/uploads\/2024\/08\/Fanazul-00.jpg?fit=696%2C376&ssl=1","jetpack_sharing_enabled":true,"_links":{"self":[{"href":"https:\/\/cdnoticias.com\/index.php\/wp-json\/wp\/v2\/posts\/171704","targetHints":{"allow":["GET"]}}],"collection":[{"href":"https:\/\/cdnoticias.com\/index.php\/wp-json\/wp\/v2\/posts"}],"about":[{"href":"https:\/\/cdnoticias.com\/index.php\/wp-json\/wp\/v2\/types\/post"}],"author":[{"embeddable":true,"href":"https:\/\/cdnoticias.com\/index.php\/wp-json\/wp\/v2\/users\/2"}],"replies":[{"embeddable":true,"href":"https:\/\/cdnoticias.com\/index.php\/wp-json\/wp\/v2\/comments?post=171704"}],"version-history":[{"count":0,"href":"https:\/\/cdnoticias.com\/index.php\/wp-json\/wp\/v2\/posts\/171704\/revisions"}],"wp:featuredmedia":[{"embeddable":true,"href":"https:\/\/cdnoticias.com\/index.php\/wp-json\/wp\/v2\/media\/124071"}],"wp:attachment":[{"href":"https:\/\/cdnoticias.com\/index.php\/wp-json\/wp\/v2\/media?parent=171704"}],"wp:term":[{"taxonomy":"category","embeddable":true,"href":"https:\/\/cdnoticias.com\/index.php\/wp-json\/wp\/v2\/categories?post=171704"},{"taxonomy":"post_tag","embeddable":true,"href":"https:\/\/cdnoticias.com\/index.php\/wp-json\/wp\/v2\/tags?post=171704"}],"curies":[{"name":"wp","href":"https:\/\/api.w.org\/{rel}","templated":true}]}}