{"id":17170,"date":"2021-03-25T18:21:39","date_gmt":"2021-03-25T21:21:39","guid":{"rendered":"http:\/\/www.centraldenoticias.com.ar\/?p=17170"},"modified":"2021-03-25T18:21:39","modified_gmt":"2021-03-25T21:21:39","slug":"la-madrid-se-convirtio-en-el-primer-municipio-bonaerense-que-cultivara-cannabis-medicinal","status":"publish","type":"post","link":"https:\/\/cdnoticias.com\/index.php\/2021\/03\/25\/la-madrid-se-convirtio-en-el-primer-municipio-bonaerense-que-cultivara-cannabis-medicinal\/","title":{"rendered":"La Madrid se convirti\u00f3 en el primer municipio bonaerense que cultivar\u00e1 cannabis medicinal"},"content":{"rendered":"<p>As\u00ed fue oficializado este jueves mediante una resoluci\u00f3n publicada en el Bolet\u00edn Oficial.<!--more--><\/p>\n<hr \/>\n<p>Este jueves el Ministerio de Salud de la Rep\u00fablica Argentina public\u00f3 en el Bolet\u00edn Oficial la Resoluci\u00f3n 891\/21 que autoriza a General La Madrid a plantar cannabis con fines medicinales. As\u00ed <strong>el distrito vecino se convirti\u00f3 en el primer municipio de la provincia de Buenos Aires en recibir el permiso.\u00a0<\/strong><\/p>\n<p>&nbsp;<\/p>\n<p><strong>El cultivo se llevar\u00e1 a cabo en el Predio Municipal del Sector Industrial Planificado (SIP) donde ya se construy\u00f3 un invern\u00e1culo<\/strong>. Las autoridades destacaron el rol del Ministerio de Salud nacional en la concreci\u00f3n de un proyecto tan anhelado.<\/p>\n<p>&nbsp;<\/p>\n<p><img data-recalc-dims=\"1\" loading=\"lazy\" decoding=\"async\" class=\"alignnone size-full wp-image-11242\" src=\"https:\/\/i0.wp.com\/cdnoticias.com\/wp-content\/uploads\/2021\/01\/carla-vizzotti.jpg?resize=800%2C441&#038;ssl=1\" alt=\"\" width=\"800\" height=\"441\" srcset=\"https:\/\/i0.wp.com\/cdnoticias.com\/wp-content\/uploads\/2021\/01\/carla-vizzotti.jpg?w=852&amp;ssl=1 852w, https:\/\/i0.wp.com\/cdnoticias.com\/wp-content\/uploads\/2021\/01\/carla-vizzotti.jpg?resize=300%2C165&amp;ssl=1 300w, https:\/\/i0.wp.com\/cdnoticias.com\/wp-content\/uploads\/2021\/01\/carla-vizzotti.jpg?resize=768%2C424&amp;ssl=1 768w\" sizes=\"auto, (max-width: 800px) 100vw, 800px\" \/><\/p>\n<p>&nbsp;<\/p>\n<p>El art\u00edculo 1\u00b0 aprueba <strong>\u201cel Proyecto de Investigaci\u00f3n sobre el cultivo de Cannabis con fines de investigaci\u00f3n m\u00e9dica y cient\u00edfica presentado por el municipio de General La Madrid\u201d<\/strong>. A la par, el segundo apartado establece que se le dar\u00e1 intervenci\u00f3n \u201cal Instituto Nacional de Semillas (INASE), \u00f3rgano regulador de las condiciones de producci\u00f3n, difusi\u00f3n, manejo y acondicionamiento de los \u00f3rganos de propagaci\u00f3n de la especie a fin de permitir la trazabilidad de los productos vegetales y dar cumplimiento a lo normado en la Ley N\u00b0 27.350\u201d.<\/p>\n<p>&nbsp;<\/p>\n<p>Asimismo la Resoluci\u00f3n firmada por la ministra Carla Vizotti destaca que en el marco de la nueva reglamentaci\u00f3n,<strong> no resulta necesaria la intervenci\u00f3n del Ministerio de Seguridad para habilitar el predio donde se llevar\u00e1 a cabo la producci\u00f3n<\/strong>. \u201cQue sin perjuicio de ello, resulta necesario destacar que las medidas en materia de seguridad adoptadas y proyectadas por los responsables del proyecto de investigaci\u00f3n resultan convenientes y adecuadas para garantizar una \u00f3ptima seguridad en el predio en cuesti\u00f3n\u201d, valora.<\/p>\n","protected":false},"excerpt":{"rendered":"<p>As\u00ed fue oficializado este jueves mediante una resoluci\u00f3n publicada en el Bolet\u00edn Oficial.<\/p>\n","protected":false},"author":3,"featured_media":8074,"comment_status":"closed","ping_status":"closed","sticky":false,"template":"","format":"standard","meta":{"_jetpack_memberships_contains_paid_content":false,"footnotes":""},"categories":[6,1],"tags":[],"class_list":["post-17170","post","type-post","status-publish","format-standard","has-post-thumbnail","hentry","category-nacionales","category-portada"],"jetpack_featured_media_url":"https:\/\/i0.wp.com\/cdnoticias.com\/wp-content\/uploads\/2020\/12\/cannabis-onu.jpg?fit=696%2C390&ssl=1","jetpack_sharing_enabled":true,"_links":{"self":[{"href":"https:\/\/cdnoticias.com\/index.php\/wp-json\/wp\/v2\/posts\/17170","targetHints":{"allow":["GET"]}}],"collection":[{"href":"https:\/\/cdnoticias.com\/index.php\/wp-json\/wp\/v2\/posts"}],"about":[{"href":"https:\/\/cdnoticias.com\/index.php\/wp-json\/wp\/v2\/types\/post"}],"author":[{"embeddable":true,"href":"https:\/\/cdnoticias.com\/index.php\/wp-json\/wp\/v2\/users\/3"}],"replies":[{"embeddable":true,"href":"https:\/\/cdnoticias.com\/index.php\/wp-json\/wp\/v2\/comments?post=17170"}],"version-history":[{"count":0,"href":"https:\/\/cdnoticias.com\/index.php\/wp-json\/wp\/v2\/posts\/17170\/revisions"}],"wp:featuredmedia":[{"embeddable":true,"href":"https:\/\/cdnoticias.com\/index.php\/wp-json\/wp\/v2\/media\/8074"}],"wp:attachment":[{"href":"https:\/\/cdnoticias.com\/index.php\/wp-json\/wp\/v2\/media?parent=17170"}],"wp:term":[{"taxonomy":"category","embeddable":true,"href":"https:\/\/cdnoticias.com\/index.php\/wp-json\/wp\/v2\/categories?post=17170"},{"taxonomy":"post_tag","embeddable":true,"href":"https:\/\/cdnoticias.com\/index.php\/wp-json\/wp\/v2\/tags?post=17170"}],"curies":[{"name":"wp","href":"https:\/\/api.w.org\/{rel}","templated":true}]}}