{"id":171692,"date":"2025-05-19T08:29:35","date_gmt":"2025-05-19T11:29:35","guid":{"rendered":"https:\/\/cdnoticias.com\/?p=171692"},"modified":"2025-05-19T11:11:03","modified_gmt":"2025-05-19T14:11:03","slug":"concurso-para-elegir-el-nombre-del-pichon-del-condor-andino-nacido-en-olavarria","status":"publish","type":"post","link":"https:\/\/cdnoticias.com\/index.php\/2025\/05\/19\/concurso-para-elegir-el-nombre-del-pichon-del-condor-andino-nacido-en-olavarria\/","title":{"rendered":"Concurso para elegir el nombre del pich\u00f3n del c\u00f3ndor andino nacido en Olavarr\u00eda"},"content":{"rendered":"\n<p>El ejemplar naci\u00f3 el 25 de diciembre de 2024 tras 59 d\u00edas de incubaci\u00f3n. Hay tiempo de votar online hasta el 22 y de forma presencial el 24 en una jornada especial.<\/p>\n\n\n\n<hr class=\"wp-block-separator has-alpha-channel-opacity\"\/>\n\n\n\n<p>El Municipio, a trav\u00e9s del Polo Educativo y Recreativo \u201cLa M\u00e1xima\u201d, abre un<strong> concurso p\u00fablico para elegir el nombre del pich\u00f3n del c\u00f3ndor andino nacido en el Bioparque.<\/strong><\/p>\n\n\n\n<p><\/p>\n\n\n\n<p>El ejemplar <strong>naci\u00f3 el pasado 25 de diciembre de 2024, <\/strong>despu\u00e9s de 59 d\u00edas de incubaci\u00f3n y de recibir el cuidado constante de sus padres Cur\u00e1 y Rawson, la pareja de c\u00f3ndores que habitan en la condorera local.<\/p>\n\n\n\n<p><\/p>\n\n\n\n<p>El nacimiento no solo fue motivo de celebraci\u00f3n, sino tambi\u00e9n un gran logro para la conservaci\u00f3n, teniendo en cuenta que se trata del <strong>pich\u00f3n de c\u00f3ndor n\u00famero 20, nacido en el marco del programa de reproducci\u00f3n y conservaci\u00f3n de la especie<\/strong>, impulsado por el Bioparque Municipal \u201cLa M\u00e1xima\u201d.<\/p>\n\n\n\n<p><\/p>\n\n\n\n<p>Mediante el concurso<strong> \u00a1Ayudanos a nombrar al embajador de los andes! <\/strong>se invita a todos a participar y ser parte de esta historia eligiendo el nombre del pich\u00f3n.<\/p>\n\n\n\n<p><\/p>\n\n\n\n<blockquote class=\"wp-block-quote is-layout-flow wp-block-quote-is-layout-flow\">\n<p>Se podr\u00e1 votar de manera <strong>on line a trav\u00e9s del siguiente <a href=\"https:\/\/docs.google.com\/forms\/d\/e\/1FAIpQLSe_vkfQAK0cL2V_40OBfU4hTcakNzpVSpGVDoy7Fp15fcmEjQ\/viewform?pli=1\" data-type=\"link\" data-id=\"https:\/\/docs.google.com\/forms\/d\/e\/1FAIpQLSe_vkfQAK0cL2V_40OBfU4hTcakNzpVSpGVDoy7Fp15fcmEjQ\/viewform?pli=1\">formulario <\/a>hasta el d\u00eda jueves 22 de mayo<\/strong> y <strong>de forma presencial el d\u00eda s\u00e1bado 24 de mayo en el marco de una jornada especial <\/strong>organizada en el marco del D\u00eda Internacional de la Biodiversidad.<\/p>\n<\/blockquote>\n\n\n\n<p><\/p>\n\n\n\n<p>El p\u00fablico podr\u00e1 optar por los siguientes nombres propuestos, <strong>todos con ra\u00edces en lenguas originarias <\/strong>y cargados de profundo significado:<\/p>\n\n\n\n<p><\/p>\n\n\n\n<p><strong>Mewlen (mapuche):<\/strong> \u201cEsp\u00edritu joven, travieso e inquieto\u201d.<\/p>\n\n\n\n<p><br><strong>K\u00fcr\u00fcf (mapuche):<\/strong> \u201cEl viento que se lleva todo lo que ya no sirve, el que limpia\u201d.<\/p>\n\n\n\n<p><br><strong>Wamani (quechua):<\/strong> \u201cEsp\u00edritu protector de la monta\u00f1a\u201d.<\/p>\n\n\n\n<p><br><strong>Mallku (kunza):<\/strong> \u201cSe\u00f1or de la monta\u00f1a. Protector\u201d.<\/p>\n","protected":false},"excerpt":{"rendered":"<p>El ejemplar naci\u00f3 el 25 de diciembre de 2024 tras 59 d\u00edas de incubaci\u00f3n. Hay tiempo de votar online hasta<\/p>\n","protected":false},"author":5,"featured_media":120782,"comment_status":"closed","ping_status":"closed","sticky":false,"template":"","format":"standard","meta":{"_jetpack_memberships_contains_paid_content":false,"footnotes":""},"categories":[5,1],"tags":[],"class_list":["post-171692","post","type-post","status-publish","format-standard","has-post-thumbnail","hentry","category-informacion-general","category-portada"],"jetpack_featured_media_url":"https:\/\/i0.wp.com\/cdnoticias.com\/wp-content\/uploads\/2024\/07\/bioparque-lamaxima-condor2.jpg?fit=1072%2C596&ssl=1","jetpack_sharing_enabled":true,"_links":{"self":[{"href":"https:\/\/cdnoticias.com\/index.php\/wp-json\/wp\/v2\/posts\/171692","targetHints":{"allow":["GET"]}}],"collection":[{"href":"https:\/\/cdnoticias.com\/index.php\/wp-json\/wp\/v2\/posts"}],"about":[{"href":"https:\/\/cdnoticias.com\/index.php\/wp-json\/wp\/v2\/types\/post"}],"author":[{"embeddable":true,"href":"https:\/\/cdnoticias.com\/index.php\/wp-json\/wp\/v2\/users\/5"}],"replies":[{"embeddable":true,"href":"https:\/\/cdnoticias.com\/index.php\/wp-json\/wp\/v2\/comments?post=171692"}],"version-history":[{"count":0,"href":"https:\/\/cdnoticias.com\/index.php\/wp-json\/wp\/v2\/posts\/171692\/revisions"}],"wp:featuredmedia":[{"embeddable":true,"href":"https:\/\/cdnoticias.com\/index.php\/wp-json\/wp\/v2\/media\/120782"}],"wp:attachment":[{"href":"https:\/\/cdnoticias.com\/index.php\/wp-json\/wp\/v2\/media?parent=171692"}],"wp:term":[{"taxonomy":"category","embeddable":true,"href":"https:\/\/cdnoticias.com\/index.php\/wp-json\/wp\/v2\/categories?post=171692"},{"taxonomy":"post_tag","embeddable":true,"href":"https:\/\/cdnoticias.com\/index.php\/wp-json\/wp\/v2\/tags?post=171692"}],"curies":[{"name":"wp","href":"https:\/\/api.w.org\/{rel}","templated":true}]}}