{"id":171691,"date":"2025-05-16T12:12:47","date_gmt":"2025-05-16T15:12:47","guid":{"rendered":"https:\/\/cdnoticias.com\/?p=171691"},"modified":"2025-05-16T12:15:04","modified_gmt":"2025-05-16T15:15:04","slug":"citaciones-fallidas-de-andis-tambien-en-azul-enviadas-a-un-local-desocupado","status":"publish","type":"post","link":"https:\/\/cdnoticias.com\/index.php\/2025\/05\/16\/citaciones-fallidas-de-andis-tambien-en-azul-enviadas-a-un-local-desocupado\/","title":{"rendered":"Citaciones fallidas de ANDIS: tambi\u00e9n en Azul, enviadas a un local desocupado"},"content":{"rendered":"<p>Al igual que en Olavarr\u00eda la Agencia Nacional de Discapacidad cit\u00f3 a auditor\u00edas m\u00e9dicas a vecinos azule\u00f1os mediante cartas documentos.<!--more--><\/p>\n<hr \/>\n<p>Foto: <em>P\u00e1gina 12<\/em><\/p>\n<p><strong>El problema de las citaciones err\u00f3neas de la Agencia Nacional de Discapacidad (ANDIS) se repiti\u00f3 en Azul<\/strong>: a trav\u00e9s de diario El Tiempo se inform\u00f3 que<strong> vecinos de esa ciudad recibieron cartas documento<\/strong> para presentarse a<strong> auditor\u00edas m\u00e9dicas<\/strong> a una direcci\u00f3n en la que se encuentra <strong>un local desocupado<\/strong>.<\/p>\n<p>Los citados son <strong>personas que perciben pensiones no contributivas<\/strong>. En la carta enviada fueron <strong>citados a Hip\u00f3lito Yrigoyen 746 donde se ubica un local comercial que funcion\u00f3 como remiser\u00eda<\/strong> y que actualmente se encuentra vac\u00edo.<\/p>\n<p>Seg\u00fan se destac\u00f3, <strong>hasta el momento no hay informaci\u00f3n oficial<\/strong> sobre los puntos de atenci\u00f3n, los auditores ni los criterios de evaluaci\u00f3n. <strong>\u201cLa direcci\u00f3n est\u00e1 mal, pero si no se presentan, les cortan la pensi\u00f3n.<\/strong> No hay precisiones, ni oficina ni auditores definidos. Nada\u201d, remarcaron desde el <strong>Consejo de las Personas con Discapacidad del Partido de Azul<\/strong>.<\/p>\n<blockquote><p>Desde dicha dependencia se plante\u00f3 que \u201cno sabemos ni qui\u00e9n audita, ni c\u00f3mo, ni con base en qu\u00e9 Resoluci\u00f3n, ya que la 187 fue derogada, y no se establecieron nuevos criterios\u201d.<\/p><\/blockquote>\n<p>En tanto, <strong>el Municipio de Azul emiti\u00f3 un comunicado oficial<\/strong> en el que expuso que en <strong>articulaci\u00f3n con la delegaci\u00f3n azule\u00f1a de ANSES<\/strong>, la comuna solicit\u00f3 con urgencia a la<strong> ANDIS que informe el domicilio real<\/strong> donde deber\u00e1n presentarse los beneficiarios.<\/p>\n<p>Cabe resaltar que<strong> <a href=\"https:\/\/cdnoticias.com\/index.php\/2025\/05\/14\/el-municipio-denuncio-que-la-andis-envio-cartas-documento-para-citar-a-beneficiarios-a-una-direccion-que-no-existe\/\" target=\"_blank\" rel=\"noopener\">la situaci\u00f3n se repiti\u00f3 en Olavarr\u00eda<\/a> <\/strong>desde donde el \u00e1rea de Desarrollo de la Comunidad Municipal se pronunci\u00f3 en una conferencia de prensa para <strong>exponer los casos y advertir a los beneficiarios<\/strong>. La direcci\u00f3n a la que fueron citados se corresponde con <strong>una pizzer\u00eda<\/strong>.<\/p>\n<p>En el caso de nuestra ciudad, la oficina de ANDIS funcion\u00f3 hasta principios de 2024 y luego qued\u00f3 cerrada ya que se discontinu\u00f3 el alquiler y tampoco qued\u00f3 personal designado.<\/p>\n<p>Tambi\u00e9n <strong><a href=\"https:\/\/cdnoticias.com\/index.php\/2025\/05\/14\/en-bolivar-tambien-citan-a-pensionados-a-domicilios-que-no-son-oficinas-de-andis-insolito-doloroso-y-alarmante\/\" target=\"_blank\" rel=\"noopener\">se registr\u00f3 en la ciudad de Bol\u00edvar<\/a><\/strong>, donde la citaci\u00f3n se correspondi\u00f3 a <strong>una direcci\u00f3n donde funciona una casa de familia<\/strong>.<\/p>\n<blockquote class=\"wp-embedded-content\" data-secret=\"KlXVabWrrS\"><p><a href=\"https:\/\/cdnoticias.com\/index.php\/2025\/05\/15\/pensiones-no-contributivas-la-informacion-de-la-carta-documento-no-es-clara\/\">Pensiones no contributivas: \u201cla informaci\u00f3n de la carta documento no es clara\u201d<\/a><\/p><\/blockquote>\n<p><iframe loading=\"lazy\" class=\"wp-embedded-content\" sandbox=\"allow-scripts\" security=\"restricted\" style=\"position: absolute; visibility: hidden;\" title=\"&#8220;Pensiones no contributivas: \u201cla informaci\u00f3n de la carta documento no es clara\u201d&#8221; &#8212; Central de Noticias | Olavarr\u00eda\" src=\"https:\/\/cdnoticias.com\/index.php\/2025\/05\/15\/pensiones-no-contributivas-la-informacion-de-la-carta-documento-no-es-clara\/embed\/#?secret=69D6XHpFVq#?secret=KlXVabWrrS\" data-secret=\"KlXVabWrrS\" width=\"600\" height=\"338\" frameborder=\"0\" marginwidth=\"0\" marginheight=\"0\" scrolling=\"no\"><\/iframe><\/p>\n","protected":false},"excerpt":{"rendered":"<p>Al igual que en Olavarr\u00eda la Agencia Nacional de Discapacidad cit\u00f3 a auditor\u00edas m\u00e9dicas a vecinos azule\u00f1os mediante cartas documentos.<\/p>\n","protected":false},"author":2,"featured_media":171694,"comment_status":"closed","ping_status":"closed","sticky":false,"template":"","format":"standard","meta":{"_jetpack_memberships_contains_paid_content":false,"footnotes":""},"categories":[5,1],"tags":[],"class_list":["post-171691","post","type-post","status-publish","format-standard","has-post-thumbnail","hentry","category-informacion-general","category-portada"],"jetpack_featured_media_url":"https:\/\/i0.wp.com\/cdnoticias.com\/wp-content\/uploads\/2025\/05\/citacion-agencia-de-discapacidad-carta-documento.jpg?fit=800%2C445&ssl=1","jetpack_sharing_enabled":true,"_links":{"self":[{"href":"https:\/\/cdnoticias.com\/index.php\/wp-json\/wp\/v2\/posts\/171691","targetHints":{"allow":["GET"]}}],"collection":[{"href":"https:\/\/cdnoticias.com\/index.php\/wp-json\/wp\/v2\/posts"}],"about":[{"href":"https:\/\/cdnoticias.com\/index.php\/wp-json\/wp\/v2\/types\/post"}],"author":[{"embeddable":true,"href":"https:\/\/cdnoticias.com\/index.php\/wp-json\/wp\/v2\/users\/2"}],"replies":[{"embeddable":true,"href":"https:\/\/cdnoticias.com\/index.php\/wp-json\/wp\/v2\/comments?post=171691"}],"version-history":[{"count":0,"href":"https:\/\/cdnoticias.com\/index.php\/wp-json\/wp\/v2\/posts\/171691\/revisions"}],"wp:featuredmedia":[{"embeddable":true,"href":"https:\/\/cdnoticias.com\/index.php\/wp-json\/wp\/v2\/media\/171694"}],"wp:attachment":[{"href":"https:\/\/cdnoticias.com\/index.php\/wp-json\/wp\/v2\/media?parent=171691"}],"wp:term":[{"taxonomy":"category","embeddable":true,"href":"https:\/\/cdnoticias.com\/index.php\/wp-json\/wp\/v2\/categories?post=171691"},{"taxonomy":"post_tag","embeddable":true,"href":"https:\/\/cdnoticias.com\/index.php\/wp-json\/wp\/v2\/tags?post=171691"}],"curies":[{"name":"wp","href":"https:\/\/api.w.org\/{rel}","templated":true}]}}