{"id":171686,"date":"2025-05-16T11:22:24","date_gmt":"2025-05-16T14:22:24","guid":{"rendered":"https:\/\/cdnoticias.com\/?p=171686"},"modified":"2025-05-16T16:06:08","modified_gmt":"2025-05-16T19:06:08","slug":"guillermo-casas-es-el-contexto-mas-complejo-que-recuerdo","status":"publish","type":"post","link":"https:\/\/cdnoticias.com\/index.php\/2025\/05\/16\/guillermo-casas-es-el-contexto-mas-complejo-que-recuerdo\/","title":{"rendered":"Guillermo Casas: \u201cEs el contexto m\u00e1s complejo que recuerdo\u201d"},"content":{"rendered":"\n<p>El dirigente del Partido Obrero brindar\u00e1 una charla en Olavarr\u00eda. Habl\u00f3 sobre el impacto de las medidas econ\u00f3micas del gobierno en los trabajadores y de la situaci\u00f3n de nuestra ciudad tras numerosos despidos.<\/p>\n\n\n\n<hr class=\"wp-block-separator has-alpha-channel-opacity\"\/>\n\n\n\n<p>El <strong>dirigente provincial del Partido Obrero, Guillermo Casas, lleg\u00f3 a Olavarr\u00eda <\/strong>este viernes para brindar una <strong>charla abierta<\/strong> sobre \u201clos trabajadores y la izquierda ante la crisis nacional y las elecciones\u201d. <strong>El encuentro ser\u00e1 a las 18:00 en el local partidario ubicado en Sargento Cabral 3370.<\/strong><\/p>\n\n\n\n<p><\/p>\n\n\n\n<p>En di\u00e1logo con <strong>Levantate por Radio Sapiens (FM 102.7) <\/strong>habl\u00f3 sobre el impacto de las pol\u00edticas nacionales en los trabajadores y sostuvo que \u201cla situaci\u00f3n actual es una de las m\u00e1s desafiantes para el conjunto del pueblo argentino y los trabajadores. <strong>Esto no va a ning\u00fan lado<\/strong>\u201d.<\/p>\n\n\n\n<p><\/p>\n\n\n\n<blockquote class=\"wp-block-quote is-layout-flow wp-block-quote-is-layout-flow\">\n<p>Casas consider\u00f3 que \u201cno se le da ninguna salida al pa\u00eds, ni econ\u00f3mica, ni social, ni de ning\u00fan tipo\u201d y que \u201ces un sufrimiento gratuito todo este ajuste, al servicio de una bicicleta financiera que nadie oculta\u201d.<\/p>\n<\/blockquote>\n\n\n\n<p><\/p>\n\n\n\n<p>\u201cEn este momento es mantener m\u00e1s o menos a raya el tipo de cambio, poder presentar alg\u00fan n\u00famero de inflaci\u00f3n, que se dice que son bajos, pero comparado con lo que aumentan los salarios, sigue siendo una inflaci\u00f3n que se los va comiendo todos los d\u00edas, y de esa manera<strong> llegar hasta octubre y despu\u00e9s vemos<\/strong>\u201d, agreg\u00f3 el dirigente de izquierda.<\/p>\n\n\n\n<p><\/p>\n\n\n\n<p>En ese sentido plante\u00f3 que luego de las elecciones se ver\u00e1 con que posibilidades se llega \u201cpara hacer las <strong>reformas estructurales<\/strong>. La <strong>jubilatoria<\/strong> para aumentar la edad para jubilarse, la <strong>laboral <\/strong>para terminar con los derechos laborales en Argentina y la<strong> impositiva<\/strong> para desfinanciar a las provincias mucho m\u00e1s de lo que est\u00e1n\u201d.<\/p>\n\n\n\n<p><\/p>\n\n\n\n<figure class=\"wp-block-image size-large is-resized\"><img data-recalc-dims=\"1\" loading=\"lazy\" decoding=\"async\" width=\"800\" height=\"1000\" src=\"https:\/\/i0.wp.com\/cdnoticias.com\/wp-content\/uploads\/2025\/05\/WhatsApp-Image-2025-05-16-at-8.20.20-AM.jpeg?resize=800%2C1000&#038;ssl=1\" alt=\"\" class=\"wp-image-171687\" style=\"width:373px;height:auto\" srcset=\"https:\/\/i0.wp.com\/cdnoticias.com\/wp-content\/uploads\/2025\/05\/WhatsApp-Image-2025-05-16-at-8.20.20-AM.jpeg?resize=819%2C1024&amp;ssl=1 819w, https:\/\/i0.wp.com\/cdnoticias.com\/wp-content\/uploads\/2025\/05\/WhatsApp-Image-2025-05-16-at-8.20.20-AM.jpeg?resize=240%2C300&amp;ssl=1 240w, https:\/\/i0.wp.com\/cdnoticias.com\/wp-content\/uploads\/2025\/05\/WhatsApp-Image-2025-05-16-at-8.20.20-AM.jpeg?resize=768%2C960&amp;ssl=1 768w, https:\/\/i0.wp.com\/cdnoticias.com\/wp-content\/uploads\/2025\/05\/WhatsApp-Image-2025-05-16-at-8.20.20-AM.jpeg?w=1080&amp;ssl=1 1080w\" sizes=\"auto, (max-width: 800px) 100vw, 800px\" \/><\/figure>\n\n\n\n<p><\/p>\n\n\n\n<p><strong>Despidos en Olavarr\u00eda<\/strong><\/p>\n\n\n\n<p><\/p>\n\n\n\n<p>Guillermo Casas tambi\u00e9n se refiri\u00f3 a la situaci\u00f3n de nuestra ciudad. \u201cVenimos siguiendo el problema en Olavarr\u00eda con los despidos en Cerro Negro, en la f\u00e1brica de bolsas y en otros lugares, tal vez m\u00e1s a cuentagotas\u201d.<\/p>\n\n\n\n<p><\/p>\n\n\n\n<blockquote class=\"wp-block-quote is-layout-flow wp-block-quote-is-layout-flow\">\n<p>\u201cY no es una situaci\u00f3n exclusiva de Olavarr\u00eda, es una situaci\u00f3n m\u00e1s general y que tiene que ver con esta pol\u00edtica. Es deliberado, uno de los apoyos de esta pol\u00edtica es provocar una recesi\u00f3n\u201d, agreg\u00f3.<\/p>\n<\/blockquote>\n\n\n\n<p><\/p>\n\n\n\n<p>Por \u00faltimo, afirm\u00f3 que \u201ces el contexto m\u00e1s complejo que yo recuerdo sacando la dictadura militar, porque no tiene solamente que ver con lo que est\u00e1 pasando hoy, sino hacia d\u00f3nde van las cosas de la mano de este gobierno. <strong>Esto no va a una mejora. El gobierno lo sabe y sabe que quiere ir m\u00e1s a fondo todav\u00eda<\/strong>\u201d.<\/p>\n","protected":false},"excerpt":{"rendered":"<p>El dirigente del Partido Obrero brindar\u00e1 una charla en Olavarr\u00eda. Habl\u00f3 sobre el impacto de las medidas econ\u00f3micas del gobierno<\/p>\n","protected":false},"author":5,"featured_media":64448,"comment_status":"closed","ping_status":"closed","sticky":false,"template":"","format":"standard","meta":{"_jetpack_memberships_contains_paid_content":false,"footnotes":""},"categories":[4,1],"tags":[],"class_list":["post-171686","post","type-post","status-publish","format-standard","has-post-thumbnail","hentry","category-politica","category-portada"],"jetpack_featured_media_url":"https:\/\/i0.wp.com\/cdnoticias.com\/wp-content\/uploads\/2022\/09\/guillermo_casas_frente_de_izquierda-741x400-1.jpg?fit=741%2C400&ssl=1","jetpack_sharing_enabled":true,"_links":{"self":[{"href":"https:\/\/cdnoticias.com\/index.php\/wp-json\/wp\/v2\/posts\/171686","targetHints":{"allow":["GET"]}}],"collection":[{"href":"https:\/\/cdnoticias.com\/index.php\/wp-json\/wp\/v2\/posts"}],"about":[{"href":"https:\/\/cdnoticias.com\/index.php\/wp-json\/wp\/v2\/types\/post"}],"author":[{"embeddable":true,"href":"https:\/\/cdnoticias.com\/index.php\/wp-json\/wp\/v2\/users\/5"}],"replies":[{"embeddable":true,"href":"https:\/\/cdnoticias.com\/index.php\/wp-json\/wp\/v2\/comments?post=171686"}],"version-history":[{"count":0,"href":"https:\/\/cdnoticias.com\/index.php\/wp-json\/wp\/v2\/posts\/171686\/revisions"}],"wp:featuredmedia":[{"embeddable":true,"href":"https:\/\/cdnoticias.com\/index.php\/wp-json\/wp\/v2\/media\/64448"}],"wp:attachment":[{"href":"https:\/\/cdnoticias.com\/index.php\/wp-json\/wp\/v2\/media?parent=171686"}],"wp:term":[{"taxonomy":"category","embeddable":true,"href":"https:\/\/cdnoticias.com\/index.php\/wp-json\/wp\/v2\/categories?post=171686"},{"taxonomy":"post_tag","embeddable":true,"href":"https:\/\/cdnoticias.com\/index.php\/wp-json\/wp\/v2\/tags?post=171686"}],"curies":[{"name":"wp","href":"https:\/\/api.w.org\/{rel}","templated":true}]}}