{"id":171676,"date":"2025-05-16T10:28:55","date_gmt":"2025-05-16T13:28:55","guid":{"rendered":"https:\/\/cdnoticias.com\/?p=171676"},"modified":"2025-05-16T12:53:02","modified_gmt":"2025-05-16T15:53:02","slug":"lluvia-tormenta-y-alerta-amarillo-por-viento-para-olavarria","status":"publish","type":"post","link":"https:\/\/cdnoticias.com\/index.php\/2025\/05\/16\/lluvia-tormenta-y-alerta-amarillo-por-viento-para-olavarria\/","title":{"rendered":"Lluvia, tormenta y alerta amarillo por viento para Olavarr\u00eda"},"content":{"rendered":"<p>Los fen\u00f3menos est\u00e1n pronosticados para este viernes y s\u00e1bado con alcance a toda la provincia de Buenos Aires. La niebla redujo la visibilidad en la ma\u00f1ana del viernes.<!--more--><\/p>\n<hr \/>\n<p>El <strong>Servicio Meteorol\u00f3gico Nacional<\/strong> mantiene un <strong>pron\u00f3stico de condiciones clim\u00e1ticas adversas<\/strong> para <strong>Olavarr\u00eda<\/strong> para este <strong>viernes y el s\u00e1bado<\/strong>.<\/p>\n<p><strong>El jueves predomin\u00f3 la lluvia<\/strong> que, en base a la informaci\u00f3n emitida por la <strong>Estaci\u00f3n Meteorol\u00f3gica de Olavarr\u00eda, registr\u00f3 31,4 mm<\/strong> hasta las 21 horas.<\/p>\n<p><strong>La ma\u00f1ana del viernes qued\u00f3 marcada por la niebla<\/strong>, con la <strong>visibilidad reducida a 100 metros<\/strong>. Para la tarde y la noche <strong>se prev\u00e9n lluvias aisladas<\/strong> con una temperatura m\u00e1xima de 22\u00ba.<\/p>\n<p><img data-recalc-dims=\"1\" loading=\"lazy\" decoding=\"async\" class=\"alignnone size-full wp-image-171678 aligncenter\" src=\"https:\/\/i0.wp.com\/cdnoticias.com\/wp-content\/uploads\/2025\/05\/niebla-lluvia-01.jpg?resize=800%2C445&#038;ssl=1\" alt=\"\" width=\"800\" height=\"445\" srcset=\"https:\/\/i0.wp.com\/cdnoticias.com\/wp-content\/uploads\/2025\/05\/niebla-lluvia-01.jpg?w=1000&amp;ssl=1 1000w, https:\/\/i0.wp.com\/cdnoticias.com\/wp-content\/uploads\/2025\/05\/niebla-lluvia-01.jpg?resize=300%2C167&amp;ssl=1 300w, https:\/\/i0.wp.com\/cdnoticias.com\/wp-content\/uploads\/2025\/05\/niebla-lluvia-01.jpg?resize=768%2C427&amp;ssl=1 768w, https:\/\/i0.wp.com\/cdnoticias.com\/wp-content\/uploads\/2025\/05\/niebla-lluvia-01.jpg?resize=800%2C445&amp;ssl=1 800w\" sizes=\"auto, (max-width: 800px) 100vw, 800px\" \/><\/p>\n<p><img data-recalc-dims=\"1\" loading=\"lazy\" decoding=\"async\" class=\"alignnone size-full wp-image-171681 aligncenter\" src=\"https:\/\/i0.wp.com\/cdnoticias.com\/wp-content\/uploads\/2025\/05\/niebla-lluvia-04.jpg?resize=800%2C445&#038;ssl=1\" alt=\"\" width=\"800\" height=\"445\" srcset=\"https:\/\/i0.wp.com\/cdnoticias.com\/wp-content\/uploads\/2025\/05\/niebla-lluvia-04.jpg?w=900&amp;ssl=1 900w, https:\/\/i0.wp.com\/cdnoticias.com\/wp-content\/uploads\/2025\/05\/niebla-lluvia-04.jpg?resize=300%2C167&amp;ssl=1 300w, https:\/\/i0.wp.com\/cdnoticias.com\/wp-content\/uploads\/2025\/05\/niebla-lluvia-04.jpg?resize=768%2C428&amp;ssl=1 768w, https:\/\/i0.wp.com\/cdnoticias.com\/wp-content\/uploads\/2025\/05\/niebla-lluvia-04.jpg?resize=800%2C445&amp;ssl=1 800w\" sizes=\"auto, (max-width: 800px) 100vw, 800px\" \/><\/p>\n<p>Para el <strong>s\u00e1bado<\/strong> se esperan<strong> tormentas aisladas<\/strong> durante la madrugada, <strong>chaparrones<\/strong> por la ma\u00f1ana y la tarde y<strong> tormentas<\/strong> para la noche. La m\u00e1xima pronosticada es de 21\u00ba.<\/p>\n<p>El<strong> viento<\/strong> tambi\u00e9n ser\u00e1 protagonista en el inicio del fin de semana:<strong> cambiante del norte al sudoeste<\/strong> a lo largo del s\u00e1bado, para la tarde se espera entre 23 y 31 km\/h con r\u00e1fagas de hasta 50 km mientras que <strong>por la noche llegar\u00e1 a soplar entre 32 y 41 km\/h con r\u00e1fagas de hasta 69 km\/h<\/strong>.<\/p>\n<blockquote><p>Para la noche del s\u00e1bado fue emitido un alerta del SMN de nivel amarillo para toda la provincia de Buenos Aires por el viento. \u201cEl \u00e1rea ser\u00e1 afectada por vientos del sector sur con velocidades entre los 30 y 40 km\/h, con r\u00e1fagas que pueden superar los 70 km\/h\u201d indic\u00f3 el organismo.<\/p><\/blockquote>\n<p>Por distintos fen\u00f3menos, como viento, lluvia, tormentas y nevadas, casi todo el pa\u00eds est\u00e1 alcanzado por distintos alertas del SMN durante el d\u00eda s\u00e1bado.<\/p>\n<p><img data-recalc-dims=\"1\" loading=\"lazy\" decoding=\"async\" class=\"alignnone size-full wp-image-171679 aligncenter\" src=\"https:\/\/i0.wp.com\/cdnoticias.com\/wp-content\/uploads\/2025\/05\/niebla-lluvia-02.jpg?resize=800%2C445&#038;ssl=1\" alt=\"\" width=\"800\" height=\"445\" srcset=\"https:\/\/i0.wp.com\/cdnoticias.com\/wp-content\/uploads\/2025\/05\/niebla-lluvia-02.jpg?w=900&amp;ssl=1 900w, https:\/\/i0.wp.com\/cdnoticias.com\/wp-content\/uploads\/2025\/05\/niebla-lluvia-02.jpg?resize=300%2C167&amp;ssl=1 300w, https:\/\/i0.wp.com\/cdnoticias.com\/wp-content\/uploads\/2025\/05\/niebla-lluvia-02.jpg?resize=768%2C428&amp;ssl=1 768w, https:\/\/i0.wp.com\/cdnoticias.com\/wp-content\/uploads\/2025\/05\/niebla-lluvia-02.jpg?resize=800%2C445&amp;ssl=1 800w\" sizes=\"auto, (max-width: 800px) 100vw, 800px\" \/><\/p>\n<p><img data-recalc-dims=\"1\" loading=\"lazy\" decoding=\"async\" class=\"alignnone size-full wp-image-171677 aligncenter\" src=\"https:\/\/i0.wp.com\/cdnoticias.com\/wp-content\/uploads\/2025\/05\/niebla-lluvia-00.jpg?resize=800%2C445&#038;ssl=1\" alt=\"\" width=\"800\" height=\"445\" srcset=\"https:\/\/i0.wp.com\/cdnoticias.com\/wp-content\/uploads\/2025\/05\/niebla-lluvia-00.jpg?w=900&amp;ssl=1 900w, https:\/\/i0.wp.com\/cdnoticias.com\/wp-content\/uploads\/2025\/05\/niebla-lluvia-00.jpg?resize=300%2C167&amp;ssl=1 300w, https:\/\/i0.wp.com\/cdnoticias.com\/wp-content\/uploads\/2025\/05\/niebla-lluvia-00.jpg?resize=768%2C428&amp;ssl=1 768w, https:\/\/i0.wp.com\/cdnoticias.com\/wp-content\/uploads\/2025\/05\/niebla-lluvia-00.jpg?resize=800%2C445&amp;ssl=1 800w\" sizes=\"auto, (max-width: 800px) 100vw, 800px\" \/><\/p>\n","protected":false},"excerpt":{"rendered":"<p>Los fen\u00f3menos est\u00e1n pronosticados para este viernes y s\u00e1bado con alcance a toda la provincia de Buenos Aires. La niebla<\/p>\n","protected":false},"author":2,"featured_media":171680,"comment_status":"closed","ping_status":"closed","sticky":false,"template":"","format":"standard","meta":{"_jetpack_memberships_contains_paid_content":false,"footnotes":""},"categories":[5,1],"tags":[],"class_list":["post-171676","post","type-post","status-publish","format-standard","has-post-thumbnail","hentry","category-informacion-general","category-portada"],"jetpack_featured_media_url":"https:\/\/i0.wp.com\/cdnoticias.com\/wp-content\/uploads\/2025\/05\/niebla-lluvia-03.jpg?fit=900%2C500&ssl=1","jetpack_sharing_enabled":true,"_links":{"self":[{"href":"https:\/\/cdnoticias.com\/index.php\/wp-json\/wp\/v2\/posts\/171676","targetHints":{"allow":["GET"]}}],"collection":[{"href":"https:\/\/cdnoticias.com\/index.php\/wp-json\/wp\/v2\/posts"}],"about":[{"href":"https:\/\/cdnoticias.com\/index.php\/wp-json\/wp\/v2\/types\/post"}],"author":[{"embeddable":true,"href":"https:\/\/cdnoticias.com\/index.php\/wp-json\/wp\/v2\/users\/2"}],"replies":[{"embeddable":true,"href":"https:\/\/cdnoticias.com\/index.php\/wp-json\/wp\/v2\/comments?post=171676"}],"version-history":[{"count":0,"href":"https:\/\/cdnoticias.com\/index.php\/wp-json\/wp\/v2\/posts\/171676\/revisions"}],"wp:featuredmedia":[{"embeddable":true,"href":"https:\/\/cdnoticias.com\/index.php\/wp-json\/wp\/v2\/media\/171680"}],"wp:attachment":[{"href":"https:\/\/cdnoticias.com\/index.php\/wp-json\/wp\/v2\/media?parent=171676"}],"wp:term":[{"taxonomy":"category","embeddable":true,"href":"https:\/\/cdnoticias.com\/index.php\/wp-json\/wp\/v2\/categories?post=171676"},{"taxonomy":"post_tag","embeddable":true,"href":"https:\/\/cdnoticias.com\/index.php\/wp-json\/wp\/v2\/tags?post=171676"}],"curies":[{"name":"wp","href":"https:\/\/api.w.org\/{rel}","templated":true}]}}