{"id":171670,"date":"2025-05-16T09:20:10","date_gmt":"2025-05-16T12:20:10","guid":{"rendered":"https:\/\/cdnoticias.com\/?p=171670"},"modified":"2025-05-16T11:22:43","modified_gmt":"2025-05-16T14:22:43","slug":"fuerte-choque-sobre-la-ruta-nacional-226-un-conductor-quedo-atrapado","status":"publish","type":"post","link":"https:\/\/cdnoticias.com\/index.php\/2025\/05\/16\/fuerte-choque-sobre-la-ruta-nacional-226-un-conductor-quedo-atrapado\/","title":{"rendered":"Fuerte choque sobre la ruta nacional 226: un conductor qued\u00f3 atrapado"},"content":{"rendered":"<p>Un auto y una camioneta colisionaron por alcance a la altura del kil\u00f3metro 337. Dos hombres, de 44 y 33 a\u00f1os, conductores de ambos veh\u00edculos, fueron trasladados al Hospital Municipal.<!--more--><\/p>\n<hr \/>\n<p><strong>Dos veh\u00edculos<\/strong> protagonizaron un <strong>fuerte choque<\/strong> sobre la <strong>ruta nacional 226<\/strong> en la noche del jueves en Olavarr\u00eda. <em>El conductor de uno de los rodados qued\u00f3 atrapado y debi\u00f3 ser rescatado.<\/em><\/p>\n<p>Fue a la altura del <strong>kil\u00f3metro 337<\/strong> donde impactaron <strong>una camioneta Jeep Renegade y un auto Fiat Duna<\/strong>.<\/p>\n<blockquote><p>El choque se dio por alcance. Ambos rodados transitaban en la misma direcci\u00f3n sobre la ruta nacional: viajaban en sentido Bol\u00edvar \u2013 Olavarr\u00eda. Cabe se\u00f1alar que al momento del siniestro la visibilidad estaba afectada debido a la lluvia.<\/p><\/blockquote>\n<p><img data-recalc-dims=\"1\" loading=\"lazy\" decoding=\"async\" class=\"alignnone size-full wp-image-171671 aligncenter\" src=\"https:\/\/i0.wp.com\/cdnoticias.com\/wp-content\/uploads\/2025\/05\/choque-ruta-226-km-337-A.jpg?resize=800%2C468&#038;ssl=1\" alt=\"\" width=\"800\" height=\"468\" srcset=\"https:\/\/i0.wp.com\/cdnoticias.com\/wp-content\/uploads\/2025\/05\/choque-ruta-226-km-337-A.jpg?w=800&amp;ssl=1 800w, https:\/\/i0.wp.com\/cdnoticias.com\/wp-content\/uploads\/2025\/05\/choque-ruta-226-km-337-A.jpg?resize=300%2C176&amp;ssl=1 300w, https:\/\/i0.wp.com\/cdnoticias.com\/wp-content\/uploads\/2025\/05\/choque-ruta-226-km-337-A.jpg?resize=768%2C449&amp;ssl=1 768w\" sizes=\"auto, (max-width: 800px) 100vw, 800px\" \/><\/p>\n<p>Producto de la colisi\u00f3n, <strong>el Fiat Duna hab\u00eda quedado sobre la banquina<\/strong>. El conductor, <strong>un hombre de 44 a\u00f1os, ten\u00eda una de sus piernas atrapadas<\/strong> entre los hierros. Debi\u00f3 ser<strong> rescatado por personal de Bomberos de Olavarr\u00eda<\/strong> que concurri\u00f3 en asistencia: trabaj\u00f3 la Unidad 17 a cargo del oficial Sergio Alam\u00e1n. <strong>Viajaba con una perrita<\/strong> que no sufri\u00f3 consecuencias.<\/p>\n<p>En tanto, <strong>sobre la banquina contraria hab\u00eda quedado la camioneta Jeep<\/strong>. El <strong>conductor, de 33 a\u00f1os, logr\u00f3 salir <\/strong>por sus propios medios. Se estableci\u00f3 que no sufri\u00f3 lesiones.<\/p>\n<p><img data-recalc-dims=\"1\" loading=\"lazy\" decoding=\"async\" class=\"alignnone size-full wp-image-171673 aligncenter\" src=\"https:\/\/i0.wp.com\/cdnoticias.com\/wp-content\/uploads\/2025\/05\/choque-ruta-226-km-337-B.jpg?resize=800%2C456&#038;ssl=1\" alt=\"\" width=\"800\" height=\"456\" srcset=\"https:\/\/i0.wp.com\/cdnoticias.com\/wp-content\/uploads\/2025\/05\/choque-ruta-226-km-337-B.jpg?w=800&amp;ssl=1 800w, https:\/\/i0.wp.com\/cdnoticias.com\/wp-content\/uploads\/2025\/05\/choque-ruta-226-km-337-B.jpg?resize=300%2C171&amp;ssl=1 300w, https:\/\/i0.wp.com\/cdnoticias.com\/wp-content\/uploads\/2025\/05\/choque-ruta-226-km-337-B.jpg?resize=768%2C438&amp;ssl=1 768w\" sizes=\"auto, (max-width: 800px) 100vw, 800px\" \/><\/p>\n<p>Hasta el lugar fue convocada la <strong>ambulancia de Espigas<\/strong> que <strong>traslad\u00f3 a ambos hombres al Hospital Municipal de Olavarr\u00eda<\/strong>.<\/p>\n<p>Intervino <strong>personal policial del Destacamento Policial de Espigas<\/strong> que concret\u00f3 actuaciones por <strong>\u201clesiones culposas\u201d<\/strong> con intervenci\u00f3n de la <strong>UFI N\u00ba 10<\/strong>.<\/p>\n","protected":false},"excerpt":{"rendered":"<p>Un auto y una camioneta colisionaron por alcance a la altura del kil\u00f3metro 337. Dos hombres, de 44 y 33<\/p>\n","protected":false},"author":2,"featured_media":171672,"comment_status":"closed","ping_status":"closed","sticky":false,"template":"","format":"standard","meta":{"_jetpack_memberships_contains_paid_content":false,"footnotes":""},"categories":[14,1],"tags":[],"class_list":["post-171670","post","type-post","status-publish","format-standard","has-post-thumbnail","hentry","category-policiales","category-portada"],"jetpack_featured_media_url":"https:\/\/i0.wp.com\/cdnoticias.com\/wp-content\/uploads\/2025\/05\/choque-ruta-226-km-337-C.jpg?fit=800%2C444&ssl=1","jetpack_sharing_enabled":true,"_links":{"self":[{"href":"https:\/\/cdnoticias.com\/index.php\/wp-json\/wp\/v2\/posts\/171670","targetHints":{"allow":["GET"]}}],"collection":[{"href":"https:\/\/cdnoticias.com\/index.php\/wp-json\/wp\/v2\/posts"}],"about":[{"href":"https:\/\/cdnoticias.com\/index.php\/wp-json\/wp\/v2\/types\/post"}],"author":[{"embeddable":true,"href":"https:\/\/cdnoticias.com\/index.php\/wp-json\/wp\/v2\/users\/2"}],"replies":[{"embeddable":true,"href":"https:\/\/cdnoticias.com\/index.php\/wp-json\/wp\/v2\/comments?post=171670"}],"version-history":[{"count":0,"href":"https:\/\/cdnoticias.com\/index.php\/wp-json\/wp\/v2\/posts\/171670\/revisions"}],"wp:featuredmedia":[{"embeddable":true,"href":"https:\/\/cdnoticias.com\/index.php\/wp-json\/wp\/v2\/media\/171672"}],"wp:attachment":[{"href":"https:\/\/cdnoticias.com\/index.php\/wp-json\/wp\/v2\/media?parent=171670"}],"wp:term":[{"taxonomy":"category","embeddable":true,"href":"https:\/\/cdnoticias.com\/index.php\/wp-json\/wp\/v2\/categories?post=171670"},{"taxonomy":"post_tag","embeddable":true,"href":"https:\/\/cdnoticias.com\/index.php\/wp-json\/wp\/v2\/tags?post=171670"}],"curies":[{"name":"wp","href":"https:\/\/api.w.org\/{rel}","templated":true}]}}