{"id":171655,"date":"2025-05-15T18:41:02","date_gmt":"2025-05-15T21:41:02","guid":{"rendered":"https:\/\/cdnoticias.com\/?p=171655"},"modified":"2025-05-16T11:26:29","modified_gmt":"2025-05-16T14:26:29","slug":"olavarria-suma-mas-de-60-camaras-de-seguridad-al-sistema-de-monitoreo-municipal","status":"publish","type":"post","link":"https:\/\/cdnoticias.com\/index.php\/2025\/05\/15\/olavarria-suma-mas-de-60-camaras-de-seguridad-al-sistema-de-monitoreo-municipal\/","title":{"rendered":"Olavarr\u00eda suma m\u00e1s de 60 c\u00e1maras de seguridad al sistema de monitoreo municipal"},"content":{"rendered":"\n<p>La recuperaci\u00f3n de estas c\u00e1maras se dio s\u00f3lo en 2025, en una estrategia que busca \u201cfortalecer el monitoreo urbano y mejorar la prevenci\u00f3n del delito en distintos barrios y localidades del Partido\u201d.<\/p>\n\n\n\n<hr class=\"wp-block-separator aligncenter has-alpha-channel-opacity\"\/>\n\n\n\n<p>La Subsecretar\u00eda de Protecci\u00f3n Ciudadana del Municipio de Olavarr\u00eda avanza con la<strong> recuperaci\u00f3n e incorporaci\u00f3n de c\u00e1maras de videovigilancia en distintos puntos estrat\u00e9gicos de la ciudad y localidades del Partido. En lo que va del a\u00f1o, ya se sumaron m\u00e1s de 60 dispositivos al sistema<\/strong>, lo que permite optimizar la tarea preventiva y la capacidad de respuesta del Centro de Monitoreo Municipal.<\/p>\n\n\n\n<p><em>\u201cSeguimos mejorando el servicio de seguridad y prevenci\u00f3n en el Partido de Olavarr\u00eda. Recuperamos m\u00e1s de 60 c\u00e1maras, lo que refuerza nuestro esquema e infraestructura de videovigilancia\u201d,<\/em> destac\u00f3 el subsecretario El\u00edas Quintas.<\/p>\n\n\n\n<p>Uno de los puntos intervenidos fue la<strong> intersecci\u00f3n de avenida Eva Per\u00f3n y San Mart\u00edn, donde se instalaron un domo de visi\u00f3n 360\u00b0 y una c\u00e1mara fija orientada hacia las avenidas Del Valle y Col\u00f3n.<\/strong> Los trabajos se realizaron en conjunto con Coopelectric, que brind\u00f3 soporte el\u00e9ctrico para los equipos.<\/p>\n\n\n\n<figure class=\"wp-block-image size-large\"><img data-recalc-dims=\"1\" loading=\"lazy\" decoding=\"async\" width=\"800\" height=\"600\" src=\"https:\/\/i0.wp.com\/cdnoticias.com\/wp-content\/uploads\/2025\/05\/camaras-de-seguridad-1-scaled-1.jpeg?resize=800%2C600&#038;ssl=1\" alt=\"\" class=\"wp-image-171658\" srcset=\"https:\/\/i0.wp.com\/cdnoticias.com\/wp-content\/uploads\/2025\/05\/camaras-de-seguridad-1-scaled-1.jpeg?resize=1024%2C768&amp;ssl=1 1024w, https:\/\/i0.wp.com\/cdnoticias.com\/wp-content\/uploads\/2025\/05\/camaras-de-seguridad-1-scaled-1.jpeg?resize=300%2C225&amp;ssl=1 300w, https:\/\/i0.wp.com\/cdnoticias.com\/wp-content\/uploads\/2025\/05\/camaras-de-seguridad-1-scaled-1.jpeg?resize=768%2C576&amp;ssl=1 768w, https:\/\/i0.wp.com\/cdnoticias.com\/wp-content\/uploads\/2025\/05\/camaras-de-seguridad-1-scaled-1.jpeg?resize=1536%2C1152&amp;ssl=1 1536w, https:\/\/i0.wp.com\/cdnoticias.com\/wp-content\/uploads\/2025\/05\/camaras-de-seguridad-1-scaled-1.jpeg?resize=2048%2C1536&amp;ssl=1 2048w, https:\/\/i0.wp.com\/cdnoticias.com\/wp-content\/uploads\/2025\/05\/camaras-de-seguridad-1-scaled-1.jpeg?w=1600&amp;ssl=1 1600w, https:\/\/i0.wp.com\/cdnoticias.com\/wp-content\/uploads\/2025\/05\/camaras-de-seguridad-1-scaled-1.jpeg?w=2400&amp;ssl=1 2400w\" sizes=\"auto, (max-width: 800px) 100vw, 800px\" \/><\/figure>\n\n\n\n<p>Tambi\u00e9n se puso en funcionamiento un <strong>sistema de tres c\u00e1maras en el cruce de las avenidas De los Trabajadores y Pringles. All\u00ed se reemplaz\u00f3 el cableado y se sell\u00f3 el gabinete t\u00e9cnico para proteger los componentes electr\u00f3nicos.<\/strong> El conjunto incluye un domo que permite monitorear los barrios Norte y Mariano Moreno, adem\u00e1s del sector de v\u00edas, y dos c\u00e1maras fijas que cubren el paso a nivel y la Ruta Nacional 226.<\/p>\n\n\n\n<p>En la zona de avenida <strong>Alberdi y Coronel Su\u00e1rez se reemplaz\u00f3 una c\u00e1mara da\u00f1ada y se reactiv\u00f3 el servicio de videovigilancia en conjunto con otro domo y una segunda c\u00e1mara fija<\/strong>, orientados a los barrios Alberdi y Pickelado. Adem\u00e1s, se repararon dos c\u00e1maras fijas en Alberdi y Necochea que presentaban fallas t\u00e9cnicas.<\/p>\n\n\n\n<p>Otra intervenci\u00f3n destacada se realiz\u00f3 sobre el <strong>puente de avenida Sarmiento, a metros del cruce con Almirante Brown. All\u00ed no s\u00f3lo se restaur\u00f3 un domo y una c\u00e1mara fija, sino que tambi\u00e9n se sumaron dos dispositivos m\u00e1s, cubriendo los distintos sentidos de circulaci\u00f3n en una zona clave para el tr\u00e1nsito urbano y el acceso al Hospital Municipal \u201cDoctor H\u00e9ctor Cura\u201d.<\/strong><\/p>\n\n\n\n<p>Desde el \u00e1rea remarcaron que las <strong>tareas de mejora y ampliaci\u00f3n tambi\u00e9n alcanzaron otros sectores como los parques Cerrito y Helios Eseverri, el ingreso al barrio Pickelado, tramos de avenida De los Trabajadores y distintos puntos de Sierra Chica.<\/strong> El plan de trabajo continuar\u00e1 en las localidades de Sierras Bayas, Loma Negra, Colonia Hinojo e Hinojo.<\/p>\n\n\n\n<blockquote class=\"wp-block-quote is-layout-flow wp-block-quote-is-layout-flow\">\n<p>En algunos casos, detall\u00f3 Quintas, se encontraron con \u201cc\u00e1maras fantasmas, porque no reportaban a ning\u00fan lado. En algunos casos ni siquiera estaban conectadas a la energ\u00eda el\u00e9ctrica, a una fibra \u00f3ptica o a un punto de enlace inal\u00e1mbrico\u201d.<\/p>\n<\/blockquote>\n\n\n\n<p>El programa de videoseguridad forma parte de una<strong> estrategia integral del Municipio para fortalecer las pol\u00edticas de prevenci\u00f3n en todo el Partido de Olavarr\u00eda.<\/strong><\/p>\n","protected":false},"excerpt":{"rendered":"<p>La recuperaci\u00f3n de estas c\u00e1maras se dio s\u00f3lo en 2025, en una estrategia que busca \u201cfortalecer el monitoreo urbano y<\/p>\n","protected":false},"author":2,"featured_media":171657,"comment_status":"closed","ping_status":"closed","sticky":false,"template":"","format":"standard","meta":{"_jetpack_memberships_contains_paid_content":false,"footnotes":""},"categories":[5,1],"tags":[],"class_list":["post-171655","post","type-post","status-publish","format-standard","has-post-thumbnail","hentry","category-informacion-general","category-portada"],"jetpack_featured_media_url":"https:\/\/i0.wp.com\/cdnoticias.com\/wp-content\/uploads\/2025\/05\/camaras-de-seguridad-2-scaled-1.jpg?fit=2560%2C1248&ssl=1","jetpack_sharing_enabled":true,"_links":{"self":[{"href":"https:\/\/cdnoticias.com\/index.php\/wp-json\/wp\/v2\/posts\/171655","targetHints":{"allow":["GET"]}}],"collection":[{"href":"https:\/\/cdnoticias.com\/index.php\/wp-json\/wp\/v2\/posts"}],"about":[{"href":"https:\/\/cdnoticias.com\/index.php\/wp-json\/wp\/v2\/types\/post"}],"author":[{"embeddable":true,"href":"https:\/\/cdnoticias.com\/index.php\/wp-json\/wp\/v2\/users\/2"}],"replies":[{"embeddable":true,"href":"https:\/\/cdnoticias.com\/index.php\/wp-json\/wp\/v2\/comments?post=171655"}],"version-history":[{"count":0,"href":"https:\/\/cdnoticias.com\/index.php\/wp-json\/wp\/v2\/posts\/171655\/revisions"}],"wp:featuredmedia":[{"embeddable":true,"href":"https:\/\/cdnoticias.com\/index.php\/wp-json\/wp\/v2\/media\/171657"}],"wp:attachment":[{"href":"https:\/\/cdnoticias.com\/index.php\/wp-json\/wp\/v2\/media?parent=171655"}],"wp:term":[{"taxonomy":"category","embeddable":true,"href":"https:\/\/cdnoticias.com\/index.php\/wp-json\/wp\/v2\/categories?post=171655"},{"taxonomy":"post_tag","embeddable":true,"href":"https:\/\/cdnoticias.com\/index.php\/wp-json\/wp\/v2\/tags?post=171655"}],"curies":[{"name":"wp","href":"https:\/\/api.w.org\/{rel}","templated":true}]}}