{"id":171638,"date":"2025-05-15T18:31:18","date_gmt":"2025-05-15T21:31:18","guid":{"rendered":"https:\/\/cdnoticias.com\/?p=171638"},"modified":"2025-05-15T18:31:20","modified_gmt":"2025-05-15T21:31:20","slug":"la-misa-de-asuncion-de-leon-xiv-se-celebrara-este-domingo","status":"publish","type":"post","link":"https:\/\/cdnoticias.com\/index.php\/2025\/05\/15\/la-misa-de-asuncion-de-leon-xiv-se-celebrara-este-domingo\/","title":{"rendered":"La misa de asunci\u00f3n de Le\u00f3n XIV se celebrar\u00e1 este domingo\u00a0"},"content":{"rendered":"\n<p>Lo anunci\u00f3 el Vaticano. Adem\u00e1s se dieron detalles acerca del programa inmediato de actividades papales.<\/p>\n\n\n\n<hr class=\"wp-block-separator aligncenter has-alpha-channel-opacity\"\/>\n\n\n\n<p>La <strong>misa de inauguraci\u00f3n solemne del pontificado del papa Le\u00f3n XIV se celebrar\u00e1 el domingo 18 de mayo,<\/strong> a las 10 de Roma (5 de Argentina), en la Plaza de San Pedro, anunci\u00f3 el Vaticano. Asimismo, el Gobierno anunci\u00f3 que <strong>el presidente Javier Milei viajar\u00e1 a Roma <\/strong>para la ceremonia.<\/p>\n\n\n\n<p><\/p>\n\n\n\n<p>Ese d\u00eda todos los cardenales presentes en la concelebraci\u00f3n realizar\u00e1n un acto de obediencia. Incluso, aquellos que no participaron en el c\u00f3nclave electivo.&nbsp;<\/p>\n\n\n\n<p><\/p>\n\n\n\n<blockquote class=\"wp-block-quote is-layout-flow wp-block-quote-is-layout-flow\">\n<p>El gesto, previsto en el reglamento para los cardenales electores inmediatamente despu\u00e9s de que el nuevo Papa haya elegido el nombre pontificio, siempre dentro de la Capilla Sixtina, tiene tambi\u00e9n una dimensi\u00f3n p\u00fablica y est\u00e1 abierto a todos los miembros del Colegio Cardenalicio, como signo de la universalidad de la Iglesia cat\u00f3lica.<\/p>\n<\/blockquote>\n\n\n\n<p><\/p>\n\n\n\n<h2 class=\"wp-block-heading\"><strong>Agenda ocupada<\/strong><\/h2>\n\n\n\n<p>El <strong>viernes 16, Le\u00f3n XIV recibir\u00e1 en audiencia al Cuerpo Diplom\u00e1tico <\/strong>acreditado ante la Santa Sede. Tras la inauguraci\u00f3n de su pontificado el 18, la actividad del papa Prevost contin\u00faa: <strong>el martes 20, tomar\u00e1 posesi\u00f3n de la Bas\u00edlica Papal de San Pablo Extramuros.\u00a0<\/strong><\/p>\n\n\n\n<p><\/p>\n\n\n\n<blockquote class=\"wp-block-quote is-layout-flow wp-block-quote-is-layout-flow\">\n<p>El mi\u00e9rcoles 21 dirigir\u00e1 su primera Audiencia General, mientras que el s\u00e1bado 24 se reunir\u00e1 con la Curia Romana y con los empleados del Estado de la Ciudad del Vaticano.<\/p>\n<\/blockquote>\n\n\n\n<p><\/p>\n\n\n\n<p>Finalmente, <strong>el domingo 25 de mayo presidir\u00e1 nuevamente el Regina Caeli, <\/strong>y ese mismo d\u00eda tomar\u00e1 posesi\u00f3n de las Bas\u00edlicas Papales de San Juan de Letr\u00e1n y de Santa Mar\u00eda la Mayor, completando as\u00ed los gestos simb\u00f3licos que lo vinculan con las principales iglesias de Roma.\u00a0<\/p>\n\n\n\n<p><\/p>\n\n\n\n<p><em>Fuente: DIB<\/em><\/p>\n\n\n<div>You need to add a widget, row, or prebuilt layout before you&#8217;ll see anything here. \ud83d\ude42<\/div>","protected":false},"excerpt":{"rendered":"<p>Lo anunci\u00f3 el Vaticano. Adem\u00e1s se dieron detalles acerca del programa inmediato de actividades papales. La misa de inauguraci\u00f3n solemne<\/p>\n","protected":false},"author":6,"featured_media":171642,"comment_status":"closed","ping_status":"closed","sticky":false,"template":"","format":"standard","meta":{"_jetpack_memberships_contains_paid_content":false,"footnotes":""},"categories":[6,1],"tags":[],"class_list":["post-171638","post","type-post","status-publish","format-standard","has-post-thumbnail","hentry","category-nacionales","category-portada"],"jetpack_featured_media_url":"https:\/\/i0.wp.com\/cdnoticias.com\/wp-content\/uploads\/2025\/05\/leonxiv-nuevo-papa.jpg?fit=696%2C464&ssl=1","jetpack_sharing_enabled":true,"_links":{"self":[{"href":"https:\/\/cdnoticias.com\/index.php\/wp-json\/wp\/v2\/posts\/171638","targetHints":{"allow":["GET"]}}],"collection":[{"href":"https:\/\/cdnoticias.com\/index.php\/wp-json\/wp\/v2\/posts"}],"about":[{"href":"https:\/\/cdnoticias.com\/index.php\/wp-json\/wp\/v2\/types\/post"}],"author":[{"embeddable":true,"href":"https:\/\/cdnoticias.com\/index.php\/wp-json\/wp\/v2\/users\/6"}],"replies":[{"embeddable":true,"href":"https:\/\/cdnoticias.com\/index.php\/wp-json\/wp\/v2\/comments?post=171638"}],"version-history":[{"count":0,"href":"https:\/\/cdnoticias.com\/index.php\/wp-json\/wp\/v2\/posts\/171638\/revisions"}],"wp:featuredmedia":[{"embeddable":true,"href":"https:\/\/cdnoticias.com\/index.php\/wp-json\/wp\/v2\/media\/171642"}],"wp:attachment":[{"href":"https:\/\/cdnoticias.com\/index.php\/wp-json\/wp\/v2\/media?parent=171638"}],"wp:term":[{"taxonomy":"category","embeddable":true,"href":"https:\/\/cdnoticias.com\/index.php\/wp-json\/wp\/v2\/categories?post=171638"},{"taxonomy":"post_tag","embeddable":true,"href":"https:\/\/cdnoticias.com\/index.php\/wp-json\/wp\/v2\/tags?post=171638"}],"curies":[{"name":"wp","href":"https:\/\/api.w.org\/{rel}","templated":true}]}}