{"id":171616,"date":"2025-05-15T20:10:09","date_gmt":"2025-05-15T23:10:09","guid":{"rendered":"https:\/\/cdnoticias.com\/?p=171616"},"modified":"2025-05-15T20:10:11","modified_gmt":"2025-05-15T23:10:11","slug":"amco-concejales-del-pro-piden-a-wesner-retomar-la-entrega-de-subsidio","status":"publish","type":"post","link":"https:\/\/cdnoticias.com\/index.php\/2025\/05\/15\/amco-concejales-del-pro-piden-a-wesner-retomar-la-entrega-de-subsidio\/","title":{"rendered":"AMCO: concejales del PRO piden a Wesner retomar la entrega de subsidio"},"content":{"rendered":"\n<p>Sostuvieron que el Club se encuentra \u201cac\u00e9falo y econ\u00f3micamente complicado\u201d por lo que solicitan la reanudaci\u00f3n de la contribuci\u00f3n para el pago salarial de los empleados.<\/p>\n\n\n\n<hr class=\"wp-block-separator has-alpha-channel-opacity\"\/>\n\n\n\n<p>Concejales de los bloques Juntos por Olavarr\u00eda y PRO-ERF presentaron, en la ma\u00f1ana de este jueves, un proyecto de Resoluci\u00f3n referido a la situaci\u00f3n que atraviesa el Autom\u00f3vil Moto Club Olavarr\u00eda (AMCO).<\/p>\n\n\n\n<p><\/p>\n\n\n\n<p>Recordemos que <a href=\"https:\/\/cdnoticias.com\/index.php\/2025\/05\/13\/cuarto-intermedio-en-el-amco-y-suspension-de-la-fecha-del-automovilismo-zonal\/\" data-type=\"link\" data-id=\"https:\/\/cdnoticias.com\/index.php\/2025\/05\/13\/cuarto-intermedio-en-el-amco-y-suspension-de-la-fecha-del-automovilismo-zonal\/\">el lunes por la tarde se llev\u00f3 a cabo una asamblea clave en el AMCO,<\/a> pero el encuentro termin\u00f3 en un cuarto intermedio ante la imposibilidad de conformar una nueva comisi\u00f3n directiva para normalizar la entidad, tras las renuncias ocurridas a comienzos de este a\u00f1o.<\/p>\n\n\n\n<p><\/p>\n\n\n\n<p>La situaci\u00f3n institucional llev\u00f3 a <strong>suspender<\/strong> la tercera fecha de la Promocional 1100, Monomarca 1100 y Copa Gol del Sudeste, adem\u00e1s de la apertura del Turismo Sport del Sudeste, prevista para este fin de semana en el Aut\u00f3dromo Hermanos Emiliozzi.<\/p>\n\n\n\n<p><\/p>\n\n\n\n<p>Desde el gallismo, <strong>se hicieron eco de declaraciones que referentes de la instituci\u00f3n realizadas en medios locales<\/strong> que indicaron que <strong>el gobierno municipal suspendi\u00f3 la entrega de un subsidio <\/strong>que \u201cconsist\u00eda en el pago de dos empleados m\u00e1s las cargas sociales\u201d y que \u201cpara nosotros es imposible seguir funcionando porque es un predio muy grande en el cual cuesta mucho mantenerlo y la realidad es que no hay cantidad de eventos que se puedan realizar en el aut\u00f3dromo\u201d.<\/p>\n\n\n\n<p><\/p>\n\n\n\n<p>Los bloques Juntos por Olavarr\u00eda y PRO-ERF consideraron que \u201cpor este motivo, y visto que el AMCO se encuentra <strong>ac\u00e9falo y econ\u00f3micamente complicado<\/strong>\u201d solicitan \u201c<strong>al Departamento Ejecutivo Municipal la reanudaci\u00f3n del subsidio otorgado para el pago salarial y las cargas sociales de los empleados <\/strong>del AMCO, y as\u00ed poder reencausarlo desde lo institucional y lo econ\u00f3mico\u201d.<\/p>\n\n\n\n<p><\/p>\n\n\n\n<figure class=\"wp-block-embed is-type-wp-embed is-provider-central-de-noticias-olavarr-a wp-block-embed-central-de-noticias-olavarr-a\"><div class=\"wp-block-embed__wrapper\">\n<blockquote class=\"wp-embedded-content\" data-secret=\"UcgwF81qwJ\"><a href=\"https:\/\/cdnoticias.com\/index.php\/2025\/05\/13\/cuarto-intermedio-en-el-amco-y-suspension-de-la-fecha-del-automovilismo-zonal\/\">Cuarto intermedio en el AMCO y suspensi\u00f3n de la fecha del automovilismo zonal<\/a><\/blockquote><iframe loading=\"lazy\" class=\"wp-embedded-content\" sandbox=\"allow-scripts\" security=\"restricted\" style=\"position: absolute; visibility: hidden;\" title=\"&#8220;Cuarto intermedio en el AMCO y suspensi\u00f3n de la fecha del automovilismo zonal&#8221; &#8212; Central de Noticias | Olavarr\u00eda\" src=\"https:\/\/cdnoticias.com\/index.php\/2025\/05\/13\/cuarto-intermedio-en-el-amco-y-suspension-de-la-fecha-del-automovilismo-zonal\/embed\/#?secret=09NBtPKvCT#?secret=UcgwF81qwJ\" data-secret=\"UcgwF81qwJ\" width=\"600\" height=\"338\" frameborder=\"0\" marginwidth=\"0\" marginheight=\"0\" scrolling=\"no\"><\/iframe>\n<\/div><\/figure>\n","protected":false},"excerpt":{"rendered":"<p>Sostuvieron que el Club se encuentra \u201cac\u00e9falo y econ\u00f3micamente complicado\u201d por lo que solicitan la reanudaci\u00f3n de la contribuci\u00f3n para<\/p>\n","protected":false},"author":5,"featured_media":171617,"comment_status":"closed","ping_status":"closed","sticky":false,"template":"","format":"standard","meta":{"_jetpack_memberships_contains_paid_content":false,"footnotes":""},"categories":[4,1],"tags":[],"class_list":["post-171616","post","type-post","status-publish","format-standard","has-post-thumbnail","hentry","category-politica","category-portada"],"jetpack_featured_media_url":"https:\/\/i0.wp.com\/cdnoticias.com\/wp-content\/uploads\/2025\/05\/HCD-coscia.png?fit=800%2C445&ssl=1","jetpack_sharing_enabled":true,"_links":{"self":[{"href":"https:\/\/cdnoticias.com\/index.php\/wp-json\/wp\/v2\/posts\/171616","targetHints":{"allow":["GET"]}}],"collection":[{"href":"https:\/\/cdnoticias.com\/index.php\/wp-json\/wp\/v2\/posts"}],"about":[{"href":"https:\/\/cdnoticias.com\/index.php\/wp-json\/wp\/v2\/types\/post"}],"author":[{"embeddable":true,"href":"https:\/\/cdnoticias.com\/index.php\/wp-json\/wp\/v2\/users\/5"}],"replies":[{"embeddable":true,"href":"https:\/\/cdnoticias.com\/index.php\/wp-json\/wp\/v2\/comments?post=171616"}],"version-history":[{"count":0,"href":"https:\/\/cdnoticias.com\/index.php\/wp-json\/wp\/v2\/posts\/171616\/revisions"}],"wp:featuredmedia":[{"embeddable":true,"href":"https:\/\/cdnoticias.com\/index.php\/wp-json\/wp\/v2\/media\/171617"}],"wp:attachment":[{"href":"https:\/\/cdnoticias.com\/index.php\/wp-json\/wp\/v2\/media?parent=171616"}],"wp:term":[{"taxonomy":"category","embeddable":true,"href":"https:\/\/cdnoticias.com\/index.php\/wp-json\/wp\/v2\/categories?post=171616"},{"taxonomy":"post_tag","embeddable":true,"href":"https:\/\/cdnoticias.com\/index.php\/wp-json\/wp\/v2\/tags?post=171616"}],"curies":[{"name":"wp","href":"https:\/\/api.w.org\/{rel}","templated":true}]}}