{"id":171614,"date":"2025-05-15T16:03:09","date_gmt":"2025-05-15T19:03:09","guid":{"rendered":"https:\/\/cdnoticias.com\/?p=171614"},"modified":"2025-05-15T18:50:17","modified_gmt":"2025-05-15T21:50:17","slug":"paritarias-de-estatales-y-docentes-provincia-oferto-una-suba-del-10-en-dos-tramos","status":"publish","type":"post","link":"https:\/\/cdnoticias.com\/index.php\/2025\/05\/15\/paritarias-de-estatales-y-docentes-provincia-oferto-una-suba-del-10-en-dos-tramos\/","title":{"rendered":"Paritarias de estatales y docentes: Provincia ofert\u00f3 una suba del 10% en dos tramos"},"content":{"rendered":"<p>Los estatales aceptaron mientras que los docentes pusieron a consideraci\u00f3n de las bases la propuesta. Las reuniones con los representantes sindicales se llevaron a cabo en forma virtual.<!--more--><\/p>\n<hr \/>\n<p>En la <strong>reanudaci\u00f3n de la negociaci\u00f3n salarial<\/strong>, el Gobierno bonaerense mejor\u00f3 la <strong>oferta salarial para los docentes y estatales<\/strong> que <a href=\"https:\/\/cdnoticias.com\/index.php\/2025\/05\/11\/paritaria-bonaerense-en-compas-de-espera-gremios-y-gobierno-se-reunen-este-lunes-tras-oferta-salarial-rechazada\/\" target=\"_blank\" rel=\"noopener\">hab\u00eda quedado trunca d\u00edas atr\u00e1s<\/a>, por haber sido considerada insuficiente.<\/p>\n<blockquote><p>Tras mantener encuentros con los representantes de los dos sectores, se ofert\u00f3 a los gremios que nuclean a las y los trabajadores de la Ley 10.430 y a los docentes de la Provincia dos nuevos tramos de aumento salarial de 6% en mayo y 4% en julio, respecto de los haberes vigentes al mes de marzo. Este acuerdo incluye el compromiso de reapertura de las negociaciones en agosto.<\/p><\/blockquote>\n<p>En este marco, <strong>los estatales de la Ley 10.430 aceptaron la propuesta<\/strong>, mientras que<strong> los docentes anunciaron que la llevar\u00e1n a consideraci\u00f3n de las bases<\/strong>.<\/p>\n<p>\u201cA\u00fan en el complejo contexto fiscal que atraviesa la Provincia, continuidad del iniciado en 2024 producto del recorte de transferencias no autom\u00e1ticas por parte del Gobierno nacional, y profundizado por la ca\u00edda de la recaudaci\u00f3n debido a la recesi\u00f3n y a decisiones unilaterales del Gobierno nacional que atentan contra la coparticipaci\u00f3n y generan incertidumbre a las provincias,<strong> el Gobierno provincial mantiene su compromiso con la calidad de las condiciones laborales de sus trabajadores y trabajadoras\u201d<\/strong>, indicaron desde la gesti\u00f3n de Axel Kicillof.<\/p>\n<p>Pese a que los gremios <strong>Suteba, FEB, Amet, Sadop y Udocba<\/strong> se comprometieron en la reuni\u00f3n que se realiz\u00f3 de manera virtual a <strong>llevar la propuesta a sus diversas asambleas<\/strong>, esperaban que la <strong>oferta sea a\u00fan mejor<\/strong>. Es que, indicaron, en el caso de un maestro de grado sin antig\u00fcedad, el sueldo actual de $603.000 trepar\u00e1 a $670.000 con el cobro de agosto.<\/p>\n<p>De esa manera <strong>se dio a conocer la situaci\u00f3n desde Suteba Olavarr\u00eda<\/strong> en el marco del FUDB con el inicio de la consulta a los afiliados.<\/p>\n<p>Si bien ambas partes iban a reunirse la semana pasada, luego esa cumbre <strong>se pas\u00f3 a un cuarto intermedio para el lunes, d\u00eda que se posterg\u00f3 para este mi\u00e9rcoles<\/strong>. Esta reuni\u00f3n se dio tras el rechazo de una suba del 7% en dos tramos: un 4% para mayo, (a cobrar en junio), y un 3% en julio (a cobrar en agosto).<\/p>\n<p>Cabe recordar que <strong>el \u00faltimo acuerdo alcanzado fue en febrero con una suba del 7% al salario b\u00e1sico<\/strong> que se percibi\u00f3 en marzo y un ajuste del 2% cobrado en abril. Sin embargo, despu\u00e9s de esas cifras, la inflaci\u00f3n sufri\u00f3 una aceleraci\u00f3n, y la \u00faltima medici\u00f3n del Indec marc\u00f3 un 3,7%, y caso 6% en alimentos. A esto se suma la inflaci\u00f3n de abril.<\/p>\n<p>En los encuentros con los representantes gremiales, que se realizaron por Zoom, participaron el Ministerio de Econom\u00eda, el subsecretario de Coordinaci\u00f3n Econ\u00f3mica y Estad\u00edstica, Nicol\u00e1s Todesca, y la Directora Provincial de Econom\u00eda Laboral del Sector P\u00fablico, Gisela Swaels; por el Ministerio de Trabajo, la jefa de Gabinete, Cecilia Cecchini; y el Director Provincial de la Negociaci\u00f3n Colectiva, Juan Pablo Lorenzo; por la Direcci\u00f3n General de Cultura y Educaci\u00f3n, el subsecretario de Administraci\u00f3n y Recursos Humanos, Diego Turkenich; por la Secretar\u00eda General, la subsecretaria de Gesti\u00f3n y Empleo P\u00fablico, Ver\u00f3nica Ferraris; y por el IPS, la directora General de Administraci\u00f3n, Carmen Sarra.<\/p>\n<p>Fuente: <em>Agencia DIB<\/em><\/p>\n","protected":false},"excerpt":{"rendered":"<p>Los estatales aceptaron mientras que los docentes pusieron a consideraci\u00f3n de las bases la propuesta. Las reuniones con los representantes<\/p>\n","protected":false},"author":2,"featured_media":170274,"comment_status":"closed","ping_status":"closed","sticky":false,"template":"","format":"standard","meta":{"_jetpack_memberships_contains_paid_content":false,"footnotes":""},"categories":[6,1],"tags":[],"class_list":["post-171614","post","type-post","status-publish","format-standard","has-post-thumbnail","hentry","category-nacionales","category-portada"],"jetpack_featured_media_url":"https:\/\/i0.wp.com\/cdnoticias.com\/wp-content\/uploads\/2025\/04\/paritaria-abril-696x439-1.jpg?fit=696%2C439&ssl=1","jetpack_sharing_enabled":true,"_links":{"self":[{"href":"https:\/\/cdnoticias.com\/index.php\/wp-json\/wp\/v2\/posts\/171614","targetHints":{"allow":["GET"]}}],"collection":[{"href":"https:\/\/cdnoticias.com\/index.php\/wp-json\/wp\/v2\/posts"}],"about":[{"href":"https:\/\/cdnoticias.com\/index.php\/wp-json\/wp\/v2\/types\/post"}],"author":[{"embeddable":true,"href":"https:\/\/cdnoticias.com\/index.php\/wp-json\/wp\/v2\/users\/2"}],"replies":[{"embeddable":true,"href":"https:\/\/cdnoticias.com\/index.php\/wp-json\/wp\/v2\/comments?post=171614"}],"version-history":[{"count":0,"href":"https:\/\/cdnoticias.com\/index.php\/wp-json\/wp\/v2\/posts\/171614\/revisions"}],"wp:featuredmedia":[{"embeddable":true,"href":"https:\/\/cdnoticias.com\/index.php\/wp-json\/wp\/v2\/media\/170274"}],"wp:attachment":[{"href":"https:\/\/cdnoticias.com\/index.php\/wp-json\/wp\/v2\/media?parent=171614"}],"wp:term":[{"taxonomy":"category","embeddable":true,"href":"https:\/\/cdnoticias.com\/index.php\/wp-json\/wp\/v2\/categories?post=171614"},{"taxonomy":"post_tag","embeddable":true,"href":"https:\/\/cdnoticias.com\/index.php\/wp-json\/wp\/v2\/tags?post=171614"}],"curies":[{"name":"wp","href":"https:\/\/api.w.org\/{rel}","templated":true}]}}