{"id":171580,"date":"2025-05-15T08:50:37","date_gmt":"2025-05-15T11:50:37","guid":{"rendered":"https:\/\/cdnoticias.com\/?p=171580"},"modified":"2025-05-15T11:50:01","modified_gmt":"2025-05-15T14:50:01","slug":"un-olavarriense-denuncio-que-le-robaron-pesos-y-dolares-en-azul","status":"publish","type":"post","link":"https:\/\/cdnoticias.com\/index.php\/2025\/05\/15\/un-olavarriense-denuncio-que-le-robaron-pesos-y-dolares-en-azul\/","title":{"rendered":"Un olavarriense denunci\u00f3 que le robaron pesos y d\u00f3lares en Azul"},"content":{"rendered":"<p>La v\u00edctima es un hombre de 39 a\u00f1os que hab\u00eda ido a un remate de hacienda en la sede de la Sociedad Rural de la vecina ciudad. Forzaron la puerta de su veh\u00edculo.<!--more--><\/p>\n<hr \/>\n<p><strong>Un olavarriense<\/strong> asent\u00f3 una<strong> grave denuncia penal<\/strong> en la ciudad de Azul por <strong>\u201crobo\u201d<\/strong> el d\u00eda s\u00e1bado: inform\u00f3 que <strong>le fue sustra\u00edda una importante cantidad de dinero<\/strong> del interior de su camioneta cuando hab\u00eda concurrido a un remate de hacienda en el predio de la Sociedad Rural de Azul (SRA).<\/p>\n<p>El denunciante y damnificado por lo sucedido es<strong> un hombre que tiene 39 a\u00f1os de eda<\/strong>d y figura <strong>con domicilio en Olavarr\u00eda<\/strong>, expuso diario El Tiempo a trav\u00e9s de voceros de seguridad.<\/p>\n<blockquote><p>De acuerdo con lo la presentaci\u00f3n que formulara en la sede del Comando de Prevenci\u00f3n Rural Azul perteneciente a la Polic\u00eda bonaerense, este s\u00e1bado 10 de mayo, en ocasi\u00f3n de llegar al predio de la SRA que est\u00e1 en Urioste y Ruta 3 a presenciar un remate de vacunos, autores hasta el momento no identificados forzaron la cerradura de una de las puertas de su camioneta Toyota Hilux para robarle una importante cantidad de dinero. Tanto en pesos como en d\u00f3lares.<\/p><\/blockquote>\n<p>Ni bien el hombre regres\u00f3 a buscar su camioneta al estacionamiento del mencionado predio, constat\u00f3 que <strong>la cerradura de una de las puertas del veh\u00edculo hab\u00eda sido forzada<\/strong>. Y despu\u00e9s observ\u00f3 que<strong> de una mochila y de una ri\u00f1onera que dej\u00f3 en el interior del rodado faltaban los pesos y los d\u00f3lares<\/strong> que hab\u00eda llevado, cuya suma en total no fue oficialmente informada.<\/p>\n<p>Seg\u00fan lo se\u00f1alado en un reporte policial, <strong>el remate &#8220;carec\u00eda de seguridad privada&#8221;<\/strong>. Sus organizadores <strong>tampoco hab\u00edan solicitado la presencia de personal policial<\/strong>. Ambas situaciones favorecieron el accionar de los autores de este robo, que de acuerdo con lo investigado<strong> habr\u00edan sido varios sujetos<\/strong>.<\/p>\n<p>El estacionamiento donde el damnificado hab\u00eda dejado parada su camioneta se encuentra ubicado sobre el frente del predio de la SRA; mientras que el remate de hacienda se desarroll\u00f3 en la parte trasera, <strong>&#8220;quedando los veh\u00edculos solos y contra la calle&#8221;<\/strong>, se consign\u00f3 tambi\u00e9n desde la Polic\u00eda.<\/p>\n<p>El sumario penal que se inici\u00f3 qued\u00f3 radicado en la<strong> UFI 11<\/strong> que en los tribunales de Azul est\u00e1 a cargo de <strong>Adri\u00e1n Peiretti,<\/strong> la fiscal\u00eda tem\u00e1tica desde donde se investigan il\u00edcitos sucedidos en contextos rurales, tal como lo fue en este caso.<\/p>\n<p>Fuente y foto: <em>Diario El Tiempo<\/em><\/p>\n","protected":false},"excerpt":{"rendered":"<p>La v\u00edctima es un hombre de 39 a\u00f1os que hab\u00eda ido a un remate de hacienda en la sede de<\/p>\n","protected":false},"author":2,"featured_media":171581,"comment_status":"closed","ping_status":"closed","sticky":false,"template":"","format":"standard","meta":{"_jetpack_memberships_contains_paid_content":false,"footnotes":""},"categories":[14,1],"tags":[],"class_list":["post-171580","post","type-post","status-publish","format-standard","has-post-thumbnail","hentry","category-policiales","category-portada"],"jetpack_featured_media_url":"https:\/\/i0.wp.com\/cdnoticias.com\/wp-content\/uploads\/2025\/05\/sociedad-rural-de-azul-diario-el-tiempo.jpg?fit=1000%2C562&ssl=1","jetpack_sharing_enabled":true,"_links":{"self":[{"href":"https:\/\/cdnoticias.com\/index.php\/wp-json\/wp\/v2\/posts\/171580","targetHints":{"allow":["GET"]}}],"collection":[{"href":"https:\/\/cdnoticias.com\/index.php\/wp-json\/wp\/v2\/posts"}],"about":[{"href":"https:\/\/cdnoticias.com\/index.php\/wp-json\/wp\/v2\/types\/post"}],"author":[{"embeddable":true,"href":"https:\/\/cdnoticias.com\/index.php\/wp-json\/wp\/v2\/users\/2"}],"replies":[{"embeddable":true,"href":"https:\/\/cdnoticias.com\/index.php\/wp-json\/wp\/v2\/comments?post=171580"}],"version-history":[{"count":0,"href":"https:\/\/cdnoticias.com\/index.php\/wp-json\/wp\/v2\/posts\/171580\/revisions"}],"wp:featuredmedia":[{"embeddable":true,"href":"https:\/\/cdnoticias.com\/index.php\/wp-json\/wp\/v2\/media\/171581"}],"wp:attachment":[{"href":"https:\/\/cdnoticias.com\/index.php\/wp-json\/wp\/v2\/media?parent=171580"}],"wp:term":[{"taxonomy":"category","embeddable":true,"href":"https:\/\/cdnoticias.com\/index.php\/wp-json\/wp\/v2\/categories?post=171580"},{"taxonomy":"post_tag","embeddable":true,"href":"https:\/\/cdnoticias.com\/index.php\/wp-json\/wp\/v2\/tags?post=171580"}],"curies":[{"name":"wp","href":"https:\/\/api.w.org\/{rel}","templated":true}]}}