{"id":171568,"date":"2025-05-14T20:28:48","date_gmt":"2025-05-14T23:28:48","guid":{"rendered":"https:\/\/cdnoticias.com\/?p=171568"},"modified":"2025-05-14T20:28:49","modified_gmt":"2025-05-14T23:28:49","slug":"jose-eseverri-me-parece-irracional-que-no-se-respete-al-gobernador-de-la-provincia","status":"publish","type":"post","link":"https:\/\/cdnoticias.com\/index.php\/2025\/05\/14\/jose-eseverri-me-parece-irracional-que-no-se-respete-al-gobernador-de-la-provincia\/","title":{"rendered":"Jos\u00e9 Eseverri: \u201cMe parece irracional que no se respete al gobernador de la provincia\u201d"},"content":{"rendered":"\n<p>El ex intendente habl\u00f3 de su participaci\u00f3n en la reuni\u00f3n seccional de MDF. \u201cKicillof ha demostrado tener un coraje que no ha tenido la dirigencia peronista durante mucho tiempo\u201d defini\u00f3 sobre el choque con Cristina Fern\u00e1ndez y la interna con el camporismo.<\/p>\n\n\n\n<hr class=\"wp-block-separator aligncenter has-alpha-channel-opacity\"\/>\n\n\n\n<p>El fin de semana pasado<strong>, Jos\u00e9 Eseverri particip\u00f3 del encuentro seccional de Movimiento Derecho al Futuro (MDF), la agrupaci\u00f3n que impulsa Axel Kicillof. Su presencia fue una sorpresa y sobre ello habl\u00f3 en el programa Levantate por Radio Sapiens (FM 102.7) este mi\u00e9rcoles.<\/strong> Las internas partidarias, la figura de Javier Milei, la actualidad del peronismo y la discusi\u00f3n de fondo sobre <em>\u201ccu\u00e1nto Estado queremos\u201d. \u201cPara m\u00ed la discusi\u00f3n de fondo de la Argentina es cu\u00e1nto estado queremos, para qu\u00e9 lo queremos y qu\u00e9 estamos dispuestos a financiar\u201d<\/em> resalt\u00f3.<\/p>\n\n\n\n<p><strong>A lo largo de la entrevista dej\u00f3 definiciones y lecturas sobre la actualidad del peronismo, la vocaci\u00f3n de debate, las provincias en problemas, un 2027 con \u201ctransversalidad\u201d, la figura de Axel Kicillof, <\/strong>la distancia entre la pol\u00edtica y la sociedad y su traducci\u00f3n en la baja concurrencia de electores en los comicios provinciales de este a\u00f1o.<\/p>\n\n\n\n<p><em><strong>\u201cCreo que desde 2015 que me fui a la Municipalidad no hab\u00eda participado en ning\u00fan evento del peronismo de este tipo\u201d <\/strong><\/em>revel\u00f3 el ex intendente. Explic\u00f3 que <em>\u201cfue una convocatoria de gente que conozco y respeto mucho\u201d y que \u201cse necesita en la Argentina trabajar en la construcci\u00f3n de la alternativa y me parece que es un espacio que est\u00e1 orientado a eso\u201d<\/em> dijo sobre MDF.<\/p>\n\n\n\n<blockquote class=\"wp-block-quote is-layout-flow wp-block-quote-is-layout-flow\">\n<p>\u201cEl peronismo perdi\u00f3 el ejercicio, la vocaci\u00f3n, por la discusi\u00f3n y el disenso interno. Eso le ha hecho muy mal a los \u00faltimos gobiernos, a la posibilidad de discutir los planes de gobierno, de discutir las estrategias, de sincerar qu\u00e9 se quiere ser y c\u00f3mo ser una alternativa frente a un gobierno nacional que parece tener claro hacia d\u00f3nde quiere ir\u201d plante\u00f3 el ex intendente de nuestra ciudad.<\/p>\n<\/blockquote>\n\n\n\n<p>Dej\u00f3 en claro que<em><strong> \u201cno ando buscando una candidatura\u201d<\/strong><\/em>. Sostuvo que<em> \u201cmi participaci\u00f3n en la pol\u00edtica, lo digo sinceramente, es la posibilidad de aportar desde mi experiencia a la necesidad que tiene la Argentina de tener una alternativa que mire a los sectores productivos\u201d<\/em>. En ese punto, destac\u00f3 que las provincias de Buenos Aires, Entre R\u00edos, C\u00f3rdoba, Santa Fe,<em> \u201cvan a estar muy castigadas en los pr\u00f3ximos a\u00f1os\u201d<\/em>. Se refiri\u00f3 a <em><strong>\u201cel gobierno nacional va a seguir viviendo de las retenciones del campo\u201d <\/strong><\/em>y a que <em>\u201cel modelo de desarrollo favorece la importaci\u00f3n de productos con lo cual est\u00e1 destruyendo la industria nacional\u201d.<\/em><\/p>\n\n\n\n<p>Cont\u00f3 que <em>\u201cpor eso hay un di\u00e1logo entre los santafesinos, los cordobeses, m\u00e1s all\u00e1 de los partidos pol\u00edticos. El gobernador de la provincia de Buenos Aires es parte y art\u00edfice de esos encuentros que son transversales\u201d<\/em> para concluir que<em><strong> \u201chay una dirigencia nueva que est\u00e1 empezando a ver los problemas que este modelo econ\u00f3mico le va a generar a la Argentina. Y creo que la idea es llegar al 2027 con una propuesta transversal\u201d.<\/strong><\/em><\/p>\n\n\n\n<figure class=\"wp-block-embed is-type-wp-embed is-provider-central-de-noticias-olavarr-a wp-block-embed-central-de-noticias-olavarr-a\"><div class=\"wp-block-embed__wrapper\">\n<blockquote class=\"wp-embedded-content\" data-secret=\"WdOYL5djrI\"><a href=\"https:\/\/cdnoticias.com\/index.php\/2025\/05\/14\/olavarria-tiene-que-hacer-tomar-conciencia-para-que-vuelva-a-haber-niveles-de-inversion-publica\/\">\u201cOlavarr\u00eda tiene que hacer tomar conciencia para que vuelva a haber niveles de inversi\u00f3n p\u00fablica\u201d<\/a><\/blockquote><iframe loading=\"lazy\" class=\"wp-embedded-content\" sandbox=\"allow-scripts\" security=\"restricted\" style=\"position: absolute; visibility: hidden;\" title=\"&#8220;\u201cOlavarr\u00eda tiene que hacer tomar conciencia para que vuelva a haber niveles de inversi\u00f3n p\u00fablica\u201d&#8221; &#8212; Central de Noticias | Olavarr\u00eda\" src=\"https:\/\/cdnoticias.com\/index.php\/2025\/05\/14\/olavarria-tiene-que-hacer-tomar-conciencia-para-que-vuelva-a-haber-niveles-de-inversion-publica\/embed\/#?secret=FFJJyL46n3#?secret=WdOYL5djrI\" data-secret=\"WdOYL5djrI\" width=\"600\" height=\"338\" frameborder=\"0\" marginwidth=\"0\" marginheight=\"0\" scrolling=\"no\"><\/iframe>\n<\/div><\/figure>\n\n\n\n<p>Respondi\u00f3 que, para ese punto, el peronismo tendr\u00eda que reunir <em>\u201ca todos. Tendr\u00eda que ser con todos los que entiendan que los tiempos son otros, que los liderazgos son otros, que las ideas tienen que ser otras\u201d.<\/em><\/p>\n\n\n\n<p>Cuestion\u00f3 que <em>\u201cel peronismo dej\u00f3 de hablar con los sectores productivos, dej\u00f3 de hablar con el comerciante, con el vecino com\u00fan, con el laburante. Con el laburante que vot\u00f3 a Milei, como ya lo hab\u00eda votado en el 2015 a Macri porque estaba cansado algunas cosas. Y al no hablar no lo escuch\u00e1s. Y a qui\u00e9n escucha el peronismo, yo creo que escucha nada m\u00e1s que a los empleados p\u00fablicos que los rodean. Hay una cosa muy de aplaudirse a s\u00ed mismo que hay dando vuelta en el peronismo. Entonces se juntan todos los de la C\u00e1mpora y le aplauden a Cristina, le dicen que s\u00ed. Cristina comete errores, se ha equivocado. Dig\u00e1moslo. Viene de sacar seis puntos en Salta y Jujuy. Alg\u00fan problema hay con la visi\u00f3n que desde el conurbano bonaerense se quiere imponer al resto de la Argentina\u201d.<\/em><\/p>\n\n\n\n<p>En esa l\u00ednea interpret\u00f3 que<em> \u201cvos fijate el hartazgo que ha tenido la Argentina del interior, que Milei gan\u00f3 en todos lados menos la Ciudad de Buenos Aires y el conurbano bonaerense\u201d.<\/em> Eseverri a\u00f1adi\u00f3 que<em><strong> \u201cel triunfo de Milei es un triunfo federal. No es solamente el triunfo de los que lo votaron, los que estaban calientes con la pol\u00edtica. Hay una cuesti\u00f3n federal y productiva en el voto a Milei, que curiosamente Milei la desconoce cuando llega y arma de vuelta un gabinete muy porte\u00f1o. Un gabinete que est\u00e1 preocupado por ganar la elecci\u00f3n de la Ciudad de Buenos Aires y por ganar la Provincia de Buenos Aires. Pero se est\u00e1 olvidando d\u00f3nde estuvieron sus votos\u201d.<\/strong><\/em> Afirm\u00f3 que hoy<em> \u201cest\u00e1 empezando a tener problemas en C\u00f3rdoba, problemas en Santa Fe, sac\u00f3 14 puntos hace 15 d\u00edas. Porque es un gobierno que le dio la espalda a su votante\u201d.<\/em><\/p>\n\n\n\n<p>A su vez, proyect\u00f3 que <em>\u201cac\u00e1 empieza a haber una distancia tan grande entre la pol\u00edtica y una decepci\u00f3n grande, grande, ya en el votante de Milei, que deja de ir a votar. Ac\u00e1 hay alguien que no est\u00e1 yendo a votar\u201d<\/em> dijo en referencia a la baja asistencia del padr\u00f3n en las provincias en las que ya hubo elecciones. <em><strong>\u201cHoy yo creo que la pol\u00edtica tiene que entender que no est\u00e1 a la altura de lo que la sociedad necesita. Tambi\u00e9n es cierto que nadie quiere participar en pol\u00edtica\u201d defini\u00f3.<\/strong><\/em><\/p>\n\n\n\n<p>Contrapuso la figura del gobernador bonaerense,<em> \u201cKicillof es un dirigente pol\u00edtico, obviamente que fue ministro de econom\u00eda, tiene un pasado. Pero tambi\u00e9n es cierto que es un dirigente que puede seguir recorriendo el lugar que gobierna. Puede seguir teniendo contacto. No es un dirigente del establishment de la pol\u00edtica argentina\u201d.<\/em><\/p>\n\n\n\n<figure class=\"wp-block-embed is-type-wp-embed is-provider-central-de-noticias-olavarr-a wp-block-embed-central-de-noticias-olavarr-a\"><div class=\"wp-block-embed__wrapper\">\n<blockquote class=\"wp-embedded-content\" data-secret=\"uIgnRIGDdY\"><a href=\"https:\/\/cdnoticias.com\/index.php\/2025\/05\/10\/varios-dirigentes-olavarrienses-participaron-del-acto-de-movimiento-derecho-al-futuro-en-tapalque\/\">Varios dirigentes olavarrienses participaron del acto de Movimiento Derecho al Futuro en Tapalqu\u00e9<\/a><\/blockquote><iframe loading=\"lazy\" class=\"wp-embedded-content\" sandbox=\"allow-scripts\" security=\"restricted\" style=\"position: absolute; visibility: hidden;\" title=\"&#8220;Varios dirigentes olavarrienses participaron del acto de Movimiento Derecho al Futuro en Tapalqu\u00e9&#8221; &#8212; Central de Noticias | Olavarr\u00eda\" src=\"https:\/\/cdnoticias.com\/index.php\/2025\/05\/10\/varios-dirigentes-olavarrienses-participaron-del-acto-de-movimiento-derecho-al-futuro-en-tapalque\/embed\/#?secret=8U3etFmtOU#?secret=uIgnRIGDdY\" data-secret=\"uIgnRIGDdY\" width=\"600\" height=\"338\" frameborder=\"0\" marginwidth=\"0\" marginheight=\"0\" scrolling=\"no\"><\/iframe>\n<\/div><\/figure>\n\n\n\n<p>\u00bfKicillof puede liderar el pr\u00f3ximo peronismo?<em> \u201cLa ventaja de Axel es que quiere, que no es poco. Otros no quer\u00edan. Nadie quiso liderar, entonces la ventaja de Axel es que quiere y tiene ganas\u201d. <\/em>M\u00e1s adelante sum\u00f3 que<em><strong> \u201cAxel tiene valores como su honestidad, despu\u00e9s la gente opina bien o mal. Pero Kicillof ha demostrado tener un coraje que no ha tenido la dirigencia peronista durante mucho tiempo\u201d.<\/strong><\/em><\/p>\n\n\n\n<p>En referencia al camporismo bonaerense, dijo en la entrevista en Radio Sapiens que <em>\u201cme parece irracional que no se respete al Gobernador de la provincia y que la provincia de Buenos Aires con los despelotes que tenemos en la econom\u00eda, que durante 60 d\u00edas se discuta el d\u00eda de elecci\u00f3n. Me parece que empobrece la discusi\u00f3n\u201d.<\/em><\/p>\n\n\n\n<p>En cuanto a la disputa entre el gobernador y la ex presidenta Cristina Fern\u00e1ndez, el ex intendente Eseverri se\u00f1al\u00f3 que <em>\u201clo que est\u00e1 haciendo Axel hoy es otra cosa, con respeto porque hay que hacerlo con respeto en todos los niveles. Lo mismo que hay que hacer con el gobernador, hay que hacerlo ac\u00e1 con el Intendente. As\u00ed no sea de tu espacio interno, no pod\u00e9s meterle zancadillas a quien supuestamente forma parte de la misma organizaci\u00f3n pol\u00edtica\u201d.<\/em><\/p>\n\n\n\n<p>Por \u00faltimo, consultado sobre el futuro local respondi\u00f3 que<em> \u201cla pol\u00edtica de Olavarr\u00eda necesita que mucha gente se involucre. Que ese tipo que ha demostrado ser un empresario exitoso, ser un trabajador desconocido, ser un profesional reconocido o prestigioso tiene que volcarse a la pol\u00edtica, tiene que enriquecer la pol\u00edtica, tiene mucho por aportar. Despu\u00e9s hay una cosa de los tiempos y la dedicaci\u00f3n, la frustraci\u00f3n y el desprestigio que genera la pol\u00edtica, que no es para cualquiera. Pero Olavarr\u00eda necesita eso, porque ves que hay ciudades evolucionando bien en ese sentido. Pero en este momento de la enorme distancia entre la pol\u00edtica y la sociedad eso no es f\u00e1cil\u201d.<\/em><\/p>\n\n\n\n<p><\/p>\n","protected":false},"excerpt":{"rendered":"<p>El ex intendente habl\u00f3 de su participaci\u00f3n en la reuni\u00f3n seccional de MDF. \u201cKicillof ha demostrado tener un coraje que<\/p>\n","protected":false},"author":2,"featured_media":114373,"comment_status":"closed","ping_status":"closed","sticky":false,"template":"","format":"standard","meta":{"_jetpack_memberships_contains_paid_content":false,"footnotes":""},"categories":[4,1],"tags":[],"class_list":["post-171568","post","type-post","status-publish","format-standard","has-post-thumbnail","hentry","category-politica","category-portada"],"jetpack_featured_media_url":"https:\/\/i0.wp.com\/cdnoticias.com\/wp-content\/uploads\/2024\/04\/marcha-universitaria-eseverri-scaled.jpg?fit=2560%2C1424&ssl=1","jetpack_sharing_enabled":true,"_links":{"self":[{"href":"https:\/\/cdnoticias.com\/index.php\/wp-json\/wp\/v2\/posts\/171568","targetHints":{"allow":["GET"]}}],"collection":[{"href":"https:\/\/cdnoticias.com\/index.php\/wp-json\/wp\/v2\/posts"}],"about":[{"href":"https:\/\/cdnoticias.com\/index.php\/wp-json\/wp\/v2\/types\/post"}],"author":[{"embeddable":true,"href":"https:\/\/cdnoticias.com\/index.php\/wp-json\/wp\/v2\/users\/2"}],"replies":[{"embeddable":true,"href":"https:\/\/cdnoticias.com\/index.php\/wp-json\/wp\/v2\/comments?post=171568"}],"version-history":[{"count":0,"href":"https:\/\/cdnoticias.com\/index.php\/wp-json\/wp\/v2\/posts\/171568\/revisions"}],"wp:featuredmedia":[{"embeddable":true,"href":"https:\/\/cdnoticias.com\/index.php\/wp-json\/wp\/v2\/media\/114373"}],"wp:attachment":[{"href":"https:\/\/cdnoticias.com\/index.php\/wp-json\/wp\/v2\/media?parent=171568"}],"wp:term":[{"taxonomy":"category","embeddable":true,"href":"https:\/\/cdnoticias.com\/index.php\/wp-json\/wp\/v2\/categories?post=171568"},{"taxonomy":"post_tag","embeddable":true,"href":"https:\/\/cdnoticias.com\/index.php\/wp-json\/wp\/v2\/tags?post=171568"}],"curies":[{"name":"wp","href":"https:\/\/api.w.org\/{rel}","templated":true}]}}