{"id":171555,"date":"2025-05-15T08:20:37","date_gmt":"2025-05-15T11:20:37","guid":{"rendered":"https:\/\/cdnoticias.com\/?p=171555"},"modified":"2025-05-15T08:20:39","modified_gmt":"2025-05-15T11:20:39","slug":"semana-mundial-de-sensibilizacion-por-la-sal-como-prevenir-impactos-negativos-en-la-salud","status":"publish","type":"post","link":"https:\/\/cdnoticias.com\/index.php\/2025\/05\/15\/semana-mundial-de-sensibilizacion-por-la-sal-como-prevenir-impactos-negativos-en-la-salud\/","title":{"rendered":"Semana Mundial de Sensibilizaci\u00f3n por la Sal: como prevenir impactos negativos en la salud\u00a0"},"content":{"rendered":"\n<p>Desde la Direcci\u00f3n de Bromatolog\u00eda municipal se difundieron los riesgos del exceso de sodio en la alimentaci\u00f3n y su impacto en la salud.<\/p>\n\n\n\n<hr class=\"wp-block-separator aligncenter has-alpha-channel-opacity\"\/>\n\n\n\n<p>Desde el<strong> 12 al 18 de mayo se lleva adelante la Semana Mundial de Sensibilizaci\u00f3n sobre la Sal<\/strong>.&nbsp;En este marco desde el Municipio a trav\u00e9s de la Direcci\u00f3n de Bromatolog\u00eda, se brind\u00f3 informaci\u00f3n con el fin de <strong>concientizar sobre los riesgos del exceso de sodio en la alimentaci\u00f3n y su impacto en la salud.<\/strong><\/p>\n\n\n\n<p><\/p>\n\n\n\n<p class=\"has-medium-font-size\"><strong>\u00bfCu\u00e1nta sal consumimos?<\/strong><\/p>\n\n\n\n<blockquote class=\"wp-block-quote is-layout-flow wp-block-quote-is-layout-flow\">\n<p>La OMS recomienda un m\u00e1ximo de 5 gramos de sal al d\u00eda (aprox. 1 cucharadita de t\u00e9). En nuestro pa\u00eds, se estima que el consumo promedio diario de sal por persona es de aproximadamente 11-12 gramos.<\/p>\n<\/blockquote>\n\n\n\n<p><\/p>\n\n\n\n<p>El principal efecto en la salud asociado con las dietas altas en sodio es el <strong>aumento de la presi\u00f3n arterial,<\/strong> que<strong> incrementa el riesgo de enfermedades cardiovasculares (ECV), c\u00e1ncer g\u00e1strico, obesidad, osteoporosis, enfermedad de M\u00e9ni\u00e8re y enfermedad renal.<\/strong><\/p>\n\n\n\n<p><\/p>\n\n\n\n<p>En muchos pa\u00edses, tres cuartas partes del sodio alimentario provienen de <strong>alimentos procesados \u200b\u200by ultra procesados, como salsas y aderezos, pan, galletas, platos preparados, carnes procesadas y quesos.<\/strong><\/p>\n\n\n\n<p><\/p>\n\n\n\n<p class=\"has-medium-font-size\"><strong>\u00bfC\u00f3mo podemos reducir el consumo de sodio?<\/strong><\/p>\n\n\n\n<ul class=\"wp-block-list\">\n<li>Consumiendo principalmente alimentos frescos y m\u00ednimamente procesados.<\/li>\n<\/ul>\n\n\n\n<ul class=\"wp-block-list\">\n<li>Retirando el salero de la mesa.<\/li>\n<\/ul>\n\n\n\n<ul class=\"wp-block-list\">\n<li>Usando hierbas y especias para dar sabor a las comidas, en lugar de sal.<\/li>\n<\/ul>\n\n\n\n<ul class=\"wp-block-list\">\n<li>Reemplazando la sal de mesa regular por sustitutos de sal bajos en sodio que contengan potasio.<\/li>\n<\/ul>\n\n\n\n<ul class=\"wp-block-list\">\n<li>Limitando el uso de salsas, aderezos y productos instant\u00e1neos comerciales.<\/li>\n<\/ul>\n\n\n\n<ul class=\"wp-block-list\">\n<li>Limitando el consumo de alimentos ultraprocesados.<\/li>\n<\/ul>\n\n\n\n<ul class=\"wp-block-list\">\n<li>Seleccionando alimentos con bajo contenido de sodio o productos bajos en sodio (leyendo las etiquetas).<\/li>\n<\/ul>\n\n\n\n<ul class=\"wp-block-list\">\n<li>Si en tu pa\u00eds hay etiquetas de advertencia en el frente del envase, elige productos que no est\u00e9n etiquetados como \u201calto en\u201d o \u201cexceso\u201d; sal\/sodio.<\/li>\n<\/ul>\n","protected":false},"excerpt":{"rendered":"<p>Desde la Direcci\u00f3n de Bromatolog\u00eda municipal se difundieron los riesgos del exceso de sodio en la alimentaci\u00f3n y su impacto<\/p>\n","protected":false},"author":6,"featured_media":171556,"comment_status":"closed","ping_status":"closed","sticky":false,"template":"","format":"standard","meta":{"_jetpack_memberships_contains_paid_content":false,"footnotes":""},"categories":[5,1],"tags":[],"class_list":["post-171555","post","type-post","status-publish","format-standard","has-post-thumbnail","hentry","category-informacion-general","category-portada"],"jetpack_featured_media_url":"https:\/\/i0.wp.com\/cdnoticias.com\/wp-content\/uploads\/2025\/05\/sal-concientizar.png?fit=862%2C556&ssl=1","jetpack_sharing_enabled":true,"_links":{"self":[{"href":"https:\/\/cdnoticias.com\/index.php\/wp-json\/wp\/v2\/posts\/171555","targetHints":{"allow":["GET"]}}],"collection":[{"href":"https:\/\/cdnoticias.com\/index.php\/wp-json\/wp\/v2\/posts"}],"about":[{"href":"https:\/\/cdnoticias.com\/index.php\/wp-json\/wp\/v2\/types\/post"}],"author":[{"embeddable":true,"href":"https:\/\/cdnoticias.com\/index.php\/wp-json\/wp\/v2\/users\/6"}],"replies":[{"embeddable":true,"href":"https:\/\/cdnoticias.com\/index.php\/wp-json\/wp\/v2\/comments?post=171555"}],"version-history":[{"count":0,"href":"https:\/\/cdnoticias.com\/index.php\/wp-json\/wp\/v2\/posts\/171555\/revisions"}],"wp:featuredmedia":[{"embeddable":true,"href":"https:\/\/cdnoticias.com\/index.php\/wp-json\/wp\/v2\/media\/171556"}],"wp:attachment":[{"href":"https:\/\/cdnoticias.com\/index.php\/wp-json\/wp\/v2\/media?parent=171555"}],"wp:term":[{"taxonomy":"category","embeddable":true,"href":"https:\/\/cdnoticias.com\/index.php\/wp-json\/wp\/v2\/categories?post=171555"},{"taxonomy":"post_tag","embeddable":true,"href":"https:\/\/cdnoticias.com\/index.php\/wp-json\/wp\/v2\/tags?post=171555"}],"curies":[{"name":"wp","href":"https:\/\/api.w.org\/{rel}","templated":true}]}}