{"id":171550,"date":"2025-05-15T08:11:29","date_gmt":"2025-05-15T11:11:29","guid":{"rendered":"https:\/\/cdnoticias.com\/?p=171550"},"modified":"2025-05-15T09:46:23","modified_gmt":"2025-05-15T12:46:23","slug":"el-hospital-de-hinojo-tiene-nueva-directora-y-se-suma-al-equipo-de-gestion","status":"publish","type":"post","link":"https:\/\/cdnoticias.com\/index.php\/2025\/05\/15\/el-hospital-de-hinojo-tiene-nueva-directora-y-se-suma-al-equipo-de-gestion\/","title":{"rendered":"El Hospital de Hinojo tiene nueva directora y se suma al equipo de gesti\u00f3n\u00a0"},"content":{"rendered":"\n<p>Se trata de Alejandra Garcilazo, proveniente de la Ciudad Aut\u00f3noma de Buenos Aires. Es especialista en emergencia y cardiolog\u00eda.&nbsp;<\/p>\n\n\n\n<hr class=\"wp-block-separator aligncenter has-alpha-channel-opacity\"\/>\n\n\n\n<p>En las \u00faltimas horas la<strong> doctora Alejandra Garcilazo<\/strong>, proveniente de la C<strong>iudad Aut\u00f3noma de Buenos Aires<\/strong> con un amplio recorrido en el <strong>Hospital de Agudos Dr. Ignacio Pirovano, especialista en emergencia y cardiolog\u00eda; <\/strong>y en auditor\u00eda y gesti\u00f3n,<strong> se sum\u00f3 al equipo de salud del Hospital de Hinojo<\/strong> en nuestra ciudad.\u00a0<\/p>\n\n\n\n<p><\/p>\n\n\n\n<p>La m\u00e9dica<strong> lidera como directora el nuevo equipo de gesti\u00f3n del Hospital, <\/strong>compuesto por Agustina Rojo como Coordinadora Administrativa, Lujan Varela coordinadora de enfermer\u00eda y Jorge Ali log\u00edstica y seguridad.<\/p>\n\n\n\n<p><\/p>\n\n\n\n<blockquote class=\"wp-block-quote is-layout-flow wp-block-quote-is-layout-flow\">\n<p>Con esta medida, el Municipio de Olavarr\u00eda pretende unificar e integrar tres grandes servicios que se brindan en la localidad. Atenci\u00f3n Primaria de la Salud con toda la actividad comunitaria, Emergencias y Urgencias de la regi\u00f3n, e internaci\u00f3n de salud mental y cl\u00ednica general. Hinojo se suma a un modelo integrado de cuidados progresivos poniendo como eje al paciente.<\/p>\n<\/blockquote>\n\n\n\n<p><\/p>\n\n\n\n<p>Durante la presentaci\u00f3n formal del equipo estuvo presente el Consejo de Administraci\u00f3n de Salud, a cargo de Fernando Al\u00ed, Mar\u00eda Emilia Castro, Natalia \u00c1lvarez, Florencia Lestrada, la delegada municipal Cecilia Roth, parte del equipo que gestionaba el Hospital y que contin\u00faa dentro del servicio abocado a tareas formativas y asistenciales; y trabajadores profesionales y no profesionales del \u00e1rea de salud mental, emergencias y APS.<\/p>\n\n\n\n<p><\/p>\n\n\n\n<p>Entre los temas y objetivos que se trataron en conjunto<strong> se busca recuperar y profundizar los aspectos de solidaridad y bondad que caracterizan a un equipo que trabaja con pacientes de salud mental <\/strong>o personas en situaci\u00f3n de fragilidad de su salud, integrar los distintos subsectores y niveles del sistema para disminuir la fragmentaci\u00f3n, <strong>recuperar la historia de integraci\u00f3n con la comunidad del Hospital, continuar con las mejoras edilicias y completar equipamiento.<\/strong><\/p>\n\n\n\n<p><\/p>\n\n\n\n<p>Por \u00faltimo, se aprovech\u00f3 la ocasi\u00f3n para <strong>dejar equipamiento tecnol\u00f3gico, <\/strong>ver avances de obras as\u00ed como recordar la importancia e historia que tiene este Hospital desde su fundaci\u00f3n en 1948.<\/p>\n","protected":false},"excerpt":{"rendered":"<p>Se trata de Alejandra Garcilazo, proveniente de la Ciudad Aut\u00f3noma de Buenos Aires. Es especialista en emergencia y cardiolog\u00eda.&nbsp; En<\/p>\n","protected":false},"author":6,"featured_media":171554,"comment_status":"closed","ping_status":"closed","sticky":false,"template":"","format":"standard","meta":{"_jetpack_memberships_contains_paid_content":false,"footnotes":""},"categories":[5,1],"tags":[],"class_list":["post-171550","post","type-post","status-publish","format-standard","has-post-thumbnail","hentry","category-informacion-general","category-portada"],"jetpack_featured_media_url":"https:\/\/i0.wp.com\/cdnoticias.com\/wp-content\/uploads\/2025\/05\/hospital-de-hinojo.jpg?fit=1024%2C682&ssl=1","jetpack_sharing_enabled":true,"_links":{"self":[{"href":"https:\/\/cdnoticias.com\/index.php\/wp-json\/wp\/v2\/posts\/171550","targetHints":{"allow":["GET"]}}],"collection":[{"href":"https:\/\/cdnoticias.com\/index.php\/wp-json\/wp\/v2\/posts"}],"about":[{"href":"https:\/\/cdnoticias.com\/index.php\/wp-json\/wp\/v2\/types\/post"}],"author":[{"embeddable":true,"href":"https:\/\/cdnoticias.com\/index.php\/wp-json\/wp\/v2\/users\/6"}],"replies":[{"embeddable":true,"href":"https:\/\/cdnoticias.com\/index.php\/wp-json\/wp\/v2\/comments?post=171550"}],"version-history":[{"count":0,"href":"https:\/\/cdnoticias.com\/index.php\/wp-json\/wp\/v2\/posts\/171550\/revisions"}],"wp:featuredmedia":[{"embeddable":true,"href":"https:\/\/cdnoticias.com\/index.php\/wp-json\/wp\/v2\/media\/171554"}],"wp:attachment":[{"href":"https:\/\/cdnoticias.com\/index.php\/wp-json\/wp\/v2\/media?parent=171550"}],"wp:term":[{"taxonomy":"category","embeddable":true,"href":"https:\/\/cdnoticias.com\/index.php\/wp-json\/wp\/v2\/categories?post=171550"},{"taxonomy":"post_tag","embeddable":true,"href":"https:\/\/cdnoticias.com\/index.php\/wp-json\/wp\/v2\/tags?post=171550"}],"curies":[{"name":"wp","href":"https:\/\/api.w.org\/{rel}","templated":true}]}}