{"id":171548,"date":"2025-05-14T18:30:15","date_gmt":"2025-05-14T21:30:15","guid":{"rendered":"https:\/\/cdnoticias.com\/?p=171548"},"modified":"2025-05-15T08:16:43","modified_gmt":"2025-05-15T11:16:43","slug":"en-un-final-muy-ajustado-marcelo-aba-seguira-siendo-rector-de-la-unicen","status":"publish","type":"post","link":"https:\/\/cdnoticias.com\/index.php\/2025\/05\/14\/en-un-final-muy-ajustado-marcelo-aba-seguira-siendo-rector-de-la-unicen\/","title":{"rendered":"En un final muy ajustado, Marcelo Aba seguir\u00e1 siendo rector de la Unicen"},"content":{"rendered":"\n<p>Junto a la actual vicerrectora, Alicia Spinello, le gan\u00f3 por dos votos de asamble\u00edstas a la f\u00f3rmula de Laura Giosa y Silvia Stipcich.<\/p>\n\n\n\n<hr class=\"wp-block-separator aligncenter has-alpha-channel-opacity\"\/>\n\n\n\n<p>En una larga asamblea de elecci\u00f3n de autoridades,<strong> el actual rector Marcelo Aba fue ratificado en su cargo por cuatro a\u00f1os m\u00e1s en el cargo principal de la Unicen, tras ganar la votaci\u00f3n por tan s\u00f3lo dos votos <\/strong>a la opci\u00f3n opositora encabezada por la ahora ex decana de la Facultad de Derecho, Laura Giosa.<\/p>\n\n\n\n<blockquote class=\"wp-block-quote is-layout-flow wp-block-quote-is-layout-flow\">\n<p>Fueron casi 4 horas de debate, exposiciones y posturas de todos los claustros de todas las facultades que integran la Universidad Nacional del Centro de la Provincia de Buenos Aires.<\/p>\n<\/blockquote>\n\n\n\n<p>Por Olavarr\u00eda, <strong>hubo posturas divididas y una sorpresa entre los decanos: Gabriela Gamberini (Sociales) y Mar\u00eda Peralta (Ingenier\u00eda) votaron la dupla Aba-Spinello, mientras que H\u00e9ctor \u201cCacho\u201d Trebucq lo hizo a favor de la lista opositora, Giosa y Silvia Stipcich.<\/strong><\/p>\n\n\n\n<figure class=\"wp-block-embed is-type-video is-provider-youtube wp-block-embed-youtube wp-embed-aspect-16-9 wp-has-aspect-ratio\"><div class=\"wp-block-embed__wrapper\">\n<iframe loading=\"lazy\" title=\"Asamblea para elecci\u00f3n autoridades de Rectorado per\u00edodo 2025 \u2013 2029\" width=\"800\" height=\"450\" src=\"https:\/\/www.youtube.com\/embed\/meXS3lGisOM?feature=oembed\" frameborder=\"0\" allow=\"accelerometer; autoplay; clipboard-write; encrypted-media; gyroscope; picture-in-picture; web-share\" referrerpolicy=\"strict-origin-when-cross-origin\" allowfullscreen><\/iframe>\n<\/div><\/figure>\n\n\n\n<p>La votaci\u00f3n fue, casi, para el infarto: <strong>en la primera votaci\u00f3n la f\u00f3rmula que alcanzaba los dos tercios de los votos presentes ser\u00eda la electa, pero por una m\u00ednima diferencia \u2013de 7- se repiti\u00f3 la votaci\u00f3n.<\/strong> All\u00ed, la diferencia se achic\u00f3 a 3 votos dado que tres asamble\u00edstas que se abstuvieron decidieron acompa\u00f1ar a la f\u00f3rmula encabezada por Giosa, y <strong>en la tercera votaci\u00f3n, que s\u00f3lo requer\u00eda mayor\u00eda simple, Giosa sum\u00f3 un voto m\u00e1s.<\/strong><\/p>\n\n\n\n<p>Finalmente, <strong>en la tercera votaci\u00f3n Marcelo Aba obtuvo 81 votos contra los 79 de Giosa, con 3 abstenciones, consagrando al actual rector la reafirmaci\u00f3n en el cargo \u2013con la misma f\u00f3rmula que en 2021- por 4 a\u00f1os m\u00e1s, hasta 2029.<\/strong><\/p>\n\n\n\n<p>De esta forma, y<strong> tras las salutaciones, los dedos en \u201cV\u201d de Aba y la celebraci\u00f3n de que el acto eleccionario pas\u00f3 sin grandes sobresaltos, finaliz\u00f3 la asamblea con el triunfo m\u00e1s que ajustado del m\u00e9dico veterinario en el cargo m\u00e1ximo de la Unicen.<\/strong><\/p>\n","protected":false},"excerpt":{"rendered":"<p>Junto a la actual vicerrectora, Alicia Spinello, le gan\u00f3 por dos votos de asamble\u00edstas a la f\u00f3rmula de Laura Giosa<\/p>\n","protected":false},"author":2,"featured_media":171549,"comment_status":"closed","ping_status":"closed","sticky":false,"template":"","format":"standard","meta":{"_jetpack_memberships_contains_paid_content":false,"footnotes":""},"categories":[4,1],"tags":[],"class_list":["post-171548","post","type-post","status-publish","format-standard","has-post-thumbnail","hentry","category-politica","category-portada"],"jetpack_featured_media_url":"https:\/\/i0.wp.com\/cdnoticias.com\/wp-content\/uploads\/2025\/05\/elecciones-rector-unicen.jpg?fit=1271%2C660&ssl=1","jetpack_sharing_enabled":true,"_links":{"self":[{"href":"https:\/\/cdnoticias.com\/index.php\/wp-json\/wp\/v2\/posts\/171548","targetHints":{"allow":["GET"]}}],"collection":[{"href":"https:\/\/cdnoticias.com\/index.php\/wp-json\/wp\/v2\/posts"}],"about":[{"href":"https:\/\/cdnoticias.com\/index.php\/wp-json\/wp\/v2\/types\/post"}],"author":[{"embeddable":true,"href":"https:\/\/cdnoticias.com\/index.php\/wp-json\/wp\/v2\/users\/2"}],"replies":[{"embeddable":true,"href":"https:\/\/cdnoticias.com\/index.php\/wp-json\/wp\/v2\/comments?post=171548"}],"version-history":[{"count":0,"href":"https:\/\/cdnoticias.com\/index.php\/wp-json\/wp\/v2\/posts\/171548\/revisions"}],"wp:featuredmedia":[{"embeddable":true,"href":"https:\/\/cdnoticias.com\/index.php\/wp-json\/wp\/v2\/media\/171549"}],"wp:attachment":[{"href":"https:\/\/cdnoticias.com\/index.php\/wp-json\/wp\/v2\/media?parent=171548"}],"wp:term":[{"taxonomy":"category","embeddable":true,"href":"https:\/\/cdnoticias.com\/index.php\/wp-json\/wp\/v2\/categories?post=171548"},{"taxonomy":"post_tag","embeddable":true,"href":"https:\/\/cdnoticias.com\/index.php\/wp-json\/wp\/v2\/tags?post=171548"}],"curies":[{"name":"wp","href":"https:\/\/api.w.org\/{rel}","templated":true}]}}