{"id":171544,"date":"2025-05-14T18:07:31","date_gmt":"2025-05-14T21:07:31","guid":{"rendered":"https:\/\/cdnoticias.com\/?p=171544"},"modified":"2025-05-14T18:07:33","modified_gmt":"2025-05-14T21:07:33","slug":"corte-de-luz-programado-para-un-sector-de-olavarria-7","status":"publish","type":"post","link":"https:\/\/cdnoticias.com\/index.php\/2025\/05\/14\/corte-de-luz-programado-para-un-sector-de-olavarria-7\/","title":{"rendered":"Corte de luz programado para un sector de Olavarr\u00eda"},"content":{"rendered":"\n<p>Ser\u00e1 este jueves durante la ma\u00f1ana por tareas de mantenimiento.&nbsp;<\/p>\n\n\n\n<hr class=\"wp-block-separator aligncenter has-alpha-channel-opacity\"\/>\n\n\n\n<p>Desde Coopelectric se inform\u00f3 que <strong>se program\u00f3 un corte de luz <\/strong>para este <strong>jueves durante la ma\u00f1ana.<\/strong><\/p>\n\n\n\n<p><\/p>\n\n\n\n<blockquote class=\"wp-block-quote is-layout-flow wp-block-quote-is-layout-flow\">\n<p>Ser\u00e1 en el horario de 8:00 a 10:30 e incluye las calles Lavalle, avenida Avellaneda, Lamadrid y avenida Pueyrred\u00f3n.<\/p>\n<\/blockquote>\n\n\n\n<p><\/p>\n\n\n\n<p>El motivo es <strong>por mantenimiento<\/strong> y la interrupci\u00f3n puede ser reprogramada si las condiciones clim\u00e1ticas son adversas.<\/p>\n\n\n\n<p><\/p>\n","protected":false},"excerpt":{"rendered":"<p>Ser\u00e1 este jueves durante la ma\u00f1ana por tareas de mantenimiento.&nbsp; Desde Coopelectric se inform\u00f3 que se program\u00f3 un corte de<\/p>\n","protected":false},"author":6,"featured_media":100388,"comment_status":"closed","ping_status":"closed","sticky":false,"template":"","format":"standard","meta":{"_jetpack_memberships_contains_paid_content":false,"footnotes":""},"categories":[5,1],"tags":[],"class_list":["post-171544","post","type-post","status-publish","format-standard","has-post-thumbnail","hentry","category-informacion-general","category-portada"],"jetpack_featured_media_url":"https:\/\/i0.wp.com\/cdnoticias.com\/wp-content\/uploads\/2023\/10\/coopelectric-camion1.webp?fit=800%2C445&ssl=1","jetpack_sharing_enabled":true,"_links":{"self":[{"href":"https:\/\/cdnoticias.com\/index.php\/wp-json\/wp\/v2\/posts\/171544","targetHints":{"allow":["GET"]}}],"collection":[{"href":"https:\/\/cdnoticias.com\/index.php\/wp-json\/wp\/v2\/posts"}],"about":[{"href":"https:\/\/cdnoticias.com\/index.php\/wp-json\/wp\/v2\/types\/post"}],"author":[{"embeddable":true,"href":"https:\/\/cdnoticias.com\/index.php\/wp-json\/wp\/v2\/users\/6"}],"replies":[{"embeddable":true,"href":"https:\/\/cdnoticias.com\/index.php\/wp-json\/wp\/v2\/comments?post=171544"}],"version-history":[{"count":0,"href":"https:\/\/cdnoticias.com\/index.php\/wp-json\/wp\/v2\/posts\/171544\/revisions"}],"wp:featuredmedia":[{"embeddable":true,"href":"https:\/\/cdnoticias.com\/index.php\/wp-json\/wp\/v2\/media\/100388"}],"wp:attachment":[{"href":"https:\/\/cdnoticias.com\/index.php\/wp-json\/wp\/v2\/media?parent=171544"}],"wp:term":[{"taxonomy":"category","embeddable":true,"href":"https:\/\/cdnoticias.com\/index.php\/wp-json\/wp\/v2\/categories?post=171544"},{"taxonomy":"post_tag","embeddable":true,"href":"https:\/\/cdnoticias.com\/index.php\/wp-json\/wp\/v2\/tags?post=171544"}],"curies":[{"name":"wp","href":"https:\/\/api.w.org\/{rel}","templated":true}]}}