{"id":17149,"date":"2021-03-25T14:38:27","date_gmt":"2021-03-25T17:38:27","guid":{"rendered":"http:\/\/www.centraldenoticias.com.ar\/?p=17149"},"modified":"2021-03-25T14:38:27","modified_gmt":"2021-03-25T17:38:27","slug":"musica-danza-y-talleres-en-el-centro-cultural-municipal","status":"publish","type":"post","link":"https:\/\/cdnoticias.com\/index.php\/2021\/03\/25\/musica-danza-y-talleres-en-el-centro-cultural-municipal\/","title":{"rendered":"M\u00fasica, danza y talleres en el Centro Cultural Municipal"},"content":{"rendered":"<p>La agenda de actividades que comenzar\u00e1 este jueves y se extender\u00e1 hasta el domingo. Adem\u00e1s, las exhibiciones y muestras que permanecen en las salas del centro \u201cSan Jos\u00e9\u201d.<!--more--><\/p>\n<hr \/>\n<p><strong>El Centro Cultural Municipal dio a conocer su agenda de actividades para este fin de semana<\/strong>, las cuales comienzan este jueves y, adem\u00e1s, incluyen las muestras que permanecen en exposici\u00f3n en todas sus salas.<\/p>\n<p>&nbsp;<\/p>\n<p>\u201cEl Centro Cultural Municipal `San Jos\u00e9\u00b4 <strong>acompa\u00f1a la llegada del oto\u00f1o con un calendario de variadas propuestas<\/strong> art\u00edsticas\u201d se indic\u00f3 desde la Subsecretar\u00eda de Cultura y Educaci\u00f3n que indic\u00f3 que las actividades programadas se desarrollan en el marco de la Agenda Cultural.<\/p>\n<p>&nbsp;<\/p>\n<p><img data-recalc-dims=\"1\" loading=\"lazy\" decoding=\"async\" class=\"aligncenter wp-image-5370\" src=\"https:\/\/i0.wp.com\/cdnoticias.com\/wp-content\/uploads\/2020\/11\/Fachada-Centro-Cultural-1024x682-300x200.jpg?resize=400%2C266&#038;ssl=1\" alt=\"\" width=\"400\" height=\"266\" \/><\/p>\n<p>La sede de Riobamba y Belgrano funcionar\u00e1 <strong>de 18 a 22 horas<\/strong>. Desde la instituci\u00f3n se aclar\u00f3 que<strong> las actividades previstas en el patio se suspender\u00e1n en caso de lluvia<\/strong>.<\/p>\n<p>&nbsp;<\/p>\n<p>El calendario es el siguiente:<\/p>\n<p>&nbsp;<\/p>\n<p>&#8211;<strong>Jueves 25<\/strong><\/p>\n<p>&nbsp;<\/p>\n<p>19 horas: <strong>Patio ac\u00fastico<\/strong> con bandas y solistas en vivo. Se presenta la banda de rock <strong>Arrastraterrestre<\/strong> con Franco Fitte, Renzo Leal, Oscar Herrera y Nicol\u00e1s Montero.<\/p>\n<p>&nbsp;<\/p>\n<p>Tambi\u00e9n <strong>Mantis<\/strong>, con Lucas Ojeda, Mat\u00edas Gherbi, Nicol\u00e1s Alejandro Gadea.<\/p>\n<p>&nbsp;<\/p>\n<p><strong>Jer\u00f3nimo Chiodi<\/strong>, int\u00e9rprete solista con Canciones propias.<\/p>\n<p><img data-recalc-dims=\"1\" loading=\"lazy\" decoding=\"async\" class=\"alignleft wp-image-17152\" src=\"https:\/\/i0.wp.com\/cdnoticias.com\/wp-content\/uploads\/2021\/03\/ccm25.jpg?resize=400%2C398&#038;ssl=1\" alt=\"\" width=\"400\" height=\"398\" srcset=\"https:\/\/i0.wp.com\/cdnoticias.com\/wp-content\/uploads\/2021\/03\/ccm25.jpg?resize=300%2C298&amp;ssl=1 300w, https:\/\/i0.wp.com\/cdnoticias.com\/wp-content\/uploads\/2021\/03\/ccm25.jpg?resize=150%2C150&amp;ssl=1 150w, https:\/\/i0.wp.com\/cdnoticias.com\/wp-content\/uploads\/2021\/03\/ccm25.jpg?resize=768%2C764&amp;ssl=1 768w, https:\/\/i0.wp.com\/cdnoticias.com\/wp-content\/uploads\/2021\/03\/ccm25.jpg?w=960&amp;ssl=1 960w\" sizes=\"auto, (max-width: 400px) 100vw, 400px\" \/> <img data-recalc-dims=\"1\" loading=\"lazy\" decoding=\"async\" class=\"alignnone wp-image-17153\" src=\"https:\/\/i0.wp.com\/cdnoticias.com\/wp-content\/uploads\/2021\/03\/ccm26.jpg?resize=400%2C398&#038;ssl=1\" alt=\"\" width=\"400\" height=\"398\" srcset=\"https:\/\/i0.wp.com\/cdnoticias.com\/wp-content\/uploads\/2021\/03\/ccm26.jpg?resize=300%2C298&amp;ssl=1 300w, https:\/\/i0.wp.com\/cdnoticias.com\/wp-content\/uploads\/2021\/03\/ccm26.jpg?resize=150%2C150&amp;ssl=1 150w, https:\/\/i0.wp.com\/cdnoticias.com\/wp-content\/uploads\/2021\/03\/ccm26.jpg?resize=768%2C764&amp;ssl=1 768w, https:\/\/i0.wp.com\/cdnoticias.com\/wp-content\/uploads\/2021\/03\/ccm26.jpg?w=960&amp;ssl=1 960w\" sizes=\"auto, (max-width: 400px) 100vw, 400px\" \/><\/p>\n<p>&nbsp;<\/p>\n<p>El cupo es limitado y se ingresa por orden de llegada.<\/p>\n<p>&nbsp;<\/p>\n<p>20 horas: <strong>visita guiada a la Muestra #73<\/strong> en la Sala 1.<\/p>\n<p>&nbsp;<\/p>\n<p><strong>-Viernes 26<\/strong><\/p>\n<p>&nbsp;<\/p>\n<p>20 horas: <strong>Laboratorio de Brenda, taller de origami<\/strong>, en la Sala 1. Est\u00e1 destinado a ni\u00f1os y ni\u00f1as a partir de los 10 a\u00f1os.\u00a0Se requiere inscripci\u00f3n previa en: guiadasccm@olavarria.gov.ar. Cupo limitado a 6 personas.<\/p>\n<p>&nbsp;<\/p>\n<p>21 horas: Patio Ac\u00fastico con <strong>C4<\/strong> que ofrecer\u00e1 un tributo a Los Piojos. La banda est\u00e1 integrada por V\u00edctor Bravo, Manuel Go\u00f1i, Hern\u00e1n Hoffmann, Mariano Villamayor.\u00a0El cupo es limitado, por orden de llegada.<\/p>\n<p>&nbsp;<\/p>\n<p><img data-recalc-dims=\"1\" loading=\"lazy\" decoding=\"async\" class=\"aligncenter wp-image-17154\" src=\"https:\/\/i0.wp.com\/cdnoticias.com\/wp-content\/uploads\/2021\/03\/Taller-Origami-1024x683.jpg?resize=400%2C267&#038;ssl=1\" alt=\"\" width=\"400\" height=\"267\" srcset=\"https:\/\/i0.wp.com\/cdnoticias.com\/wp-content\/uploads\/2021\/03\/Taller-Origami-1024x683.jpg?resize=300%2C200&amp;ssl=1 300w, https:\/\/i0.wp.com\/cdnoticias.com\/wp-content\/uploads\/2021\/03\/Taller-Origami-1024x683.jpg?resize=768%2C512&amp;ssl=1 768w, https:\/\/i0.wp.com\/cdnoticias.com\/wp-content\/uploads\/2021\/03\/Taller-Origami-1024x683.jpg?resize=1024%2C683&amp;ssl=1 1024w, https:\/\/i0.wp.com\/cdnoticias.com\/wp-content\/uploads\/2021\/03\/Taller-Origami-1024x683.jpg?resize=272%2C182&amp;ssl=1 272w\" sizes=\"auto, (max-width: 400px) 100vw, 400px\" \/><\/p>\n<p>&nbsp;<\/p>\n<p><strong>-S\u00e1bado 27<\/strong><\/p>\n<p>&nbsp;<\/p>\n<p>19 horas: escenario abierto. Se presentan los m\u00fasicos <strong>Bruno Fitte, Franco Fitte, Camila Fitte, Santiago de la Vega, Nicol\u00e1s Hailand, Gonzalo Cabri<\/strong>.<\/p>\n<p>&nbsp;<\/p>\n<p><strong>Santi Fern\u00e1ndez<\/strong>, int\u00e9rprete solista.<\/p>\n<p>&nbsp;<\/p>\n<p>El cupo es limitado, por orden de llegada<\/p>\n<p>&nbsp;<\/p>\n<p>20 horas:<strong> Laboratorio de Brenda, taller de origami<\/strong>. Est\u00e1 destinado a ni\u00f1os y ni\u00f1as a partir de los 10 a\u00f1os, con inscripci\u00f3n previa en guiadasccm@olavarria.gov.ar.<\/p>\n<p>&nbsp;<\/p>\n<p><img data-recalc-dims=\"1\" loading=\"lazy\" decoding=\"async\" class=\"alignnone wp-image-17150\" src=\"https:\/\/i0.wp.com\/cdnoticias.com\/wp-content\/uploads\/2021\/03\/ccm27.jpg?resize=400%2C398&#038;ssl=1\" alt=\"\" width=\"400\" height=\"398\" srcset=\"https:\/\/i0.wp.com\/cdnoticias.com\/wp-content\/uploads\/2021\/03\/ccm27.jpg?resize=300%2C298&amp;ssl=1 300w, https:\/\/i0.wp.com\/cdnoticias.com\/wp-content\/uploads\/2021\/03\/ccm27.jpg?resize=150%2C150&amp;ssl=1 150w, https:\/\/i0.wp.com\/cdnoticias.com\/wp-content\/uploads\/2021\/03\/ccm27.jpg?resize=768%2C764&amp;ssl=1 768w, https:\/\/i0.wp.com\/cdnoticias.com\/wp-content\/uploads\/2021\/03\/ccm27.jpg?w=960&amp;ssl=1 960w\" sizes=\"auto, (max-width: 400px) 100vw, 400px\" \/><img data-recalc-dims=\"1\" loading=\"lazy\" decoding=\"async\" class=\"alignnone wp-image-17151\" src=\"https:\/\/i0.wp.com\/cdnoticias.com\/wp-content\/uploads\/2021\/03\/ccm28.jpg?resize=400%2C398&#038;ssl=1\" alt=\"\" width=\"400\" height=\"398\" srcset=\"https:\/\/i0.wp.com\/cdnoticias.com\/wp-content\/uploads\/2021\/03\/ccm28.jpg?resize=300%2C298&amp;ssl=1 300w, https:\/\/i0.wp.com\/cdnoticias.com\/wp-content\/uploads\/2021\/03\/ccm28.jpg?resize=150%2C150&amp;ssl=1 150w, https:\/\/i0.wp.com\/cdnoticias.com\/wp-content\/uploads\/2021\/03\/ccm28.jpg?resize=768%2C764&amp;ssl=1 768w, https:\/\/i0.wp.com\/cdnoticias.com\/wp-content\/uploads\/2021\/03\/ccm28.jpg?w=960&amp;ssl=1 960w\" sizes=\"auto, (max-width: 400px) 100vw, 400px\" \/><\/p>\n<p>&nbsp;<\/p>\n<p><strong>-Domingo 28<\/strong><\/p>\n<p>&nbsp;<\/p>\n<p>20 horas: visita guiada a la <strong>Muestra #73<\/strong> de la Sala 1.<\/p>\n<p>&nbsp;<\/p>\n<p>20 horas: Paseo Plaza en el Patio. Se presentan <strong>Fabricio Echegaray y amigos<\/strong>. Hip Hop.<\/p>\n<p>&nbsp;<\/p>\n<p><strong>Muestra #73<\/strong><\/p>\n<p>&nbsp;<\/p>\n<p><strong>McS: Paisajes de la Memoria<\/strong><\/p>\n<p>Muestra del Museo de Arte y Memoria (Comisi\u00f3n Provincial de la Memoria), que se enmarca en el programa \u201cMarzo por la Memoria\u201d organizado desde la UNICEN. La propuesta se extender\u00e1 hasta el lunes 5 de abril.<\/p>\n<p>&nbsp;<\/p>\n<p>La exposici\u00f3n consiste en fotograf\u00edas que muestran las diferentes marcas urbanas en la provincia de Buenos Aires y que se\u00f1alan los lugares del horror, marcas inevitables de la dictadura m\u00e1s atroz que asol\u00f3 al pa\u00eds.<\/p>\n<p>&nbsp;<\/p>\n<p><strong>Sala 2: ARGRA<\/strong> (Asociaci\u00f3n Reporteros Gr\u00e1ficos de la Rep\u00fablica Argentina)<\/p>\n<p>&nbsp;<\/p>\n<p>Recorrido narrativo a partir de las im\u00e1genes m\u00e1s representativas del a\u00f1o 2018, publicadas en medios gr\u00e1ficos del pa\u00eds.<\/p>\n<p>&nbsp;<\/p>\n<p><strong>Sala 4: RGO<\/strong> (Reporteros Gr\u00e1ficos de Olavarr\u00eda)<\/p>\n<p>&nbsp;<\/p>\n<p>Proyecci\u00f3n de im\u00e1genes tomadas por reporteros gr\u00e1ficos de la ciudad de Olavarr\u00eda.<\/p>\n<p>&nbsp;<\/p>\n<p><strong>Auditorio: \u201cA la mujer en casa nada le pasa\u201d<\/strong><\/p>\n<p>&nbsp;<\/p>\n<p>Refranes populares, el lenguaje como herramienta machista. Muestra organizada por la Direcci\u00f3n de Pol\u00edticas de G\u00e9nero de la Subsecretar\u00eda de Derechos, Igualdad y Oportunidades del Municipio.<\/p>\n<p>&nbsp;<\/p>\n<p><strong>Sala 5: Taller \u201cEl Gigante Azul\u201d<\/strong><\/p>\n<p>&nbsp;<\/p>\n<p>Muestra de los trabajos realizados por los alumnos del profesor Juan Jos\u00e9 Wally.<\/p>\n","protected":false},"excerpt":{"rendered":"<p>La agenda de actividades que comenzar\u00e1 este jueves y se extender\u00e1 hasta el domingo. Adem\u00e1s, las exhibiciones y muestras que<\/p>\n","protected":false},"author":4,"featured_media":17156,"comment_status":"closed","ping_status":"closed","sticky":false,"template":"","format":"standard","meta":{"_jetpack_memberships_contains_paid_content":false,"footnotes":""},"categories":[9,1],"tags":[],"class_list":["post-17149","post","type-post","status-publish","format-standard","has-post-thumbnail","hentry","category-cultura","category-portada"],"jetpack_featured_media_url":"https:\/\/i0.wp.com\/cdnoticias.com\/wp-content\/uploads\/2021\/03\/ccm25a0.jpg?fit=800%2C446&ssl=1","jetpack_sharing_enabled":true,"_links":{"self":[{"href":"https:\/\/cdnoticias.com\/index.php\/wp-json\/wp\/v2\/posts\/17149","targetHints":{"allow":["GET"]}}],"collection":[{"href":"https:\/\/cdnoticias.com\/index.php\/wp-json\/wp\/v2\/posts"}],"about":[{"href":"https:\/\/cdnoticias.com\/index.php\/wp-json\/wp\/v2\/types\/post"}],"author":[{"embeddable":true,"href":"https:\/\/cdnoticias.com\/index.php\/wp-json\/wp\/v2\/users\/4"}],"replies":[{"embeddable":true,"href":"https:\/\/cdnoticias.com\/index.php\/wp-json\/wp\/v2\/comments?post=17149"}],"version-history":[{"count":0,"href":"https:\/\/cdnoticias.com\/index.php\/wp-json\/wp\/v2\/posts\/17149\/revisions"}],"wp:featuredmedia":[{"embeddable":true,"href":"https:\/\/cdnoticias.com\/index.php\/wp-json\/wp\/v2\/media\/17156"}],"wp:attachment":[{"href":"https:\/\/cdnoticias.com\/index.php\/wp-json\/wp\/v2\/media?parent=17149"}],"wp:term":[{"taxonomy":"category","embeddable":true,"href":"https:\/\/cdnoticias.com\/index.php\/wp-json\/wp\/v2\/categories?post=17149"},{"taxonomy":"post_tag","embeddable":true,"href":"https:\/\/cdnoticias.com\/index.php\/wp-json\/wp\/v2\/tags?post=17149"}],"curies":[{"name":"wp","href":"https:\/\/api.w.org\/{rel}","templated":true}]}}