{"id":17145,"date":"2021-03-25T13:39:40","date_gmt":"2021-03-25T16:39:40","guid":{"rendered":"http:\/\/www.centraldenoticias.com.ar\/?p=17145"},"modified":"2021-03-25T14:15:06","modified_gmt":"2021-03-25T17:15:06","slug":"pandemia-provincia-ya-habla-de-restricciones-a-la-circulacion","status":"publish","type":"post","link":"https:\/\/cdnoticias.com\/index.php\/2021\/03\/25\/pandemia-provincia-ya-habla-de-restricciones-a-la-circulacion\/","title":{"rendered":"Pandemia: Provincia ya habla de restricciones a la circulaci\u00f3n"},"content":{"rendered":"<p>El viceministro de Salud bonaerense se refiri\u00f3 al crecimiento de los casos de coronavirus. \u201cCreo que vamos a ir gradualmente restringiendo actividades\u201d dijo. No se aplicar\u00edan antes de Semana Santa.<!--more--><\/p>\n<hr \/>\n<p>El <strong>viceministro de Salud bonaerense, Nicol\u00e1s Kreplak<\/strong>, sostuvo este jueves que <strong>\u201cestamos empezando una segunda ola\u201d de coronavirus<\/strong> y adelant\u00f3 que \u201cvendr\u00e1n partes en que <strong>tendremos que reducir la circulaci\u00f3n<\/strong> probablemente\u201d, aunque se esperanz\u00f3 en que esas restricciones no sean masivas y en que no se implementen antes de Semana Santa.<\/p>\n<p>&nbsp;<\/p>\n<p>Cabe recordar que ante un notable incremento de nuevos casos detectados, <a href=\"https:\/\/cdnoticias.com\/index.php\/2021\/03\/23\/cuales-son-las-medidas-ante-el-rebrote-de-casos-de-covid-en-olavarria\/\" target=\"_blank\" rel=\"noopener\">el jefe comunal dispuso restricciones en Olavarr\u00eda<\/a> el pasado martes.<\/p>\n<p>&nbsp;<\/p>\n<p>Las declaraciones del funcionario provincial se dieron en el marco de un <strong>fuerte crecimiento de los casos de Covid-19, ya que el martes se registraron 9.405<\/strong>, la cifra m\u00e1s alta desde el 2 de febrero.<\/p>\n<p>&nbsp;<\/p>\n<p><img data-recalc-dims=\"1\" loading=\"lazy\" decoding=\"async\" class=\"aligncenter wp-image-706 size-full\" src=\"https:\/\/i0.wp.com\/cdnoticias.com\/wp-content\/uploads\/2020\/09\/Nicolas-Kreplak.jpg?resize=696%2C392&#038;ssl=1\" alt=\"\" width=\"696\" height=\"392\" srcset=\"https:\/\/i0.wp.com\/cdnoticias.com\/wp-content\/uploads\/2020\/09\/Nicolas-Kreplak.jpg?w=696&amp;ssl=1 696w, https:\/\/i0.wp.com\/cdnoticias.com\/wp-content\/uploads\/2020\/09\/Nicolas-Kreplak.jpg?resize=300%2C169&amp;ssl=1 300w\" sizes=\"auto, (max-width: 696px) 100vw, 696px\" \/><\/p>\n<p>&nbsp;<\/p>\n<p>A su vez, Kreplak se expres\u00f3 luego de que la ministra de Salud nacional, <a href=\"https:\/\/cdnoticias.com\/index.php\/2021\/03\/24\/segunda-ola-de-covid-circulacion-restringida-y-cambios-en-la-vacunacion\/\" target=\"_blank\" rel=\"noopener\">Carla Vizzotti, indicara que se estudian restricciones por franjas horarias<\/a>.<\/p>\n<p>&nbsp;<\/p>\n<blockquote><p>\u201cTodos los que estamos gobernando tenemos que intentar hacer todo lo posible para convencer a la gente. Hay que reducir los viajes al exterior y cuidarse m\u00e1s, pero luego vendr\u00e1n partes en que tendremos que reducir la circulaci\u00f3n probablemente. Ojal\u00e1 no sea masivo y sea sectorizado\u201d, dijo el funcionario de Axel Kicillof en di\u00e1logo con el canal de televisi\u00f3n A24.<\/p><\/blockquote>\n<p>&nbsp;<\/p>\n<p>Kreplak indic\u00f3 que \u201cest\u00e1 empezando una segunda ola\u201d. \u201cEs un momento donde <strong>hay que extremar los cuidados,<\/strong> m\u00e1s aquellos que tenemos familiares o conocidos de riesgo que sabemos que en pocas semanas se van a vacunar\u201d, explic\u00f3.<\/p>\n<p>&nbsp;<\/p>\n<p><img data-recalc-dims=\"1\" loading=\"lazy\" decoding=\"async\" class=\"aligncenter wp-image-12188 size-full\" src=\"https:\/\/i0.wp.com\/cdnoticias.com\/wp-content\/uploads\/2021\/01\/DIB-Kreplak-696x392.jpg?resize=696%2C392&#038;ssl=1\" alt=\"\" width=\"696\" height=\"392\" srcset=\"https:\/\/i0.wp.com\/cdnoticias.com\/wp-content\/uploads\/2021\/01\/DIB-Kreplak-696x392.jpg?resize=696%2C392&amp;ssl=1 696w, https:\/\/i0.wp.com\/cdnoticias.com\/wp-content\/uploads\/2021\/01\/DIB-Kreplak-696x392.jpg?resize=300%2C169&amp;ssl=1 300w\" sizes=\"auto, (max-width: 696px) 100vw, 696px\" \/><\/p>\n<p>&nbsp;<\/p>\n<p>Y agreg\u00f3: \u201c<strong>Espero no tener que sugerir un retroceso a fase uno en dos semanas<\/strong>, pero s\u00ed creo que vamos a ir gradualmente restringiendo actividades. Esperemos que no sea necesario hacer una restricci\u00f3n muy fuerte e ir aminorando el incremento de casos, achatar la curva para poder vacunar\u201d.<\/p>\n<p>&nbsp;<\/p>\n<blockquote><p>El viceministro tambi\u00e9n habl\u00f3 con radio La Red, donde explic\u00f3 que \u201cde ac\u00e1 a Semana Santa no habr\u00eda medidas dr\u00e1sticas, a no ser que ocurra algo muy terrible\u201d.<\/p><\/blockquote>\n<p>&nbsp;<\/p>\n<p>\u201cLo que <strong>pedimos es que en Semana Santa no se vaya a un lugar de gran exposici\u00f3n y que se cumpla con las medidas de prevenci\u00f3n, como el distanciamiento y el uso de tapabocas<\/strong>. Las fiestas no se pueden hacer y hay restricciones vigentes, como las reuniones de personas en la provincia de Buenos Aires que tienen un m\u00e1ximo de 10 personas en lugares abiertos o cerrados\u201d, record\u00f3.<\/p>\n<p>&nbsp;<\/p>\n<p>Kreplak indic\u00f3 que por ahora est\u00e1n <strong>\u201ctrabajando en restricciones externas, no tanto en las internas\u201d<\/strong>. \u201cEsperamos no prohibir la circulaci\u00f3n porque lo podemos subsanar con medidas de prevenci\u00f3n\u201d, se\u00f1al\u00f3.<\/p>\n<p>&nbsp;<\/p>\n<p>Fuente: <em>Agencia DIB<\/em><\/p>\n","protected":false},"excerpt":{"rendered":"<p>El viceministro de Salud bonaerense se refiri\u00f3 al crecimiento de los casos de coronavirus. \u201cCreo que vamos a ir gradualmente<\/p>\n","protected":false},"author":4,"featured_media":17146,"comment_status":"closed","ping_status":"closed","sticky":false,"template":"","format":"standard","meta":{"_jetpack_memberships_contains_paid_content":false,"footnotes":""},"categories":[6,1],"tags":[],"class_list":["post-17145","post","type-post","status-publish","format-standard","has-post-thumbnail","hentry","category-nacionales","category-portada"],"jetpack_featured_media_url":"https:\/\/i0.wp.com\/cdnoticias.com\/wp-content\/uploads\/2021\/03\/DIB-Nicolas-Kreplak-672x420.jpg?fit=672%2C420&ssl=1","jetpack_sharing_enabled":true,"_links":{"self":[{"href":"https:\/\/cdnoticias.com\/index.php\/wp-json\/wp\/v2\/posts\/17145","targetHints":{"allow":["GET"]}}],"collection":[{"href":"https:\/\/cdnoticias.com\/index.php\/wp-json\/wp\/v2\/posts"}],"about":[{"href":"https:\/\/cdnoticias.com\/index.php\/wp-json\/wp\/v2\/types\/post"}],"author":[{"embeddable":true,"href":"https:\/\/cdnoticias.com\/index.php\/wp-json\/wp\/v2\/users\/4"}],"replies":[{"embeddable":true,"href":"https:\/\/cdnoticias.com\/index.php\/wp-json\/wp\/v2\/comments?post=17145"}],"version-history":[{"count":0,"href":"https:\/\/cdnoticias.com\/index.php\/wp-json\/wp\/v2\/posts\/17145\/revisions"}],"wp:featuredmedia":[{"embeddable":true,"href":"https:\/\/cdnoticias.com\/index.php\/wp-json\/wp\/v2\/media\/17146"}],"wp:attachment":[{"href":"https:\/\/cdnoticias.com\/index.php\/wp-json\/wp\/v2\/media?parent=17145"}],"wp:term":[{"taxonomy":"category","embeddable":true,"href":"https:\/\/cdnoticias.com\/index.php\/wp-json\/wp\/v2\/categories?post=17145"},{"taxonomy":"post_tag","embeddable":true,"href":"https:\/\/cdnoticias.com\/index.php\/wp-json\/wp\/v2\/tags?post=17145"}],"curies":[{"name":"wp","href":"https:\/\/api.w.org\/{rel}","templated":true}]}}