{"id":171423,"date":"2025-05-15T16:35:41","date_gmt":"2025-05-15T19:35:41","guid":{"rendered":"https:\/\/cdnoticias.com\/?p=171423"},"modified":"2025-05-15T16:35:43","modified_gmt":"2025-05-15T19:35:43","slug":"por-primera-vez-se-realizara-un-encuentro-de-gastronomia-libanesa","status":"publish","type":"post","link":"https:\/\/cdnoticias.com\/index.php\/2025\/05\/15\/por-primera-vez-se-realizara-un-encuentro-de-gastronomia-libanesa\/","title":{"rendered":"Por primera vez, se realizar\u00e1 un encuentro de Gastronom\u00eda Libanesa\u00a0"},"content":{"rendered":"\n<p>Ser\u00e1 este s\u00e1bado 17 en la sede de la Sociedad Libanesa. Las entradas ya se encuentran a la venta.&nbsp;<\/p>\n\n\n\n<hr class=\"wp-block-separator aligncenter has-alpha-channel-opacity\"\/>\n\n\n\n<p>El pr\u00f3ximo <strong>s\u00e1bado 17 <\/strong>se llevar\u00e1 a cabo un <strong>encuentro de Gastronom\u00eda Libanesa,<\/strong> que estar\u00e1 a cargo del reconocido <strong>chef Pablo Rachid<\/strong> y que ser\u00e1 organizado por el espacio encargado de Gastronom\u00eda de la instituci\u00f3n local.<\/p>\n\n\n\n<p><\/p>\n\n\n\n<blockquote class=\"wp-block-quote is-layout-flow wp-block-quote-is-layout-flow\">\n<p>Este evento se realizar\u00e1 por primera vez en nuestra ciudad y ser\u00e1 en el horario de 18 a 20 horas, en la sede de la Sociedad Libanesa de Olavarr\u00eda, ubicada en 25 de Mayo 3219.<\/p>\n<\/blockquote>\n\n\n\n<p><\/p>\n\n\n\n<p>Para inscripciones podr\u00e1n comunicarse al <strong>Instagram Sociedad Libanesa Olavarr\u00eda o al celular 2284- 0730426.<\/strong> El valor del encuentro es de $8.000 para no socios y $6.000 para socios de la instituci\u00f3n.<\/p>\n\n\n\n<p><\/p>\n\n\n\n<p><strong><em>\u201cSer\u00e1 una experiencia \u00fanica que combinar\u00e1 historia, recetas tradicionales y cultura libanesa, en un espacio de intercambio y disfrute que busca acercar al p\u00fablico a las ra\u00edces y sabores del L\u00edbano\u201d<\/em><\/strong> expresaron los organizadores.\u00a0<\/p>\n\n\n\n<p><\/p>\n\n\n\n<p>Asimismo, sostuvieron \u201cagradecemos profundamente la posibilidad de contar con la difusi\u00f3n de este evento, que tiene como objetivo <strong>fortalecer los lazos culturales y promover el valioso patrimonio gastron\u00f3mic<\/strong>o de la colectividad libanesa\u201d.\u00a0<\/p>\n\n\n\n<p><\/p>\n","protected":false},"excerpt":{"rendered":"<p>Ser\u00e1 este s\u00e1bado 17 en la sede de la Sociedad Libanesa. Las entradas ya se encuentran a la venta.&nbsp; El<\/p>\n","protected":false},"author":6,"featured_media":171414,"comment_status":"closed","ping_status":"closed","sticky":false,"template":"","format":"standard","meta":{"_jetpack_memberships_contains_paid_content":false,"footnotes":""},"categories":[9,1],"tags":[],"class_list":["post-171423","post","type-post","status-publish","format-standard","has-post-thumbnail","hentry","category-cultura","category-portada"],"jetpack_featured_media_url":"https:\/\/i0.wp.com\/cdnoticias.com\/wp-content\/uploads\/2025\/05\/sociedad-libanesa-evento-gastronomico.png?fit=889%2C533&ssl=1","jetpack_sharing_enabled":true,"_links":{"self":[{"href":"https:\/\/cdnoticias.com\/index.php\/wp-json\/wp\/v2\/posts\/171423","targetHints":{"allow":["GET"]}}],"collection":[{"href":"https:\/\/cdnoticias.com\/index.php\/wp-json\/wp\/v2\/posts"}],"about":[{"href":"https:\/\/cdnoticias.com\/index.php\/wp-json\/wp\/v2\/types\/post"}],"author":[{"embeddable":true,"href":"https:\/\/cdnoticias.com\/index.php\/wp-json\/wp\/v2\/users\/6"}],"replies":[{"embeddable":true,"href":"https:\/\/cdnoticias.com\/index.php\/wp-json\/wp\/v2\/comments?post=171423"}],"version-history":[{"count":0,"href":"https:\/\/cdnoticias.com\/index.php\/wp-json\/wp\/v2\/posts\/171423\/revisions"}],"wp:featuredmedia":[{"embeddable":true,"href":"https:\/\/cdnoticias.com\/index.php\/wp-json\/wp\/v2\/media\/171414"}],"wp:attachment":[{"href":"https:\/\/cdnoticias.com\/index.php\/wp-json\/wp\/v2\/media?parent=171423"}],"wp:term":[{"taxonomy":"category","embeddable":true,"href":"https:\/\/cdnoticias.com\/index.php\/wp-json\/wp\/v2\/categories?post=171423"},{"taxonomy":"post_tag","embeddable":true,"href":"https:\/\/cdnoticias.com\/index.php\/wp-json\/wp\/v2\/tags?post=171423"}],"curies":[{"name":"wp","href":"https:\/\/api.w.org\/{rel}","templated":true}]}}