{"id":171407,"date":"2025-05-13T16:30:56","date_gmt":"2025-05-13T19:30:56","guid":{"rendered":"https:\/\/cdnoticias.com\/?p=171407"},"modified":"2025-05-13T20:15:08","modified_gmt":"2025-05-13T23:15:08","slug":"desde-el-consejo-escolar-senalaron-que-invierten-mas-de-45-millones-en-infraestructura","status":"publish","type":"post","link":"https:\/\/cdnoticias.com\/index.php\/2025\/05\/13\/desde-el-consejo-escolar-senalaron-que-invierten-mas-de-45-millones-en-infraestructura\/","title":{"rendered":"Desde el Consejo Escolar se\u00f1alaron que invierten m\u00e1s de 45 millones en infraestructura"},"content":{"rendered":"\n<p>Aseguraron que se priorizaron tareas de refacci\u00f3n y recuperaci\u00f3n de techos. La utilizaci\u00f3n de los recursos del Fondo Compensador y el Fondo de Riesgo Inicio.<\/p>\n\n\n\n<hr class=\"wp-block-separator has-alpha-channel-opacity\"\/>\n\n\n\n<p>El Consejo Escolar de Olavarr\u00eda inform\u00f3 que en el marco de las pol\u00edticas de asignaci\u00f3n de recursos desde el<strong> Fondo Compensador y el Fondo de Riesgo Inicio <\/strong>que dependen de la Direcci\u00f3n General de Cultura y Educaci\u00f3n de la provincia de Buenos Aires durante el primer trimestre del 2025 se han priorizado tareas de refacci\u00f3n y recuperaci\u00f3n de techos con una <strong>inversi\u00f3n de $45.887,340 millones de pesos.<\/strong><\/p>\n\n\n\n<p><\/p>\n\n\n\n<p>Las obras m\u00e1s destacadas y con una inversi\u00f3n que signific\u00f3 m\u00e1s de<strong> $19.000.000 <\/strong>corresponden a las <strong>Escuelas Primarias N\u00b039 del Paraje Dura\u00f1ona y N\u00b021 de Estaci\u00f3n Pourtal\u00e9 <\/strong>donde se logr\u00f3 la recuperaci\u00f3n total de los techos, cielorrasos e instalaciones el\u00e9ctricas que hab\u00edan sufrido la voladura en la tormenta del mes de febrero de este a\u00f1o.<\/p>\n\n\n\n<p><\/p>\n\n\n\n<figure class=\"wp-block-image size-full\"><img data-recalc-dims=\"1\" loading=\"lazy\" decoding=\"async\" width=\"800\" height=\"445\" src=\"https:\/\/i0.wp.com\/cdnoticias.com\/wp-content\/uploads\/2025\/05\/consejo-escolar-obras-02.png?resize=800%2C445&#038;ssl=1\" alt=\"\" class=\"wp-image-171409\" srcset=\"https:\/\/i0.wp.com\/cdnoticias.com\/wp-content\/uploads\/2025\/05\/consejo-escolar-obras-02.png?w=800&amp;ssl=1 800w, https:\/\/i0.wp.com\/cdnoticias.com\/wp-content\/uploads\/2025\/05\/consejo-escolar-obras-02.png?resize=300%2C167&amp;ssl=1 300w, https:\/\/i0.wp.com\/cdnoticias.com\/wp-content\/uploads\/2025\/05\/consejo-escolar-obras-02.png?resize=768%2C427&amp;ssl=1 768w\" sizes=\"auto, (max-width: 800px) 100vw, 800px\" \/><\/figure>\n\n\n\n<p><\/p>\n\n\n\n<p>En este sentido tambi\u00e9n fueron asignados recursos para atender a las demandas de reacondicionamientos de techos en los<strong> Jardines de Infantes N\u00b0 905; 906; 916; 917 y 930; las Escuelas Primarias N\u00b0 1; 2; 5; 9; 10; 12; 32; 45; 49; 55; 56; 59; 75 y 80; las Escuelas Secundarias N\u00b06; 7; 21; Escuela de Educaci\u00f3n T\u00e9cnica N\u00b01; el Centro Educativo Complementario N\u00b0802; la Escuela de Artes Visuales; la Escuela de Educaci\u00f3n Especial N\u00b0504.<\/strong><\/p>\n\n\n\n<p><\/p>\n\n\n\n<figure class=\"wp-block-image size-full\"><img data-recalc-dims=\"1\" loading=\"lazy\" decoding=\"async\" width=\"800\" height=\"445\" src=\"https:\/\/i0.wp.com\/cdnoticias.com\/wp-content\/uploads\/2025\/05\/consejo-escolar-obras-03.png?resize=800%2C445&#038;ssl=1\" alt=\"\" class=\"wp-image-171408\" srcset=\"https:\/\/i0.wp.com\/cdnoticias.com\/wp-content\/uploads\/2025\/05\/consejo-escolar-obras-03.png?w=800&amp;ssl=1 800w, https:\/\/i0.wp.com\/cdnoticias.com\/wp-content\/uploads\/2025\/05\/consejo-escolar-obras-03.png?resize=300%2C167&amp;ssl=1 300w, https:\/\/i0.wp.com\/cdnoticias.com\/wp-content\/uploads\/2025\/05\/consejo-escolar-obras-03.png?resize=768%2C427&amp;ssl=1 768w\" sizes=\"auto, (max-width: 800px) 100vw, 800px\" \/><\/figure>\n\n\n\n<p><\/p>\n\n\n\n<p>Adem\u00e1s, resaltaron que programaron y planificaron estrat\u00e9gicamente obras para completarse durante los meses de mayo y junio como son la refacci\u00f3n del techo del <strong>Jard\u00edn de Infantes N\u00b0922; el N\u00b0926 y la Escuela Primaria N\u00b061.<\/strong><\/p>\n\n\n\n<p><\/p>\n","protected":false},"excerpt":{"rendered":"<p>Aseguraron que se priorizaron tareas de refacci\u00f3n y recuperaci\u00f3n de techos. La utilizaci\u00f3n de los recursos del Fondo Compensador y<\/p>\n","protected":false},"author":5,"featured_media":171410,"comment_status":"closed","ping_status":"closed","sticky":false,"template":"","format":"standard","meta":{"_jetpack_memberships_contains_paid_content":false,"footnotes":""},"categories":[5,1],"tags":[],"class_list":["post-171407","post","type-post","status-publish","format-standard","has-post-thumbnail","hentry","category-informacion-general","category-portada"],"jetpack_featured_media_url":"https:\/\/i0.wp.com\/cdnoticias.com\/wp-content\/uploads\/2025\/05\/consejo-escolar-obras-01.png?fit=800%2C445&ssl=1","jetpack_sharing_enabled":true,"_links":{"self":[{"href":"https:\/\/cdnoticias.com\/index.php\/wp-json\/wp\/v2\/posts\/171407","targetHints":{"allow":["GET"]}}],"collection":[{"href":"https:\/\/cdnoticias.com\/index.php\/wp-json\/wp\/v2\/posts"}],"about":[{"href":"https:\/\/cdnoticias.com\/index.php\/wp-json\/wp\/v2\/types\/post"}],"author":[{"embeddable":true,"href":"https:\/\/cdnoticias.com\/index.php\/wp-json\/wp\/v2\/users\/5"}],"replies":[{"embeddable":true,"href":"https:\/\/cdnoticias.com\/index.php\/wp-json\/wp\/v2\/comments?post=171407"}],"version-history":[{"count":0,"href":"https:\/\/cdnoticias.com\/index.php\/wp-json\/wp\/v2\/posts\/171407\/revisions"}],"wp:featuredmedia":[{"embeddable":true,"href":"https:\/\/cdnoticias.com\/index.php\/wp-json\/wp\/v2\/media\/171410"}],"wp:attachment":[{"href":"https:\/\/cdnoticias.com\/index.php\/wp-json\/wp\/v2\/media?parent=171407"}],"wp:term":[{"taxonomy":"category","embeddable":true,"href":"https:\/\/cdnoticias.com\/index.php\/wp-json\/wp\/v2\/categories?post=171407"},{"taxonomy":"post_tag","embeddable":true,"href":"https:\/\/cdnoticias.com\/index.php\/wp-json\/wp\/v2\/tags?post=171407"}],"curies":[{"name":"wp","href":"https:\/\/api.w.org\/{rel}","templated":true}]}}