{"id":171402,"date":"2025-05-13T16:02:14","date_gmt":"2025-05-13T19:02:14","guid":{"rendered":"https:\/\/cdnoticias.com\/?p=171402"},"modified":"2025-05-13T19:58:28","modified_gmt":"2025-05-13T22:58:28","slug":"un-hombre-aprehendido-por-romper-una-restriccion-de-acercamiento","status":"publish","type":"post","link":"https:\/\/cdnoticias.com\/index.php\/2025\/05\/13\/un-hombre-aprehendido-por-romper-una-restriccion-de-acercamiento\/","title":{"rendered":"Un hombre aprehendido por romper una restricci\u00f3n de acercamiento"},"content":{"rendered":"\n<p>Tiene 29 a\u00f1os y enfrenta una causa por \u201cdesobediencia\u201d. Interviene la UFI N\u00b0 10. <\/p>\n\n\n\n<hr class=\"wp-block-separator has-alpha-channel-opacity\"\/>\n\n\n\n<p>En las \u00faltimas horas un hombre de 29 a\u00f1os fue aprehendido por personal policial al romper una<strong> restricci\u00f3n de acercamiento a su progenitora.<\/strong><\/p>\n\n\n\n<p><\/p>\n\n\n\n<p>Efectivos del Comando de Patrullas se dirigieron a Grimaldi al 1100 donde procedieron a la <strong>aprehensi\u00f3n del hombre. <\/strong>Minutos m\u00e1s tarde, se inform\u00f3 desde la Comisar\u00eda de la Mujer y la Familia que pose\u00eda una restricci\u00f3n de acercamiento vigente por <strong>\u201cprotecci\u00f3n contra la violencia familiar\u201d.<\/strong><\/p>\n\n\n\n<p><\/p>\n\n\n\n<p>Fue trasladado a la sede policial a disposici\u00f3n del juzgado interviniente. Enfrenta una causa por <strong>\u201cdesobediencia\u201d<\/strong> a cargo de la UFI N\u00b010.<\/p>\n","protected":false},"excerpt":{"rendered":"<p>Tiene 29 a\u00f1os y enfrenta una causa por \u201cdesobediencia\u201d. Interviene la UFI N\u00b0 10. En las \u00faltimas horas un hombre<\/p>\n","protected":false},"author":5,"featured_media":171403,"comment_status":"closed","ping_status":"closed","sticky":false,"template":"","format":"standard","meta":{"_jetpack_memberships_contains_paid_content":false,"footnotes":""},"categories":[14,1],"tags":[],"class_list":["post-171402","post","type-post","status-publish","format-standard","has-post-thumbnail","hentry","category-policiales","category-portada"],"jetpack_featured_media_url":"https:\/\/i0.wp.com\/cdnoticias.com\/wp-content\/uploads\/2025\/05\/prohibicion-acercamiento-2.png?fit=800%2C445&ssl=1","jetpack_sharing_enabled":true,"_links":{"self":[{"href":"https:\/\/cdnoticias.com\/index.php\/wp-json\/wp\/v2\/posts\/171402","targetHints":{"allow":["GET"]}}],"collection":[{"href":"https:\/\/cdnoticias.com\/index.php\/wp-json\/wp\/v2\/posts"}],"about":[{"href":"https:\/\/cdnoticias.com\/index.php\/wp-json\/wp\/v2\/types\/post"}],"author":[{"embeddable":true,"href":"https:\/\/cdnoticias.com\/index.php\/wp-json\/wp\/v2\/users\/5"}],"replies":[{"embeddable":true,"href":"https:\/\/cdnoticias.com\/index.php\/wp-json\/wp\/v2\/comments?post=171402"}],"version-history":[{"count":0,"href":"https:\/\/cdnoticias.com\/index.php\/wp-json\/wp\/v2\/posts\/171402\/revisions"}],"wp:featuredmedia":[{"embeddable":true,"href":"https:\/\/cdnoticias.com\/index.php\/wp-json\/wp\/v2\/media\/171403"}],"wp:attachment":[{"href":"https:\/\/cdnoticias.com\/index.php\/wp-json\/wp\/v2\/media?parent=171402"}],"wp:term":[{"taxonomy":"category","embeddable":true,"href":"https:\/\/cdnoticias.com\/index.php\/wp-json\/wp\/v2\/categories?post=171402"},{"taxonomy":"post_tag","embeddable":true,"href":"https:\/\/cdnoticias.com\/index.php\/wp-json\/wp\/v2\/tags?post=171402"}],"curies":[{"name":"wp","href":"https:\/\/api.w.org\/{rel}","templated":true}]}}