{"id":171391,"date":"2025-05-13T09:21:46","date_gmt":"2025-05-13T12:21:46","guid":{"rendered":"https:\/\/cdnoticias.com\/?p=171391"},"modified":"2025-07-12T16:18:04","modified_gmt":"2025-07-12T19:18:04","slug":"cuarto-intermedio-en-el-amco-y-suspension-de-la-fecha-del-automovilismo-zonal","status":"publish","type":"post","link":"https:\/\/cdnoticias.com\/index.php\/2025\/05\/13\/cuarto-intermedio-en-el-amco-y-suspension-de-la-fecha-del-automovilismo-zonal\/","title":{"rendered":"Cuarto intermedio en el AMCO y suspensi\u00f3n de la fecha del automovilismo zonal"},"content":{"rendered":"\n<p>La falta de una nueva comisi\u00f3n directiva oblig\u00f3 a posponer la Asamblea y dej\u00f3 sin actividad al Aut\u00f3dromo Hermanos Emiliozzi. La continuidad institucional del club y el apoyo municipal, en el centro del debate.<\/p>\n\n\n\n<hr class=\"wp-block-separator aligncenter has-alpha-channel-opacity\"\/>\n\n\n\n<p>Este lunes por la tarde se llev\u00f3 a cabo una <strong>Asamblea clave en el Autom\u00f3vil Moto Club Olavarr\u00eda (AMCO), pero el encuentro termin\u00f3 en un cuarto intermedio ante la imposibilidad de conformar una nueva comisi\u00f3n directiva<\/strong>. La situaci\u00f3n institucional llev\u00f3 a <strong>suspender la tercera fecha de la Promocional 1100, Monomarca 1100 y Copa Gol del Sudeste, adem\u00e1s de la apertura del Turismo Sport del Sudeste, prevista para este fin de semana en el Aut\u00f3dromo Hermanos Emiliozzi.<\/strong><\/p>\n\n\n\n<p>Con la presencia de Gustavo Tolosa \u2014actual responsable a cargo del club\u2014, del Director Municipal de Relaciones con la Comunidad, Mariano Caputo, y de la abogada Gabriela Aresi,<strong> se desarroll\u00f3 una reuni\u00f3n en la que no se logr\u00f3 avanzar en la normalizaci\u00f3n de la entidad, tras las renuncias ocurridas a comienzos de este a\u00f1o.<\/strong><\/p>\n\n\n\n<p>Durante la jornada, <strong>Tolosa expres\u00f3 que existe una lista de 22 personas dispuestas a asumir responsabilidades, pero aclar\u00f3 que eso solo ocurrir\u00e1 si se concreta un subsidio municipal comprometido en reuniones mantenidas con el intendente Maximiliano Wesner.<\/strong> <\/p>\n\n\n\n<p>Por su parte, <strong>desde el Ejecutivo se insisti\u00f3 en la necesidad de regularizar la situaci\u00f3n institucional del club para avanzar con la ayuda econ\u00f3mica.<\/strong><\/p>\n\n\n\n<p>Adem\u00e1s, <strong>estaba previsto que se expusieran los balances contables de los \u00faltimos cuatro a\u00f1os, que arrojar\u00edan un d\u00e9ficit superior a los 12 millones de pesos.<\/strong><\/p>\n\n\n\n<p>El AMCO, que en febrero pasado cumpli\u00f3 84 a\u00f1os, atraviesa ahora una etapa decisiva, en la que <strong>la definici\u00f3n del apoyo gubernamental y la formalizaci\u00f3n de nuevas autoridades ser\u00e1n determinantes para su continuidad y para la actividad del automovilismo zonal -y la posibilidad de que llegue el automovilismo nacional- en la ciudad.<\/strong><\/p>\n","protected":false},"excerpt":{"rendered":"<p>La falta de una nueva comisi\u00f3n directiva oblig\u00f3 a posponer la Asamblea y dej\u00f3 sin actividad al Aut\u00f3dromo Hermanos Emiliozzi.<\/p>\n","protected":false},"author":2,"featured_media":171392,"comment_status":"closed","ping_status":"closed","sticky":false,"template":"","format":"standard","meta":{"_jetpack_memberships_contains_paid_content":false,"footnotes":""},"categories":[34,29,1],"tags":[],"class_list":["post-171391","post","type-post","status-publish","format-standard","has-post-thumbnail","hentry","category-automovilismo","category-deportes","category-portada"],"jetpack_featured_media_url":"https:\/\/i0.wp.com\/cdnoticias.com\/wp-content\/uploads\/2025\/05\/Mayores1510-1.jpg?fit=800%2C450&ssl=1","jetpack_sharing_enabled":true,"_links":{"self":[{"href":"https:\/\/cdnoticias.com\/index.php\/wp-json\/wp\/v2\/posts\/171391","targetHints":{"allow":["GET"]}}],"collection":[{"href":"https:\/\/cdnoticias.com\/index.php\/wp-json\/wp\/v2\/posts"}],"about":[{"href":"https:\/\/cdnoticias.com\/index.php\/wp-json\/wp\/v2\/types\/post"}],"author":[{"embeddable":true,"href":"https:\/\/cdnoticias.com\/index.php\/wp-json\/wp\/v2\/users\/2"}],"replies":[{"embeddable":true,"href":"https:\/\/cdnoticias.com\/index.php\/wp-json\/wp\/v2\/comments?post=171391"}],"version-history":[{"count":0,"href":"https:\/\/cdnoticias.com\/index.php\/wp-json\/wp\/v2\/posts\/171391\/revisions"}],"wp:featuredmedia":[{"embeddable":true,"href":"https:\/\/cdnoticias.com\/index.php\/wp-json\/wp\/v2\/media\/171392"}],"wp:attachment":[{"href":"https:\/\/cdnoticias.com\/index.php\/wp-json\/wp\/v2\/media?parent=171391"}],"wp:term":[{"taxonomy":"category","embeddable":true,"href":"https:\/\/cdnoticias.com\/index.php\/wp-json\/wp\/v2\/categories?post=171391"},{"taxonomy":"post_tag","embeddable":true,"href":"https:\/\/cdnoticias.com\/index.php\/wp-json\/wp\/v2\/tags?post=171391"}],"curies":[{"name":"wp","href":"https:\/\/api.w.org\/{rel}","templated":true}]}}