{"id":171382,"date":"2025-05-13T07:52:30","date_gmt":"2025-05-13T10:52:30","guid":{"rendered":"https:\/\/cdnoticias.com\/?p=171382"},"modified":"2025-05-13T09:47:36","modified_gmt":"2025-05-13T12:47:36","slug":"un-micro-de-la-empresa-condor-la-estrella-choco-contra-un-camion-en-ruta-3","status":"publish","type":"post","link":"https:\/\/cdnoticias.com\/index.php\/2025\/05\/13\/un-micro-de-la-empresa-condor-la-estrella-choco-contra-un-camion-en-ruta-3\/","title":{"rendered":"Un micro de la empresa C\u00f3ndor-La Estrella choc\u00f3 contra un cami\u00f3n en ruta 3"},"content":{"rendered":"\n<p>Al menos cuatro personas fallecieron. El accidente ocurri\u00f3 en el kil\u00f3metro 132, cerca de San Miguel del Monte.<\/p>\n\n\n\n<hr class=\"wp-block-separator has-alpha-channel-opacity\"\/>\n\n\n\n<p>Durante la madrugada de este martes se produjo un<strong> grave accidente en el kil\u00f3metro 132 de la ruta nacional 3<\/strong>. Chocaron un <strong>cami\u00f3n y un micro de larga distancia que sali\u00f3 desde la ciudad de Azul y viajaba con destino a Buenos Aires, seg\u00fan la agencia NA.<\/strong><\/p>\n\n\n\n<p><\/p>\n\n\n\n<p>Seg\u00fan se inform\u00f3 en primera instancia, <strong>cuatro personas perdieron la vida y varias m\u00e1s resultaron heridas.<\/strong><\/p>\n\n\n\n<p><\/p>\n\n\n\n<p>Los heridos que viajaban en el micro de la empresa Condor-Estrella fueron trasladados al <strong>Hospital Zen\u00f3n Videla Dorna <\/strong>de dicha localidad bonaerense, a 25 kil\u00f3metros del lugar de la tragedia.<\/p>\n\n\n\n<p><\/p>\n\n\n\n<p>Las impactantes im\u00e1genes muestran que <strong>el frente del \u00f3mnibus de larga distancia qued\u00f3 completamente destruido. <\/strong>Tambi\u00e9n qued\u00f3 da\u00f1ada la cabina del otro rodado que protagoniz\u00f3 el accidente, por lo que se intuye que se trat\u00f3 de un impacto frontal.<\/p>\n\n\n\n<p><\/p>\n\n\n\n<p><em>Noticia en desarrollo<\/em><\/p>\n\n\n\n<p><\/p>\n\n\n\n<p>Foto: LB24 \/ TN.<\/p>\n","protected":false},"excerpt":{"rendered":"<p>Al menos cuatro personas fallecieron. El accidente ocurri\u00f3 en el kil\u00f3metro 132, cerca de San Miguel del Monte. Durante la<\/p>\n","protected":false},"author":5,"featured_media":171383,"comment_status":"closed","ping_status":"closed","sticky":false,"template":"","format":"standard","meta":{"_jetpack_memberships_contains_paid_content":false,"footnotes":""},"categories":[14,1],"tags":[],"class_list":["post-171382","post","type-post","status-publish","format-standard","has-post-thumbnail","hentry","category-policiales","category-portada"],"jetpack_featured_media_url":"https:\/\/cdnoticias.com\/wp-content\/uploads\/2025\/05\/el-frente-del-micro-de-larga-distancia-quedo-completamente-destruido-tras-el-choque-foto-tn-PU3ILLHQ2BB6DPE7JR3DOL7ICM.avif","jetpack_sharing_enabled":true,"_links":{"self":[{"href":"https:\/\/cdnoticias.com\/index.php\/wp-json\/wp\/v2\/posts\/171382","targetHints":{"allow":["GET"]}}],"collection":[{"href":"https:\/\/cdnoticias.com\/index.php\/wp-json\/wp\/v2\/posts"}],"about":[{"href":"https:\/\/cdnoticias.com\/index.php\/wp-json\/wp\/v2\/types\/post"}],"author":[{"embeddable":true,"href":"https:\/\/cdnoticias.com\/index.php\/wp-json\/wp\/v2\/users\/5"}],"replies":[{"embeddable":true,"href":"https:\/\/cdnoticias.com\/index.php\/wp-json\/wp\/v2\/comments?post=171382"}],"version-history":[{"count":0,"href":"https:\/\/cdnoticias.com\/index.php\/wp-json\/wp\/v2\/posts\/171382\/revisions"}],"wp:featuredmedia":[{"embeddable":true,"href":"https:\/\/cdnoticias.com\/index.php\/wp-json\/wp\/v2\/media\/171383"}],"wp:attachment":[{"href":"https:\/\/cdnoticias.com\/index.php\/wp-json\/wp\/v2\/media?parent=171382"}],"wp:term":[{"taxonomy":"category","embeddable":true,"href":"https:\/\/cdnoticias.com\/index.php\/wp-json\/wp\/v2\/categories?post=171382"},{"taxonomy":"post_tag","embeddable":true,"href":"https:\/\/cdnoticias.com\/index.php\/wp-json\/wp\/v2\/tags?post=171382"}],"curies":[{"name":"wp","href":"https:\/\/api.w.org\/{rel}","templated":true}]}}