{"id":171343,"date":"2025-05-12T18:11:12","date_gmt":"2025-05-12T21:11:12","guid":{"rendered":"https:\/\/cdnoticias.com\/?p=171343"},"modified":"2025-05-13T07:53:05","modified_gmt":"2025-05-13T10:53:05","slug":"jose-eseverri-el-peronismo-esta-muy-encerrado-y-su-unico-contacto-parecen-ser-los-empleados-publicos","status":"publish","type":"post","link":"https:\/\/cdnoticias.com\/index.php\/2025\/05\/12\/jose-eseverri-el-peronismo-esta-muy-encerrado-y-su-unico-contacto-parecen-ser-los-empleados-publicos\/","title":{"rendered":"Jos\u00e9 Eseverri: \u201cEl peronismo est\u00e1 muy encerrado y su \u00fanico contacto parecen ser los empleados p\u00fablicos\u201d"},"content":{"rendered":"\n<p>El ex intendente de Olavarr\u00eda, Jos\u00e9 Eseverri, hizo declaraciones p\u00fablicas con Infocielo. Su an\u00e1lisis sobre la situaci\u00f3n del peronismo bonaerense. Carg\u00f3 contra los concejales locales: \u201cNo ves que los concejales de Olavarr\u00eda est\u00e9n preocupados por el desastre que est\u00e1 pasando en nuestra ciudad\u201d.<\/p>\n\n\n\n<hr class=\"wp-block-separator aligncenter has-alpha-channel-opacity\"\/>\n\n\n\n<p><em><a href=\"https:\/\/infocielo.com\/politica-y-economia\/jose-eseverri-el-peronismo-esta-muy-encerrado-y-su-unico-contacto-parecen-ser-los-empleados-publicos\" target=\"_blank\" rel=\"noreferrer noopener\">Nota de Sergio Di Pino, para Infocielo<\/a><\/em><\/p>\n\n\n\n<p><strong>Jos\u00e9 Eseverri, exintendente de Olavarr\u00eda entre los a\u00f1os 2007 y 2015, reapareci\u00f3 el \u00faltimo s\u00e1bado en la escena pol\u00edtica<\/strong> despu\u00e9s de varios a\u00f1os de ausencia. En los \u00faltimos seis a\u00f1os, el exjefecomunal estuvo alejado de cualquier discusi\u00f3n partidaria y<strong> se mantuvo abocado a su actividad de abogado y prioriz\u00f3 su labor como empresario cervecero Pyme.<\/strong><\/p>\n\n\n\n<p><strong>Su participaci\u00f3n en Tapalqu\u00e9 del plenario seccional del Movimiento Derecho al Futuro de Axel Kicillof, que lider\u00f3 el ministro bonaerense Carlos Bianco, gener\u00f3 una amplia sorpresa en la regi\u00f3n y dio que hablar en Olavarr\u00eda<\/strong>, ciudad gobernada por el intendente camporista Maximiliano Wesner.<\/p>\n\n\n\n<figure class=\"wp-block-embed is-type-wp-embed is-provider-central-de-noticias-olavarr-a wp-block-embed-central-de-noticias-olavarr-a\"><div class=\"wp-block-embed__wrapper\">\n<blockquote class=\"wp-embedded-content\" data-secret=\"zxJOIggW1N\"><a href=\"https:\/\/cdnoticias.com\/index.php\/2025\/05\/10\/varios-dirigentes-olavarrienses-participaron-del-acto-de-movimiento-derecho-al-futuro-en-tapalque\/\">Varios dirigentes olavarrienses participaron del acto de Movimiento Derecho al Futuro en Tapalqu\u00e9<\/a><\/blockquote><iframe loading=\"lazy\" class=\"wp-embedded-content\" sandbox=\"allow-scripts\" security=\"restricted\" style=\"position: absolute; visibility: hidden;\" title=\"&#8220;Varios dirigentes olavarrienses participaron del acto de Movimiento Derecho al Futuro en Tapalqu\u00e9&#8221; &#8212; Central de Noticias | Olavarr\u00eda\" src=\"https:\/\/cdnoticias.com\/index.php\/2025\/05\/10\/varios-dirigentes-olavarrienses-participaron-del-acto-de-movimiento-derecho-al-futuro-en-tapalque\/embed\/#?secret=ZLpwAUSNxE#?secret=zxJOIggW1N\" data-secret=\"zxJOIggW1N\" width=\"600\" height=\"338\" frameborder=\"0\" marginwidth=\"0\" marginheight=\"0\" scrolling=\"no\"><\/iframe>\n<\/div><\/figure>\n\n\n\n<p>Con una mirada cr\u00edtica, advierte sobre<strong> el encierro del peronismo y la p\u00e9rdida de capacidad para interpelar a sectores productivos y trabajadores. <\/strong>\u201cEst\u00e1 muy tomado por el pasado y tiene poca mirada de futuro\u201d se\u00f1al\u00f3 en un mano a mano con INFOCIELO.<\/p>\n\n\n\n<p>Pese a ese contexto<strong>, Jos\u00e9 Eseverri destaca en la figura de Axel Kicillof en\u00a0 medio de \u201cuna enorme austeridad para el coraje en el peronismo\u201d y\u00a0 enumera los debates que deber\u00e1 asumir Uni\u00f3n por la Patria para construir \u201cuna alternativa que genere esperanza y futuro en la Argentina\u201d.<\/strong><\/p>\n\n\n\n<p>Afirma que no pretende ir en la b\u00fasqueda de una candidatura pero s\u00ed \u201caportar mi experiencia\u201d como intendente y legislador provincial.<\/p>\n\n\n\n<p><strong><em>\u2013 Estuviste en Tapalqu\u00e9 y hac\u00eda tiempo que no se te ve\u00eda en una reuni\u00f3n m\u00e1s de tipo pol\u00edtico. Recuerdo alguna presencia m\u00e1s institucional pero nunca asociada a un tipo de discusiones.\u00a0 \u00bfQu\u00e9 te motiv\u00f3 a participar y qu\u00e9 lectura haces de ese encuentro?<\/em><\/strong><\/p>\n\n\n\n<p>Es la primera reuni\u00f3n de discusi\u00f3n pol\u00edtica a la que concurro despu\u00e9s que dej\u00e9 la municipalidad. Fue una invitaci\u00f3n que me hizo el intendente de Tapalqu\u00e9 \u2013 Gustavo Cocconi- y despu\u00e9s Liliana Schwindt,&nbsp; Walter Abarca, Jos\u00e9 Gonz\u00e1lez Hueso, con quienes mantengo un di\u00e1logo peri\u00f3dico sobre cuestiones de pol\u00edtica.<\/p>\n\n\n\n<p>Y la verdad que me vine gratamente sorprendido de la posibilidad que el peronismo sea consciente de los problemas que tiene en el presente y de la necesidad y responsabilidad que tiene con la Argentina de construir una alternativa frente al gobierno de Milei de cara al 2027.<\/p>\n\n\n\n<p><strong><em>-En tu intervenci\u00f3n en el plenario de Tapalqu\u00e9 planteaste la necesidad de un peronismo que deje las discusiones cerradas y que se acerque a los problemas de distintos actores de la comunidad. \u00bfV\u00e9s ah\u00ed un tema a resolver?<\/em><\/strong><\/p>\n\n\n\n<p>Es evidente que hoy el PJ nacional tiene una conducci\u00f3n en cabeza de Cristina, que a su vez tiene gobernadores que no se sienten representados por esa conducci\u00f3n.<\/p>\n\n\n\n<p>M\u00e1ximo conduce el PJ de la provincia de Buenos Aires y la gran mayor\u00eda de los intendentes del peronismo no se sienten representados por esa conducci\u00f3n. Es un tema de legitimidad, de percepci\u00f3n de la realidad donde hay una conducci\u00f3n que no refleja lo que son los actores territoriales del peronismo, tanto a nivel nacional como a nivel provincial. El peronismo arrastra algunas conductas que han sido muy nocivas y muy da\u00f1inas con los propios gobiernos peronistas.<\/p>\n\n\n\n<p>Primero fue Scioli v\u00edctima de eso, luego Alberto. M\u00e1s all\u00e1 de la opini\u00f3n que nos puede haber generado su gobierno hubo tambi\u00e9n zancadillas permanentemente. Las cuestiones p\u00fablicas, un d\u00eda te renunciaban todos los ministros. Ese da\u00f1o a la legitimidad de quienes son o gobernador o presidente o candidatos y despu\u00e9s no se respeta esa autoridad construida. El peronismo tiene que ir a otro esquema, a otras conductas organizacionales. El peronismo tiene una evidente falta de debate que se vio claro en el gobierno de Alberto y hoy est\u00e1 mucho m\u00e1s claro cuando sos la oposici\u00f3n y no ten\u00e9s capacidad de mostrarte como una alternativa que genere esperanza y futuro en la Argentina.<\/p>\n\n\n\n<p>Estamos mirando el pasado. Lo que fue el gobierno de Cristina, lo que fueron los \u00e9xitos de esa d\u00e9cada, pero no estamos mirando el futuro. Y hay que mirarlo con los ojos de la realidad y de lo que est\u00e1 haciendo Milei hoy en la Argentina. Y para eso no parece estar preparado el peronismo.<\/p>\n\n\n\n<p>El peronismo est\u00e1 muy tomado por el pasado y tiene poca mirada de futuro. La sociedad lo ve y hoy por eso el peronismo no es alternativo. Adem\u00e1s, y esto lo marqu\u00e9 claramente los otros d\u00edas y puede ser pol\u00e9mico, el peronismo est\u00e1 muy encerrado y su \u00fanico contacto parece ser los empleados p\u00fablicos.<\/p>\n\n\n\n<figure class=\"wp-block-image size-large\"><img data-recalc-dims=\"1\" loading=\"lazy\" decoding=\"async\" width=\"800\" height=\"534\" src=\"https:\/\/i0.wp.com\/cdnoticias.com\/wp-content\/uploads\/2025\/05\/eseverri.jpg?resize=800%2C534&#038;ssl=1\" alt=\"\" class=\"wp-image-171344\" srcset=\"https:\/\/i0.wp.com\/cdnoticias.com\/wp-content\/uploads\/2025\/05\/eseverri.jpg?resize=1024%2C683&amp;ssl=1 1024w, https:\/\/i0.wp.com\/cdnoticias.com\/wp-content\/uploads\/2025\/05\/eseverri.jpg?resize=300%2C200&amp;ssl=1 300w, https:\/\/i0.wp.com\/cdnoticias.com\/wp-content\/uploads\/2025\/05\/eseverri.jpg?resize=768%2C512&amp;ssl=1 768w, https:\/\/i0.wp.com\/cdnoticias.com\/wp-content\/uploads\/2025\/05\/eseverri.jpg?resize=272%2C182&amp;ssl=1 272w, https:\/\/i0.wp.com\/cdnoticias.com\/wp-content\/uploads\/2025\/05\/eseverri.jpg?w=1068&amp;ssl=1 1068w\" sizes=\"auto, (max-width: 800px) 100vw, 800px\" \/><\/figure>\n\n\n\n<p><strong><em>\u2013 Parece envuelto \u00fanicamente en una discusi\u00f3n de microclimas\u2026<\/em><\/strong><\/p>\n\n\n\n<p>Es muy importante el Estado. Son importantes los empleados p\u00fablicos, pero tambi\u00e9n es muy importante lo que le pasa a nuestro vecino el comerciante, el pyme, el productor agropecuario, el trabajador. El trabajador sindicalizado que vot\u00f3 a Milei en las \u00faltimas elecciones. Hay que preguntarle \u00bfpor qu\u00e9 vot\u00f3 a Milei?. Entender lo que nos pas\u00f3 siendo gobierno.<\/p>\n\n\n\n<p>Y yo creo que a la Argentina hoy le est\u00e1 yendo muy mal. Las familias argentinas lo est\u00e1n empezando a ver en sus casas, en su vida cotidiana. Las pymes y las empresas lo ven en su vida cotidiana. Porque hay como un nuevo consenso post 2001 que surge despu\u00e9s del final de Massa, de la inflaci\u00f3n del 200% anual, donde la Argentina pareciera que est\u00e1 dispuesta a pagar, transversalmente inclusive, cualquier costo en funci\u00f3n de no tener inflaci\u00f3n.<\/p>\n\n\n\n<p>Esto significa que los pr\u00f3ximos gobiernos van a tener que tener una enorme disciplina fiscal.&nbsp; Hay que resolver una discusi\u00f3n de cu\u00e1l es el tama\u00f1o y la dimensi\u00f3n del Estado que estamos dispuestos a financiar y cu\u00e1l es el Estado posible que la Argentina puede financiar. Porque si todo va a ser emisi\u00f3n ya sabemos que eso es inflaci\u00f3n. Pero tambi\u00e9n sabemos que si no es endeudamiento. Y hasta ahora esa receta no ha cambiado.<\/p>\n\n\n\n<p>El Estado tiene que tener un tama\u00f1o que la sociedad lo pueda financiar. Para eso necesitas seguramente crecer, desarrollarte y eso no est\u00e1 en el programa econ\u00f3mico de Milei. Es una econom\u00eda que est\u00e1 afincada en dos grandes sostenes. Uno el financiero, que se aguanta hasta que te sigan prestando plata y el d\u00eda que te dejan de prestar plata, sonaste. Ya lo vivimos con Macri y lo vamos a volver a vivir ahora. Y el segundo es un desarrollo econ\u00f3mico fundado exclusivamente en el petr\u00f3leo, el litio y el gas. Eso a las provincias productivas agropecuarias o industriales, como la provincia de Buenos Aires, C\u00f3rdoba, Santa Fe, Entre R\u00edos, Corrientes, nos deja fuera, absolutamente afuera.<\/p>\n\n\n\n<p>Por eso estas provincias tienen que generar una alternativa transversal. Los gobernadores no son del mismo espacio pol\u00edtico. Sus dirigentes pol\u00edticos tienen distintas formaciones, pero bueno, creo que hay tiempo de cara al 2027 y esto se trata de organizar una alternativa seria, responsable, que le d\u00e9 garant\u00edas de estabilidad a los argentinos pero tambi\u00e9n que promueve el crecimiento y el desarrollo.<\/p>\n\n\n\n<p><strong><em>\u2013 \u00bfVes que la gesti\u00f3n de Axel Kicillof sufre ese mismo desgaste interno por la pelea del liderazgo?<\/em><\/strong><\/p>\n\n\n\n<p>A m\u00ed me parece que alg\u00fan sector de la interna del peronismo encontr\u00f3 un tema sumamente est\u00fapido y menor como es la fecha de las elecciones, para discutir, desde hace dos meses, la pol\u00edtica en la provincia de Buenos Aires mientras se te cae a pedazos el comercio, la industria, el empleo. Me parece un tema absolutamente menor frente a la gravedad de los problemas que tenemos en Argentina.<\/p>\n\n\n\n<p>Es una buena oportunidad para discutir la provincia de Buenos Aires, los municipios, y separarlo de la discusi\u00f3n nacional. Y creo que el gobernador tom\u00f3 las decisiones correctas. Le cost\u00f3 mucho. Le han puesto trabas \u2013 permanentemente- para llegar a esto pero es lo que est\u00e1n haciendo los gobernadores de todo el pa\u00eds.<\/p>\n\n\n\n<p>Los gobernadores de todo el pa\u00eds est\u00e1n provincializando, municipalizando las discusiones. Y para la discusi\u00f3n de octubre, que es nacional, el peronismo no tiene saldada una propuesta.&nbsp; No va a ser una elecci\u00f3n f\u00e1cil para el peronismo. Porque si no ten\u00e9s una propuesta no pod\u00e9s ser alternativo.<\/p>\n\n\n\n<p>En el medio van a estar las elecciones provinciales y los que pretendan ser candidatos manifestar\u00e1n su vocaci\u00f3n, sus aspiraciones y dem\u00e1s. Y lo que el gobernador busca es respeto en esa mesa de la discusi\u00f3n de las candidaturas provinciales, que no estuvo en las anteriores listas. Me parece un reclamo absolutamente leg\u00edtimo. Hablamos de alguien que gan\u00f3 dos veces la provincia de Buenos Aires, que es el dirigente nacional m\u00e1s importante del peronismo, porque es el gobernador de la provincia m\u00e1s importante que gobierna el peronismo y como tal debe ser respetado.<\/p>\n\n\n\n<p>De la misma manera que tienen que ser respetados los intendentes. Hay algunos compa\u00f1eros que est\u00e1n sac\u00e1ndole concejales a algunos intendentes peronistas, haciendo alguna zancadilla en los municipios y esto me parece absolutamente nocivo. Hay cosas que hay que discutir adentro, generar los espacios de discusi\u00f3n que hoy no existen en el peronismo para resolver esas cuestiones. Pero no podemos trasladar eso a la sociedad.<\/p>\n\n\n\n<figure class=\"wp-block-image size-large\"><img data-recalc-dims=\"1\" loading=\"lazy\" decoding=\"async\" width=\"800\" height=\"495\" src=\"https:\/\/i0.wp.com\/cdnoticias.com\/wp-content\/uploads\/2021\/03\/DSC_9538.jpg?resize=800%2C495&#038;ssl=1\" alt=\"\" class=\"wp-image-15019\" srcset=\"https:\/\/i0.wp.com\/cdnoticias.com\/wp-content\/uploads\/2021\/03\/DSC_9538.jpg?resize=1024%2C633&amp;ssl=1 1024w, https:\/\/i0.wp.com\/cdnoticias.com\/wp-content\/uploads\/2021\/03\/DSC_9538.jpg?resize=300%2C186&amp;ssl=1 300w, https:\/\/i0.wp.com\/cdnoticias.com\/wp-content\/uploads\/2021\/03\/DSC_9538.jpg?resize=768%2C475&amp;ssl=1 768w, https:\/\/i0.wp.com\/cdnoticias.com\/wp-content\/uploads\/2021\/03\/DSC_9538.jpg?w=1600&amp;ssl=1 1600w, https:\/\/i0.wp.com\/cdnoticias.com\/wp-content\/uploads\/2021\/03\/DSC_9538.jpg?w=2400&amp;ssl=1 2400w\" sizes=\"auto, (max-width: 800px) 100vw, 800px\" \/><\/figure>\n\n\n\n<p><strong><em>\u2013 En este esquema est\u00e1 la posibilidad de Cristina como candidata en la Tercera secci\u00f3n<\/em><\/strong><\/p>\n\n\n\n<p>Me parece una chicana menor. Una falta de respeto a la historia de Cristina. Ni Chiche Duhalde se anim\u00f3 a ser candidata a diputada provincial.<\/p>\n\n\n\n<p>En el derrumbe del duhaldismo, en su peor momento Duhalde no jug\u00f3 la carta de su mujer para ser candidata en la tercera secci\u00f3n electoral. A m\u00ed me parece que los sectores m\u00e1s cercanos a Cristina tienen un claro problema de competitividad y de influencia en el peronismo que viene. Porque son parte del peronismo que fracas\u00f3.<\/p>\n\n\n\n<p>Hay que ser mucho m\u00e1s humilde, mucho m\u00e1s inteligente. No podes llevar a una dirigente de la envergadura de Cristina, que sigue diciendo cosas absolutamente interesantes para agendarse en la discusi\u00f3n pol\u00edtica que viene en la Argentina. Y su \u00faltima carta es un ejemplo de eso.<\/p>\n\n\n\n<p>Mandarla de candidata a la Tercera es terminar siendo un sector vecinal de la tercera secci\u00f3n electoral.&nbsp; Me parece una falta de respeto para la propia Cristina. Es no cuidarla. Los que la quieren cuidar no la cuidan. La quieren usar.<\/p>\n\n\n\n<p><strong><em>\u2013 El kirchnerismo habla de un error de estrategia separar la elecci\u00f3n nacional de la provincial porque creen que la discusi\u00f3n est\u00e1 nacionalizada en torno a Milei \u00bfCrees que puede ser riesgoso ello separar los comicios?<\/em><\/strong><\/p>\n\n\n\n<p>Me parece que alguna vez hab\u00eda que dar el salto de esta discusi\u00f3n. Desde la reforma constitucional del 94 la provincia de Buenos Aires estuvo intervenida por las organizaciones nacionales para todos los partidos. El PRO llev\u00f3 de gobernadora quien en ese momento era la vicejefa de gobierno de la ciudad de Buenos Aires.<\/p>\n\n\n\n<p>Scioli estaba a punto de ser candidato en la ciudad de Buenos Aires y termin\u00f3 siendo candidato en la provincia de Buenos Aires. Axel que camin\u00f3 la provincia, la recorri\u00f3 la provincia durante dos a\u00f1os ven\u00eda de ser diputado nacional por la ciudad de Buenos Aires. Entonces, \u00bfPor qu\u00e9 eso? Porque no hay una discusi\u00f3n bonaerense. No hay una capacidad de las fuerzas pol\u00edticas bonaerenses de construir liderazgos bonaerenses.<\/p>\n\n\n\n<p>F\u00edjate lo que le pasa a M\u00e1ximo. M\u00e1ximo no es un l\u00edder del peronismo en la provincia de Buenos Aires. Es un actor important\u00edsimo, que lo tienen que respetar y dem\u00e1s pero no es el conductor del peronismo en la provincia de Buenos Aires. Porque no hay una discusi\u00f3n bonaerense.<\/p>\n\n\n\n<p>A m\u00ed me parece que dividir las elecciones permite eso. Vos sab\u00e9s que en C\u00f3rdoba conduce el gobernador, sab\u00e9s que en Entre R\u00edos conduce el gobernador, sab\u00e9s que en Santa Fe conduce el gobernador, que en Santa Cruz conduce el gobernador.<\/p>\n\n\n\n<p>\u00bfEn la provincia de Buenos Aires? Y puede ser, pero tal vez que no.&nbsp; Porque siempre las organizaciones nacionales, desde las conducciones nacionales, defin\u00edan qu\u00e9 se hac\u00eda en la provincia de Buenos Aires.<\/p>\n\n\n\n<p>Esto va a obligar a un salto de madurez. Los intendentes, los funcionarios, los dirigentes bonaerenses van a tener que caminar la provincia de Buenos Aires de otra manera e instalarse como candidatos bonaerenses, discutir los temas de la provincia de Buenos Aires que siempre quedaban tapados por los temas nacionales. Hoy Axel est\u00e1 haciendo una enorme gesti\u00f3n, a pesar de ser el gobernador m\u00e1s castigado de los \u00faltimos 40 a\u00f1os por el gobierno central. Nunca le han sacado tantos recursos a un gobernador como se lo han sacado a Axel ahora.<\/p>\n\n\n\n<p>Y el tipo la sigue llevando, sigue pagando los sueldos, sigue haciendo la gesti\u00f3n en la medida posible, sigue ordenando la provincia de Buenos Aires. Tiene un m\u00e9rito enorme. No me gustar\u00eda estar en los zapatos de un gobernador que tiene que gobernar con las limitaciones que tiene y con los problemas sociales y econ\u00f3micos que le ha generado este gobierno a la provincia de Buenos Aires.<\/p>\n\n\n\n<p>Y lo mismo le va a pasar a los intendentes. Los intendentes no van a salvarse por ser parte de una organizaci\u00f3n pol\u00edtica o ir enganchado en la boleta de Juan o de Pedro. Van a tener que demostrar que est\u00e1n capacitados para ser intendente en sus ciudades, o los concejales ser representativos de los vecinos de sus ciudades.<\/p>\n\n\n\n<p>Me parece que es una discusi\u00f3n interesante que enriquece la pol\u00edtica. En un momento que la pol\u00edtica est\u00e1 empezando a transitar una etapa de much\u00edsimo descreimiento que primero se manifiesta en la extensi\u00f3n electoral y luego en la bronca.<\/p>\n\n\n\n<p>Esto es un camino que si la econom\u00eda no mejora s\u00ed o s\u00ed se va a producir en la Argentina.<\/p>\n\n\n\n<p><strong><em>\u2013 \u00bfEs posible la unidad en el peronismo bonaerense? \u00bfO es un momento de quiebre?<\/em><\/strong><\/p>\n\n\n\n<p>De lo que escuch\u00e9 ah\u00ed \u2013 por el plenario del axelismo-&nbsp; porque es la primera vez que participo en una reuni\u00f3n as\u00ed lo se est\u00e1 buscando que se respete al gobernador, a quienes vayan a defender los intereses del gobernador en la Legislatura de la provincia.<\/p>\n\n\n\n<p>Hay que defender a los intendentes que el peronismo tiene en toda la provincia de Buenos Aires y algunos vecinalistas que se han sumado al esquema del gobernador. Y en paralelo ir construyendo esta discusi\u00f3n de una alternativa moderna, transformadora, a nivel nacional desde la provincia de Buenos Aires.<\/p>\n\n\n\n<p>El peronismo ha sido un partido transformador que se ha vuelto un partido conservador. Y tal vez el peronismo m\u00e1s conservador sea el de la provincia de Buenos Aires. Porque los equilibrios internos te impiden la discusi\u00f3n pol\u00edtica y te impiden la generaci\u00f3n de pol\u00edticas transformadoras.<\/p>\n\n\n\n<p>Entonces no tocamos la salud, no tocamos la seguridad, no tocamos la educaci\u00f3n y seguimos m\u00e1s o menos gobernando porque seguimos surfeando la ola. Y tal vez ha llegado el momento de empezar a discutir de otra manera estas cuestiones centrales. Y yo creo que la provincia de Buenos Aires se merece una discusi\u00f3n.<\/p>\n\n\n\n<p>No sumando capas geol\u00f3gicas de empleados p\u00fablicos. Un solo ejemplo. El sistema educativo bonaerense es m\u00e1s o menos el mismo en los \u00faltimos 40 a\u00f1os. Lo que ha hecho es sumar en el medio capas geol\u00f3gicas de directores distritales o jefes distritales, jefes regionales, jefes de no s\u00e9 qu\u00e9, inspectores de no s\u00e9 cu\u00e1nto. Y la verdad que la realidad del sistema educativo bonaerense no le cambia la vida a ninguno de los pibes. No estamos bien.<\/p>\n\n\n\n<p>Esto que los chicos de tercer grado no logran comprender un texto no es una buena noticia para el sistema educativo. \u00bfHay que flagelarse? No. Hay que cambiar, poner el acento donde hay que ponerlo, que es la capacitaci\u00f3n docente, el rol de la educaci\u00f3n en la Provincia de Buenos Aires.<\/p>\n\n\n\n<p>Y lo mismo te dir\u00eda en la salud. Cuando la salud pone el acento en ponerle ambulancias a los municipios y ten\u00e9s un problema. \u00bfCu\u00e1l es? Que no te podes atender en tu pueblo. Te tiene que llevar de otro lado. Hay dos o tres lugares en la Provincia de Buenos Aires que tienen algo de calidad en la atenci\u00f3n sanitaria.<\/p>\n\n\n\n<p>El resto tiene que derivarse todo. Y esto nos ha ido pasando en los \u00faltimos a\u00f1os en Olavarr\u00eda. La ciudad era uno de los centros de la Provincia de Buenos Aires mejor equipados en materia de salud. Hoy no lo somos.<\/p>\n\n\n\n<p>Lamentablemente, porque ha habido decisiones de un gobierno municipal que no enriqueci\u00f3 esa pol\u00edtica. Que no sostuvo una pol\u00edtica que se desarroll\u00f3 en 40 a\u00f1os. Bueno, estamos pagando las consecuencias y las vamos a pagar. Y no se resuelve de un d\u00eda para el otro. Porque ten\u00e9s que empezar a arreglar los techos en vez de comprarte un tom\u00f3grafo nuevo o un resonador nuevo. Todo esto que le ha pasado al Estado necesita una discusi\u00f3n pol\u00edtica.<\/p>\n\n\n\n<figure class=\"wp-block-image size-large\"><img data-recalc-dims=\"1\" loading=\"lazy\" decoding=\"async\" width=\"800\" height=\"445\" src=\"https:\/\/i0.wp.com\/cdnoticias.com\/wp-content\/uploads\/2024\/04\/marcha-universitaria-eseverri-1024x570.jpg?resize=800%2C445&#038;ssl=1\" alt=\"\" class=\"wp-image-114373\" srcset=\"https:\/\/i0.wp.com\/cdnoticias.com\/wp-content\/uploads\/2024\/04\/marcha-universitaria-eseverri-scaled.jpg?resize=1024%2C570&amp;ssl=1 1024w, https:\/\/i0.wp.com\/cdnoticias.com\/wp-content\/uploads\/2024\/04\/marcha-universitaria-eseverri-scaled.jpg?resize=300%2C167&amp;ssl=1 300w, https:\/\/i0.wp.com\/cdnoticias.com\/wp-content\/uploads\/2024\/04\/marcha-universitaria-eseverri-scaled.jpg?resize=768%2C427&amp;ssl=1 768w, https:\/\/i0.wp.com\/cdnoticias.com\/wp-content\/uploads\/2024\/04\/marcha-universitaria-eseverri-scaled.jpg?resize=1536%2C855&amp;ssl=1 1536w, https:\/\/i0.wp.com\/cdnoticias.com\/wp-content\/uploads\/2024\/04\/marcha-universitaria-eseverri-scaled.jpg?resize=2048%2C1140&amp;ssl=1 2048w, https:\/\/i0.wp.com\/cdnoticias.com\/wp-content\/uploads\/2024\/04\/marcha-universitaria-eseverri-scaled.jpg?resize=800%2C445&amp;ssl=1 800w, https:\/\/i0.wp.com\/cdnoticias.com\/wp-content\/uploads\/2024\/04\/marcha-universitaria-eseverri-scaled.jpg?w=1600&amp;ssl=1 1600w, https:\/\/i0.wp.com\/cdnoticias.com\/wp-content\/uploads\/2024\/04\/marcha-universitaria-eseverri-scaled.jpg?w=2400&amp;ssl=1 2400w\" sizes=\"auto, (max-width: 800px) 100vw, 800px\" \/><\/figure>\n\n\n\n<p><strong><em>-\u00bfPor qu\u00e9 parece que ha pasado que los gobiernos solo pueden gestionar a corto plazo y no pueden pensar estas cosas?<\/em><\/strong><\/p>\n\n\n\n<p>Porque no ha estado la discusi\u00f3n puesta ah\u00ed. Porque esto se solucionaba con la discusi\u00f3n de las pol\u00edticas nacionales. Entonces un d\u00eda te encontraste con Vidal, que no viv\u00eda en la Provincia de Buenos Aires y trajo un equipo de porte\u00f1os a gobernar la Provincia de Buenos Aires. Era el momento de Macri y qu\u00e9 s\u00e9 yo. Bueno, despu\u00e9s lo pag\u00e1s. Y al Peronismo le ha pasado lo mismo. El Peronismo tambi\u00e9n necesita volver a discutir el rol de la Provincia de Buenos Aires.<\/p>\n\n\n\n<p>\u00bfQu\u00e9 Estado queremos? \u00bfCu\u00e1nto Estado queremos? \u00bfPor qu\u00e9 no tuvo ning\u00fan ciclo modernizador? Los gobiernos nacionales tuvieron ciclos modernizadores. Ten\u00e9s una AFIP absolutamente distinta a la que ten\u00edas hace 40 a\u00f1os atr\u00e1s, un RENAPER distinto. Ten\u00e9s un ANSES distinto.<\/p>\n\n\n\n<p>Pero en la Provincia de Buenos Aires no tuviste ese correlato. Tal vez lo m\u00e1s moderno que tenga la Provincia de Buenos Aires sea ARBA, que fue la reforma que hizo Santiago Montoya en la \u00e9poca de Felipe \u2013 Sol\u00e1- hace 20 a\u00f1os atr\u00e1s.&nbsp; Pero es muy dif\u00edcil llegar al expediente digital. Todav\u00eda hay cosas que se hacen en papel en la Provincia de Buenos Aires. Absolutamente inconcebible.<\/p>\n\n\n\n<p><strong><em>-Te cambi\u00f3 mucho la visi\u00f3n al pasar al sector privado\u2026<\/em><\/strong><\/p>\n\n\n\n<p>Absolutamente. Yo hoy entiendo lo que sufre un empresario cuando el contador le manda el 931. Hoy lo entiendo. El tipo no puede pagar. Con lo que est\u00e1 vendiendo no puede pagar.<\/p>\n\n\n\n<p>Hoy mir\u00e1s al empleado de comercio, pobrecito, que est\u00e1 mirando el tel\u00e9fono todo el d\u00eda porque no entra nadie a comprar nada en ning\u00fan comercio de la ciudad. Hoy escuch\u00e1s al transportista que se qued\u00f3 sin viaje. Y vos no ves que la pol\u00edtica est\u00e9 atendiendo eso.<\/p>\n\n\n\n<p>No ves que los concejales de Olavarr\u00eda est\u00e9n preocupados por el desastre que est\u00e1 pasando en nuestra ciudad. Un desastre silencioso. Que nos est\u00e1 lastimando much\u00edsimo. Much\u00edsimo. Sin perspectivas de que cambie.<\/p>\n\n\n\n<p>Porque hay una concepci\u00f3n de la obra p\u00fablica que a nosotros como ciudadanos destruye donde el Estado Nacional est\u00e1 dispuesto a no poner un solo peso. Entonces, \u00bfqui\u00e9n va a poner esa plata? \u00bfEl sector privado? Para eso necesitas un riesgo de pa\u00eds en 200 puntos, 300 puntos.<\/p>\n\n\n\n<p>Y garant\u00eda de estabilidad en los contratos y tiempo. Mucho tiempo que la Argentina genere confianza que los contratos no se van a romper. Nadie va a venir a ponerle a la Argentina los 30.000 o 40.000 millones de d\u00f3lares que necesita la obra p\u00fablica para solucionar el problema de rutas, los problemas de puertos, la salida a los puertos gas\u00edferos que hay que hacer.<\/p>\n\n\n\n<p>Y hoy el Gobierno Nacional no tiene ni la conducci\u00f3n del Congreso. Tuvo un enorme fracaso con el intento de integraci\u00f3n de la Corte Nacional. Enorme fracaso que tiene enormes consecuencias para las inversiones privadas. Porque nadie sabe esa Corte qu\u00e9 es lo que va a fallar. Hace un a\u00f1o y cinco meses que tiene en tratamiento el Decreto 70 y las reformas laborales y no lo ha tratado. No se sabe cu\u00e1les son las reglas del juego del derecho laboral en la Argentina.se sabe cu\u00e1les son las reglas del<\/p>\n\n\n\n<p>A todo eso la oposici\u00f3n a su vez no tiene discutidas estas cosas. El peronismo debe discutir el tama\u00f1o del Estado, c\u00f3mo lo vamos a financiar. Cu\u00e1les van a ser las leyes laborales que van a regir en la Argentina. Tiene que discutir cu\u00e1l es la reforma tributaria que el peronismo quisiera hacer. F\u00edjate que pasaron toda la d\u00e9cada de N\u00e9stor, Cristina y el gobierno de Alberto.<\/p>\n\n\n\n<p>Sin reformas tributarias y se ha ido haciendo cada vez m\u00e1s complejo el sistema tributario argentino. Y cada vez m\u00e1s dif\u00edcil para entender para un empresario que no termina de pagar nunca los impuestos.<\/p>\n\n\n\n<p>Estas son discusiones que el peronismo tiene que tener. Cristina ha llegado a plantear cosas muy audaces. Pero Cristina tira un centro, una pared y te vuelven un ladrillo. La \u00faltima carta de Cristina plantea las relaciones del peronismo con el mundo laboral, con la representaci\u00f3n sindical, la relaci\u00f3n del peronismo con las organizaciones sociales, la relaci\u00f3n del peronismo con la educaci\u00f3n, con el tema de la seguridad. Son discusiones audaces.<\/p>\n\n\n\n<p>Cristina llega a decir algo que lo ven\u00eda diciendo Mayra Arena hace un tiempo que la sociedad percibe que hasta el empleado p\u00fablico municipal es un privilegiado. Porque tiene estabilidad, porque en la pandemia no trabaj\u00f3. Un mont\u00f3n de cosas que no le pasaron al resto de la Argentina. Estamos hablando de trabajadores que ganan 600 mil pesos y est\u00e1n destruidos. Pero digo, ojo con las percepciones de la gente. Y estas discusiones el peronismo no las tiene.<\/p>\n\n\n\n<p>\u00bfEsa discusi\u00f3n fue posible este tiempo? No, porque el tipo que discut\u00eda lo echaban por traidor. No hab\u00eda ning\u00fan \u00e1mbito. Ac\u00e1 hab\u00eda que decirle que s\u00ed a Cristina, hab\u00eda que decirle que s\u00ed Juan P\u00e9rez, al que era el conductor de cada espacio. Era imposible as\u00ed. Era imposible. Ahora, hemos terminado con una enorme pobreza conceptual y una enorme pobreza de propuestas.<\/p>\n\n\n\n<p>La gente ya se dio cuenta, te pic\u00f3 el boleto, ten\u00e9s que desandar ese camino. Si no\u2026<\/p>\n\n\n\n<p><strong><em>\u2013 En este escenario que describ\u00eds \u00bften\u00e9s ganas de volver a participar en pol\u00edtica?<\/em><\/strong><\/p>\n\n\n\n<p>No estoy en la b\u00fasqueda de ninguna candidatura ni pretendo eso. S\u00ed, la verdad, aportar. Aportar mi experiencia. Fui 6 a\u00f1os senador, 8 a\u00f1os intendente. Tengo un recorrido en la pol\u00edtica. He podido interactuar con muchos de los dirigentes nacionales del peronismo que hoy no tienen chance de poder reinsertarse en la sociedad, en la discusi\u00f3n pol\u00edtica, aunque ellos quieran.<\/p>\n\n\n\n<p>La gente les pic\u00f3 el boleto. No solo les pic\u00f3 el boleto, me parece que no tienen ninguna capacidad de persuadir a la sociedad.<\/p>\n\n\n\n<p>Y esto me entusiasma de Axel. Porque es un tipo que est\u00e1 demostrando tener valor, que en el peronismo faltaba. Porque hay una enorme austeridad para el coraje en el peronismo.<\/p>\n\n\n\n<p>Nadie se animaba a encarar la discusi\u00f3n pol\u00edtica. Y Hay que separarla de la discusi\u00f3n personal. No tiene que ser una discusi\u00f3n personal con Cristina o con M\u00e1ximo o con Juan P\u00e9rez. Tiene que ser una discusi\u00f3n conceptual. \u00bfQu\u00e9 pa\u00eds quer\u00e9s para el pr\u00f3ximo cuarto de siglo? Ya nos perdimos un cuarto de siglo donde la Argentina en los \u00faltimos 10 a\u00f1os, 12 o 13, no creci\u00f3. Fuimos parte y no distribuimos mejor el ingreso ni le creci\u00f3 el ingreso en el \u00faltimo gobierno peronista a los trabajadores argentinos.<\/p>\n\n\n\n<p>Tenemos que discutir estas cosas. Y ah\u00ed lo veo a Axel bien. Tiene un pasado, como todo el mundo pero tambi\u00e9n tiene algo que es el coraje, la honestidad que es un valor sumamente importante para poder pararse de cara a la sociedad. Una cosa son los errores del gobierno y otra cosa es la deshonestidad. Y creo que si \u00e9l sostiene una idea de poder hacer un espacio transversal, nacional, con independencia de las candidaturas, me parece una enorme oportunidad y el cumplimiento de una responsabilidad Argentina tiene que tener una alternativa que hoy no est\u00e1 presente.<\/p>\n","protected":false},"excerpt":{"rendered":"<p>El ex intendente de Olavarr\u00eda, Jos\u00e9 Eseverri, hizo declaraciones p\u00fablicas con Infocielo. Su an\u00e1lisis sobre la situaci\u00f3n del peronismo bonaerense.<\/p>\n","protected":false},"author":2,"featured_media":102664,"comment_status":"closed","ping_status":"closed","sticky":false,"template":"","format":"standard","meta":{"_jetpack_memberships_contains_paid_content":false,"footnotes":""},"categories":[4,1],"tags":[],"class_list":["post-171343","post","type-post","status-publish","format-standard","has-post-thumbnail","hentry","category-politica","category-portada"],"jetpack_featured_media_url":"https:\/\/i0.wp.com\/cdnoticias.com\/wp-content\/uploads\/2023\/11\/eseverri-olavarria2-scaled.jpg?fit=2560%2C1440&ssl=1","jetpack_sharing_enabled":true,"_links":{"self":[{"href":"https:\/\/cdnoticias.com\/index.php\/wp-json\/wp\/v2\/posts\/171343","targetHints":{"allow":["GET"]}}],"collection":[{"href":"https:\/\/cdnoticias.com\/index.php\/wp-json\/wp\/v2\/posts"}],"about":[{"href":"https:\/\/cdnoticias.com\/index.php\/wp-json\/wp\/v2\/types\/post"}],"author":[{"embeddable":true,"href":"https:\/\/cdnoticias.com\/index.php\/wp-json\/wp\/v2\/users\/2"}],"replies":[{"embeddable":true,"href":"https:\/\/cdnoticias.com\/index.php\/wp-json\/wp\/v2\/comments?post=171343"}],"version-history":[{"count":0,"href":"https:\/\/cdnoticias.com\/index.php\/wp-json\/wp\/v2\/posts\/171343\/revisions"}],"wp:featuredmedia":[{"embeddable":true,"href":"https:\/\/cdnoticias.com\/index.php\/wp-json\/wp\/v2\/media\/102664"}],"wp:attachment":[{"href":"https:\/\/cdnoticias.com\/index.php\/wp-json\/wp\/v2\/media?parent=171343"}],"wp:term":[{"taxonomy":"category","embeddable":true,"href":"https:\/\/cdnoticias.com\/index.php\/wp-json\/wp\/v2\/categories?post=171343"},{"taxonomy":"post_tag","embeddable":true,"href":"https:\/\/cdnoticias.com\/index.php\/wp-json\/wp\/v2\/tags?post=171343"}],"curies":[{"name":"wp","href":"https:\/\/api.w.org\/{rel}","templated":true}]}}